{"id":59133,"date":"2019-08-25T14:01:02","date_gmt":"2019-08-25T18:01:02","guid":{"rendered":"https:\/\/linitiative.ca\/International\/ligue-des-champions-un-tres-bon-adversaire-pour-letoile-du-sahel-en-16e-de-finale\/"},"modified":"2019-08-25T14:01:02","modified_gmt":"2019-08-25T18:01:02","slug":"ligue-des-champions-un-tres-bon-adversaire-pour-letoile-du-sahel-en-16e-de-finale","status":"publish","type":"post","link":"https:\/\/linitiative.ca\/International\/ligue-des-champions-un-tres-bon-adversaire-pour-letoile-du-sahel-en-16e-de-finale\/","title":{"rendered":"Ligue des Champions : un tr\u00e8s bon adversaire pour l\u2019Etoile du Sahel en 16e de finale"},"content":{"rendered":"<div class=\"post-cont-in left relative\">\n<div class=\"swp_social_panel swp_horizontal_panel swp_flat_fresh swp_default_full_color swp_individual_full_color swp_other_full_color scale-100 scale-\" data-min-width=\"1100\" data-float-color=\"#ffffff\" data-float=\"none\" data-float-mobile=\"none\" data-transition=\"slide\">\n<div class=\"nc_tweetContainer swp_share_button total_shares total_sharesalt\"><span class=\"swp_count\">8 <span class=\"swp_label\">Partages<\/span><\/span><\/div>\n<\/div>\n<p><span data-contrast=\"auto\">Apr\u00e8s avoir valid\u00e9 le visa de qualification en 16\u00e8mes de finale de la Ligue des Champions d\u2019Afrique, l\u2019Etoile Sportive du Sahel affrontera\u00a0<\/span><span data-contrast=\"auto\">au prochain tour les Ghan\u00e9ens de l\u2019<\/span><span data-contrast=\"auto\">Asante<\/span><span data-contrast=\"auto\">\u00a0Kotoko<\/span><span data-contrast=\"auto\">.<\/span><span data-contrast=\"auto\">\u00a0<\/span><span data-ccp-props=\"{\"201341983\":0,\"335559739\":160,\"335559740\":259}\">\u00a0<\/span><\/p>\n<p><span data-contrast=\"auto\">Cette formation a r\u00e9ussi \u00e0 \u00e9liminer les Nig\u00e9rians de\u00a0<\/span><span data-contrast=\"auto\">Kano\u00a0<\/span><span data-contrast=\"auto\">Pillars<\/span><span data-contrast=\"auto\">\u00a0(2-3 et 2-0).<\/span><span data-ccp-props=\"{\"201341983\":0,\"335559739\":160,\"335559740\":259}\">\u00a0<\/span><\/p>\n<div class=\"code-block code-block-1 c3\"><ins class=\"adsbygoogle c2\" data-ad-layout=\"in-article\" data-ad-format=\"fluid\" data-ad-client=\"ca-pub-2102118777505746\" data-ad-slot=\"7301775417\"\/> <\/div>\n<p><span data-contrast=\"auto\">Le match aller des 16\u00e8mes de finale se d\u00e9roulera entre le 13 et le 15 septembre au Ghana alors que le retour aura lieu au stade Mustapha Ben\u00a0<\/span><span data-contrast=\"auto\">Jannet<\/span><span data-contrast=\"auto\">\u00a0entre le 27 et le 29 septembre.<\/span><span data-ccp-props=\"{\"201341983\":0,\"335559739\":160,\"335559740\":259}\">\u00a0<\/span><\/p>\n<p><strong>Que se passe-t-il en Tunisie?<\/strong><br \/>Nous expliquons sur notre <a href=\"https:\/\/www.youtube.com\/channel\/UCRzypVq0B_yBad5eGrwBx0Q?sub_confirmation=1\" target=\"_blank\" rel=\"noopener noreferrer\">cha\u00eene YouTube<\/a> . <a href=\"https:\/\/www.youtube.com\/channel\/UCRzypVq0B_yBad5eGrwBx0Q?sub_confirmation=1\" target=\"_blank\" rel=\"noopener noreferrer\">Abonnez-vous!<\/a><\/p>\n<div class=\"mvp-org-wrap mvp-org-logo\" itemprop=\"publisher\" itemscope=\"\" itemtype=\"https:\/\/schema.org\/Organization\">\n<p><img decoding=\"async\" src=\"https:\/\/www.tunisienumerique.com\/wp-content\/uploads\/2017\/02\/logo_tunisie_numerique.png\"\/><\/p>\n<\/div>\n<div class=\"swp_social_panel swp_horizontal_panel swp_flat_fresh swp_default_full_color swp_individual_full_color swp_other_full_color scale-100 scale-\" data-min-width=\"1100\" data-float-color=\"#ffffff\" data-float=\"none\" data-float-mobile=\"none\" data-transition=\"slide\">\n<div class=\"nc_tweetContainer swp_share_button total_shares total_sharesalt\"><span class=\"swp_count\">8 <span class=\"swp_label\">Partages<\/span><\/span><\/div>\n<\/div>\n<div class=\"mvp-related-posts left relative\">\n<h4 class=\"post-header\"><span class=\"post-header\">Lire aussi<\/span><\/h4>\n<\/div>\n<\/div>\n<p>Auteur:<br \/>\n<a href=\"https:\/\/www.tunisienumerique.com\/ligue-champions-tres-adversaire-letoile-sahel-16e-de-finale\/\">Cliquez ici pour lire l&rsquo;article depuis sa source.<\/a><\/p>\n","protected":false},"excerpt":{"rendered":"<p>8 Partages Apr\u00e8s avoir valid\u00e9 le visa de qualification en 16\u00e8mes de finale de la Ligue des Champions d\u2019Afrique, l\u2019Etoile Sportive du Sahel affrontera\u00a0au prochain tour les Ghan\u00e9ens de l\u2019Asante\u00a0Kotoko.\u00a0\u00a0 Cette formation a r\u00e9ussi \u00e0 \u00e9liminer les Nig\u00e9rians de\u00a0Kano\u00a0Pillars\u00a0(2-3 et 2-0).\u00a0 Le match aller des 16\u00e8mes de finale se d\u00e9roulera entre le 13 et le [&hellip;]<\/p>\n","protected":false},"author":1789,"featured_media":59134,"comment_status":"closed","ping_status":"closed","sticky":false,"template":"","format":"standard","meta":{"fifu_image_url":"","fifu_image_alt":"","footnotes":""},"categories":[73,55],"tags":[],"class_list":["post-59133","post","type-post","status-publish","format-standard","has-post-thumbnail","hentry","category-actualite","category-tunisie"],"_links":{"self":[{"href":"https:\/\/linitiative.ca\/International\/wp-json\/wp\/v2\/posts\/59133","targetHints":{"allow":["GET"]}}],"collection":[{"href":"https:\/\/linitiative.ca\/International\/wp-json\/wp\/v2\/posts"}],"about":[{"href":"https:\/\/linitiative.ca\/International\/wp-json\/wp\/v2\/types\/post"}],"author":[{"embeddable":true,"href":"https:\/\/linitiative.ca\/International\/wp-json\/wp\/v2\/users\/1789"}],"replies":[{"embeddable":true,"href":"https:\/\/linitiative.ca\/International\/wp-json\/wp\/v2\/comments?post=59133"}],"version-history":[{"count":0,"href":"https:\/\/linitiative.ca\/International\/wp-json\/wp\/v2\/posts\/59133\/revisions"}],"wp:featuredmedia":[{"embeddable":true,"href":"https:\/\/linitiative.ca\/International\/wp-json\/"}],"wp:attachment":[{"href":"https:\/\/linitiative.ca\/International\/wp-json\/wp\/v2\/media?parent=59133"}],"wp:term":[{"taxonomy":"category","embeddable":true,"href":"https:\/\/linitiative.ca\/International\/wp-json\/wp\/v2\/categories?post=59133"},{"taxonomy":"post_tag","embeddable":true,"href":"https:\/\/linitiative.ca\/International\/wp-json\/wp\/v2\/tags?post=59133"}],"curies":[{"name":"wp","href":"https:\/\/api.w.org\/{rel}","templated":true}]}}