{"id":59136,"date":"2019-08-25T12:50:06","date_gmt":"2019-08-25T16:50:06","guid":{"rendered":"https:\/\/linitiative.ca\/International\/les-anti-g7-revoient-leurs-ambitions-a-la-baisse-face-au-climat-securitaire\/"},"modified":"2019-08-25T12:50:06","modified_gmt":"2019-08-25T16:50:06","slug":"les-anti-g7-revoient-leurs-ambitions-a-la-baisse-face-au-climat-securitaire","status":"publish","type":"post","link":"https:\/\/linitiative.ca\/International\/les-anti-g7-revoient-leurs-ambitions-a-la-baisse-face-au-climat-securitaire\/","title":{"rendered":"Les anti-G7 revoient leurs ambitions \u00e0 la baisse face au \u00ab\u00a0climat s\u00e9curitaire\u00a0\u00bb"},"content":{"rendered":"<div readability=\"32\">\n<p>Publi\u00e9 le 25.08.2019 \u00e0 17h50 par AFP<\/p>\n<\/div>\n<div readability=\"144\">\n<p>L\u2019ampleur exceptionnelle du dispositif de s\u00e9curit\u00e9 d\u00e9ploy\u00e9 autour du G7 de Biarritz a globalement \u00e9touff\u00e9 toute vell\u00e9it\u00e9 de contestation violente mais a aussi dissuad\u00e9 des opposants d\u2019organiser dimanche une s\u00e9rie d\u2019actions pacifiques en cl\u00f4ture de leur \u00ab\u00a0contre-sommet\u00a0\u00bb.<\/p>\n<p>Toute la semaine, la pr\u00e9sence des quelque 13.200 policiers et gendarmes fran\u00e7ais mobilis\u00e9s, appuy\u00e9s par l\u2019arm\u00e9e, s\u2019est faite sentir au Pays basque, transform\u00e9 en camp retranch\u00e9, et \u00e0 Biarritz, compl\u00e8tement barricad\u00e9e.<\/p>\n<p>Les appels ces derniers mois de groupes contestataires, notamment de \u00ab\u00a0gilets jaunes\u00a0\u00bb, \u00e0 mener des actions en marge du sommet et la crainte des \u00ab\u00a0black blocs\u00a0\u00bb ont amen\u00e9 les autorit\u00e9s \u00e0 monter un dispositif de s\u00e9curit\u00e9 \u00ab\u00a0exceptionnel\u00a0\u00bb pour une \u00ab\u00a0vigilance maximale\u00a0\u00bb.<\/p>\n<p>Mais au lendemain d\u2019une grande manifestation festive et bon enfant entre les villes frontali\u00e8res d\u2019Hendaye et Irun (Espagne) \u2013 la seule d\u00e9clar\u00e9e aux autorit\u00e9s \u2013 , les plateformes d\u2019opposition nationale (Alternatives G7) et basque (G7 EZ) entendaient conclure leur \u00ab\u00a0contre-sommet\u00a0\u00bb par sept \u00ab\u00a0rassemblements pacifiques\u00a0\u00bb simultan\u00e9s pr\u00e8s de Biarritz, pour \u00ab\u00a0encercler\u00a0\u00bb symboliquement le G7.<\/p>\n<p>Ils les ont annul\u00e9es d\u00e8s samedi soir, jugeant que les \u00ab\u00a0conditions n\u2019\u00e9taient pas r\u00e9unies\u00a0\u00bb \u00e0 cause d\u2019un \u00ab\u00a0dispositif policier surdimensionn\u00e9\u00a0\u00bb et du \u00ab\u00a0climat s\u00e9curitaire\u00a0\u00bb.<\/p>\n<p>Ils les ont remplac\u00e9es par un seul et m\u00eame \u00e9v\u00e8nement \u00e0 Anglet, limitrophe de Biarritz, auquel ils ont finalement renonc\u00e9 dimanche matin\u2026 L\u2019arrestation, dans la nuit, d\u2019un de leurs \u00ab\u00a0membres cl\u00e9s\u00a0\u00bb, Joseba Alvarez, a \u00e9t\u00e9 la goutte d\u2019eau qui a fait d\u00e9border le vase.<\/p>\n<p>Ce militant espagnol, interpell\u00e9 \u00e0 Urrugne selon les opposants, fait l\u2019objet d\u2019une interdiction de territoire fran\u00e7ais et devait \u00eatre remis aux autorit\u00e9s espagnoles, a indiqu\u00e9 \u00e0 l\u2019AFP le procureur de la r\u00e9publique de Bayonne, Samuel Vuelta-Simon.<\/p>\n<p>\u00ab\u00a0Plusieurs dizaines de personnes ont \u00e9t\u00e9 arr\u00eat\u00e9s entre Bayonne et Hendaye ces derniers jours, dont certains de nos militants associatifs\u00a0\u00bb, a assur\u00e9 dimanche Aur\u00e9lie Trouv\u00e9, d\u2019Alternatives G7. \u00ab\u00a0Cet Etat policier a pour but d\u2019effacer tout d\u00e9bat politique\u00a0\u00bb.<\/p>\n<p>\u2013 \u00ab\u00a0Lib\u00e9rez nos camarades!\u00a0\u00bb \u2013<\/p>\n<p>Selon la pr\u00e9fecture des Pyr\u00e9n\u00e9es-Atlantiques, 68 personnes ont \u00e9t\u00e9 interpell\u00e9es samedi et certaines \u00e9taient encore en garde \u00e0 vue dimanche, dans le cadre du dispositif de s\u00e9curit\u00e9 du G7.<\/p>\n<p>Des heurts avaient eu lieu samedi dans le centre de Bayonne entre police et manifestants, avec tirs de canons \u00e0 eau et gaz lacrymog\u00e8nes, mais sans d\u00e9bordements majeurs, ni bless\u00e9s. La quasi-totalit\u00e9 des commerces y sont ferm\u00e9s et prot\u00e9g\u00e9s par des plaques de bois.<\/p>\n<p>La Ligue des droits de l\u2019Homme (LDH) a d\u00e9nonc\u00e9 dans un communiqu\u00e9 \u00ab\u00a0l\u2019arrestation abusive\u00a0\u00bb de trois de ses membres assistant \u00e0 ce rassemblement non d\u00e9clar\u00e9 en tant qu&rsquo;\u00a0\u00bbobservatrices des pratiques polici\u00e8res d\u00fbment identifi\u00e9es\u00a0\u00bb avec des chasubles.<\/p>\n<p>Amnesty international s\u2019est par ailleurs plaint que deux de ses \u00ab\u00a0observateurs\u00a0\u00bb ont \u00e9t\u00e9 \u00ab\u00a0arr\u00eat\u00e9s pendant deux heures\u00a0\u00bb dimanche par la police \u00e0 Bidart, limitrophe de Biarritz.<\/p>\n<p>Vendredi \u00e0 Urrugne, les premiers heurts du G7 avaient oppos\u00e9 des manifestants et des forces de l\u2019ordre pr\u00e8s du camp o\u00f9 r\u00e9sidaient une partie des participants au \u00ab\u00a0contre-sommet\u00a0\u00bb, avec un bilan de 17 interpellations.<\/p>\n<p>Pour protester contre les arrestations des derniers jours, quelque 200 manifestants ont voulu aller \u00e0 pied dimanche au Centre de r\u00e9tention administrative d\u2019Hendaye, r\u00e9serv\u00e9 aux gardes \u00e0 vue de personnes interpell\u00e9es pendant le G7.<\/p>\n<p>Criant \u00ab\u00a0Lib\u00e9rez nos camarades !\u00a0\u00bb, ils ont vite \u00e9t\u00e9 intercept\u00e9s dans les petites rues d\u2019Hendaye par les forces de l\u2019ordre, qui les ont redirig\u00e9s vers le port d\u2019o\u00f9 le cort\u00e8ge \u00e9tait parti, ont constat\u00e9 des journalistes de l\u2019AFP.<\/p>\n<p>Alors qu\u2019un rassemblement \u00e9tait annonc\u00e9 dimanche en fin d\u2019apr\u00e8s-midi \u00e0 Bayonne, l\u2019importante pr\u00e9sence polici\u00e8re paraissait emp\u00eacher tout regroupement. Le parvis de la mairie \u00e9tait condamn\u00e9 par des camions-grilles de la gendarmerie et les ponts du centre-ville barr\u00e9s par des forces de l\u2019ordre en nombre, a constat\u00e9 une journaliste de l\u2019AFP.<\/p>\n<p>Dimanche matin, des centaines de personnes ont toutefois pu se rassembler \u00e0 Bayonne, dans ce que les organisateurs qualifient de \u00ab\u00a0zone la plus s\u00e9curis\u00e9e de l\u2019Etat fran\u00e7ais\u00a0\u00bb, autour de quelques-uns des portraits d\u2019Emmanuel Macron que des militants \u00e9cologistes \u00ab\u00a0d\u00e9crochent\u00a0\u00bb, selon leurs propres termes, des mairies depuis f\u00e9vrier.<\/p>\n<\/div>\n<p>Auteur: AFP<br \/>\n<a href=\"https:\/\/www.journalducameroun.com\/les-anti-g7-revoient-leurs-ambitions-a-la-baisse-face-au-climat-securitaire\/\">Cliquez ici pour lire l&rsquo;article depuis sa source.<\/a><\/p>\n","protected":false},"excerpt":{"rendered":"<p>Publi\u00e9 le 25.08.2019 \u00e0 17h50 par AFP L\u2019ampleur exceptionnelle du dispositif de s\u00e9curit\u00e9 d\u00e9ploy\u00e9 autour du G7 de Biarritz a globalement \u00e9touff\u00e9 toute vell\u00e9it\u00e9 de contestation violente mais a aussi dissuad\u00e9 des opposants d\u2019organiser dimanche une s\u00e9rie d\u2019actions pacifiques en cl\u00f4ture de leur \u00ab\u00a0contre-sommet\u00a0\u00bb. Toute la semaine, la pr\u00e9sence des quelque 13.200 policiers et gendarmes [&hellip;]<\/p>\n","protected":false},"author":1965,"featured_media":0,"comment_status":"closed","ping_status":"closed","sticky":false,"template":"","format":"standard","meta":{"fifu_image_url":"","fifu_image_alt":"","footnotes":""},"categories":[73,82],"tags":[],"class_list":["post-59136","post","type-post","status-publish","format-standard","hentry","category-actualite","category-cameroun"],"_links":{"self":[{"href":"https:\/\/linitiative.ca\/International\/wp-json\/wp\/v2\/posts\/59136","targetHints":{"allow":["GET"]}}],"collection":[{"href":"https:\/\/linitiative.ca\/International\/wp-json\/wp\/v2\/posts"}],"about":[{"href":"https:\/\/linitiative.ca\/International\/wp-json\/wp\/v2\/types\/post"}],"author":[{"embeddable":true,"href":"https:\/\/linitiative.ca\/International\/wp-json\/wp\/v2\/users\/1965"}],"replies":[{"embeddable":true,"href":"https:\/\/linitiative.ca\/International\/wp-json\/wp\/v2\/comments?post=59136"}],"version-history":[{"count":0,"href":"https:\/\/linitiative.ca\/International\/wp-json\/wp\/v2\/posts\/59136\/revisions"}],"wp:attachment":[{"href":"https:\/\/linitiative.ca\/International\/wp-json\/wp\/v2\/media?parent=59136"}],"wp:term":[{"taxonomy":"category","embeddable":true,"href":"https:\/\/linitiative.ca\/International\/wp-json\/wp\/v2\/categories?post=59136"},{"taxonomy":"post_tag","embeddable":true,"href":"https:\/\/linitiative.ca\/International\/wp-json\/wp\/v2\/tags?post=59136"}],"curies":[{"name":"wp","href":"https:\/\/api.w.org\/{rel}","templated":true}]}}