{"id":59137,"date":"2019-08-25T13:50:02","date_gmt":"2019-08-25T17:50:02","guid":{"rendered":"https:\/\/linitiative.ca\/International\/amazonie-dans-letat-de-rondonia-des-colonnes-de-fumee-a-perte-de-vue\/"},"modified":"2019-08-25T13:50:02","modified_gmt":"2019-08-25T17:50:02","slug":"amazonie-dans-letat-de-rondonia-des-colonnes-de-fumee-a-perte-de-vue","status":"publish","type":"post","link":"https:\/\/linitiative.ca\/International\/amazonie-dans-letat-de-rondonia-des-colonnes-de-fumee-a-perte-de-vue\/","title":{"rendered":"Amazonie : dans l\u2019Etat de Rond\u00f4nia, des colonnes de fum\u00e9e \u00e0 perte de vue"},"content":{"rendered":"<div readability=\"32\">\n<p>Publi\u00e9 le 25.08.2019 \u00e0 18h50 par AFP<\/p>\n<\/div>\n<div readability=\"136\">\n<p>Des colonnes de fum\u00e9e s\u2019\u00e9l\u00e8vent \u00e0 perte de vue dans l\u2019Etat br\u00e9silien de Rond\u00f4nia, de grandes parcelles de terre n\u2019ont plus un arbre et l\u2019air est tr\u00e8s lourd de l\u2019odeur de br\u00fbl\u00e9 : une partie de la for\u00eat amazonienne se consume.<\/p>\n<p>Des squelettes d\u2019arbres calcin\u00e9s fument encore parfois dans ces paysages de d\u00e9solation que l\u2019on retrouve dans de nombreuses r\u00e9gions du \u00ab\u00a0poumon de la plan\u00e8te\u00a0\u00bb, ont constat\u00e9 des journalistes de l\u2019AFP au cours d\u2019un survol de l\u2019Etat de Rond\u00f4nia.<\/p>\n<p>Dans cet Etat frontalier de la Bolivie qui est l\u2019un des plus touch\u00e9s par les incendies incontr\u00f4lables, les habitants se plaignent d\u2019avoir du mal \u00e0 respirer avec la pr\u00e9sence de ces gros nuages charg\u00e9s de carbone.<\/p>\n<p>\u00ab\u00a0Cela fait 20 ans que j\u2019habite ici et j\u2019ai vu beaucoup d\u2019incendies\u00a0\u00bb, dit Welis da Claiana, une habitante de 25 ans interrog\u00e9e par l\u2019AFP dans la capitale Porto Velho, \u00ab\u00a0mais je n\u2019ai jamais rien vu de tel\u00a0\u00bb.<\/p>\n<p>\u00ab\u00a0La fum\u00e9e affecte 100% de notre vie quotidienne. On se l\u00e8ve le matin fatigu\u00e9s de respirer tout (\u00e7a)\u00a0\u00bb.<\/p>\n<p>Cette femme explique que la fum\u00e9e a pouss\u00e9 l\u2019a\u00e9roport local \u00e0 annuler certains vols. La compagnie de location de voitures pour laquelle elle travaille est menac\u00e9e.<\/p>\n<p>\u00ab\u00a0La visibilit\u00e9 (est) horrible\u00a0\u00bb, dit-elle, bl\u00e2mant les grands prioritaires terriens, \u00ab\u00a0personne ne peut plus rien faire\u00a0\u00bb.<\/p>\n<p>Quand les flammes se sont rapproch\u00e9es de sa maison, elle s\u2019est calfeutr\u00e9e. Mais elle a emmen\u00e9 d\u2019urgence \u00e0 l\u2019h\u00f4pital sa fille qui avait des probl\u00e8mes respiratoires. L\u2019un de ses coll\u00e8gues a d\u00fb \u00eatre hospitalis\u00e9 pour la m\u00eame raison.<\/p>\n<p>Non loin de cette ville d\u2019un demi-million d\u2019habitants, le feu est en train de ravager de grands pans de terres victimes de la d\u00e9forestation pour laisser la place \u00e0 la culture du soja ou \u00e0 l\u2019\u00e9levage de bovins, des exportations-cl\u00e9s du Br\u00e9sil.<\/p>\n<p>En d\u00e9pit des colonnes noir\u00e2tres de fum\u00e9e qui s\u2019\u00e9l\u00e8vent et limitent s\u00e9rieusement la visibilit\u00e9, on peut apercevoir des murs de flammes orange et brique qui progressent au sol.<\/p>\n<p>Parfois, un seul arbre rest\u00e9 debout au milieu d\u2019un paysage de cendres, mais totalement calcin\u00e9, t\u00e9moigne de la destruction en marche dans la plus grande for\u00eat tropicale de la plan\u00e8te.<\/p>\n<p>\u2013 La nuit en plein jour \u2013<\/p>\n<p>Pr\u00e8s de la localit\u00e9 d\u2019Abuna, ce sont des centaines d\u2019arbres qui se dressent encore mais tous sont br\u00fbl\u00e9s, dans un paysage sinistre aux couleurs grise et marron.<\/p>\n<p>Certains, de plusieurs dizaines de m\u00e8tres de hauteur, ont gard\u00e9 leur feuillage alors que le sol est en feu. Mais ils sont bless\u00e9s et finiront par mourir.<\/p>\n<p>Ailleurs, dans l\u2019Etat d\u2019Acre, frontalier du P\u00e9rou, des images fournies par Greenpeace montrent un camion transportant d\u2019immenses troncs d\u2019arbres sur une route en terre, au milieu d\u2019une zone calcin\u00e9e.<\/p>\n<p>Quand les troncs des arbres de 30 m\u00e8tres sont emport\u00e9s, le reste de la v\u00e9g\u00e9tation est br\u00fbl\u00e9 sur place et les incendies se propagent tr\u00e8s vite pendant la saison s\u00e8che qui va durer jusqu\u2019en octobre.<\/p>\n<p>Dans la seule journ\u00e9e de samedi, 1.130 nouveaux foyers ont \u00e9t\u00e9 enregistr\u00e9s au Br\u00e9sil, dont un peu plus de la moiti\u00e9 en Amazonie, selon l\u2019Institut national de recherche spatiale (INPE).<\/p>\n<p>\u00ab\u00a0Cela s\u2019aggrave d\u2019ann\u00e9e en ann\u00e9e\u00a0\u00bb, dit \u00e0 l\u2019AFP Eliana Amorim \u00e0 Porto Velho, \u00ab\u00a0mais la prise de conscience n\u2019augmente pas, elle\u00a0\u00bb, ajoute-t-elle, d\u00e9non\u00e7ant la d\u00e9forestation.<\/p>\n<p>Des probl\u00e8mes sanitaires, surtout respiratoires, ont \u00e9t\u00e9 signal\u00e9s dans diverses villes du Br\u00e9sil ces derniers jours, en liaison avec les tonnes de carbone rel\u00e2ch\u00e9es dans l\u2019atmosph\u00e8re par les incendies.<\/p>\n<p>Et m\u00eame Sao Paulo, la plus grande m\u00e9tropole br\u00e9silienne pourtant situ\u00e9e \u00e0 pr\u00e8s de 2.000 kilom\u00e8tres au sud de l\u2019Amazonie, a vu la nuit tomber en plein jour lundi dernier.<\/p>\n<\/div>\n<p>Auteur: AFP<br \/>\n<a href=\"https:\/\/www.journalducameroun.com\/amazonie-dans-letat-de-rondonia-des-colonnes-de-fumee-a-perte-de-vue\/\">Cliquez ici pour lire l&rsquo;article depuis sa source.<\/a><\/p>\n","protected":false},"excerpt":{"rendered":"<p>Publi\u00e9 le 25.08.2019 \u00e0 18h50 par AFP Des colonnes de fum\u00e9e s\u2019\u00e9l\u00e8vent \u00e0 perte de vue dans l\u2019Etat br\u00e9silien de Rond\u00f4nia, de grandes parcelles de terre n\u2019ont plus un arbre et l\u2019air est tr\u00e8s lourd de l\u2019odeur de br\u00fbl\u00e9 : une partie de la for\u00eat amazonienne se consume. Des squelettes d\u2019arbres calcin\u00e9s fument encore parfois [&hellip;]<\/p>\n","protected":false},"author":1965,"featured_media":0,"comment_status":"closed","ping_status":"closed","sticky":false,"template":"","format":"standard","meta":{"fifu_image_url":"","fifu_image_alt":"","footnotes":""},"categories":[73,82],"tags":[],"class_list":["post-59137","post","type-post","status-publish","format-standard","hentry","category-actualite","category-cameroun"],"_links":{"self":[{"href":"https:\/\/linitiative.ca\/International\/wp-json\/wp\/v2\/posts\/59137","targetHints":{"allow":["GET"]}}],"collection":[{"href":"https:\/\/linitiative.ca\/International\/wp-json\/wp\/v2\/posts"}],"about":[{"href":"https:\/\/linitiative.ca\/International\/wp-json\/wp\/v2\/types\/post"}],"author":[{"embeddable":true,"href":"https:\/\/linitiative.ca\/International\/wp-json\/wp\/v2\/users\/1965"}],"replies":[{"embeddable":true,"href":"https:\/\/linitiative.ca\/International\/wp-json\/wp\/v2\/comments?post=59137"}],"version-history":[{"count":0,"href":"https:\/\/linitiative.ca\/International\/wp-json\/wp\/v2\/posts\/59137\/revisions"}],"wp:attachment":[{"href":"https:\/\/linitiative.ca\/International\/wp-json\/wp\/v2\/media?parent=59137"}],"wp:term":[{"taxonomy":"category","embeddable":true,"href":"https:\/\/linitiative.ca\/International\/wp-json\/wp\/v2\/categories?post=59137"},{"taxonomy":"post_tag","embeddable":true,"href":"https:\/\/linitiative.ca\/International\/wp-json\/wp\/v2\/tags?post=59137"}],"curies":[{"name":"wp","href":"https:\/\/api.w.org\/{rel}","templated":true}]}}