{"id":59143,"date":"2019-08-26T05:28:25","date_gmt":"2019-08-26T09:28:25","guid":{"rendered":"https:\/\/linitiative.ca\/International\/135-concerts-animes-par-216-formations-dartistes-lors-de-la-18eme-edition\/"},"modified":"2019-08-26T05:28:25","modified_gmt":"2019-08-26T09:28:25","slug":"135-concerts-animes-par-216-formations-dartistes-lors-de-la-18eme-edition","status":"publish","type":"post","link":"https:\/\/linitiative.ca\/International\/135-concerts-animes-par-216-formations-dartistes-lors-de-la-18eme-edition\/","title":{"rendered":"135 concerts  anim\u00e9s par 216 formations d\u2019artistes lors de la 18\u00e8me \u00e9dition"},"content":{"rendered":"<p><img decoding=\"async\" class=\"post_layout_5_img\" src=\"http:\/\/aujourdhui.ma\/wp-content\/uploads\/2019\/07\/Festival-des-plages-de-Maroc-Telecom-2019.jpg?x29840\" alt=\"135 concerts anim\u00e9s par 216 formations d\u2019artistes lors de la 18\u00e8me \u00e9dition\"\/><\/p>\n<p>Ce sont 135 concerts d\u2019artistes et de groupes locaux et r\u00e9gionaux qui ont \u00e9t\u00e9 anim\u00e9s lors du 18\u00e8me Festival des plages de Maroc Telecom.<span id=\"more-317395\"\/> Du 12 juillet au 22 ao\u00fbt, un grand nombre d\u2019artistes a, selon l\u2019op\u00e9rateur historique, fait vibrer les estivants dans les villes de M\u2019diq, Al Hoceima, Sa\u00efdia, Martil, Nador, Rabat et Tanger. \u00abLe Festival des plages de Maroc Telecom a permis aux estivants de vibrer aux rythmes de concerts donn\u00e9s par les plus grandes stars de la chanson marocaine\u00bb, exaltent les initiateurs. Selon la m\u00eame source, 216 formations d\u2019artistes repr\u00e9sentant diff\u00e9rents styles musicaux classiques, modernes et patrimoniaux ont particip\u00e9 \u00e0 ce grand \u00e9v\u00e9nement. Il s\u2019agit des ma\u00eetres du cha\u00e2bi marocain dont Stati, Daoudia, Najat Atabou et Moughit, des nouvelles stars de la vari\u00e9t\u00e9 musicale nationale \u00e0 l\u2019instar de Muslim, Fnaire, DJ Van, Ahmed Chaouki, Hatim Ammor, Salma Rachid, Tiw Tiw, Younes El Guezzoulli et Aminux, ainsi que du groupe l\u00e9gendaire Nass El Ghiwane.<\/p>\n<p>Le chant sahraoui n\u2019ayant pas \u00e9t\u00e9 en reste avec Sa\u00efda Charaf. Ces artistes se sont produits lors des soir\u00e9es du festival qui \u00abont attir\u00e9 des millions de festivaliers qui font, chaque ann\u00e9e, la r\u00e9ussite de cette manifestation culturelle citoyenne \u00bb. En six semaines de festivit\u00e9s, Maroc Telecom signe une nouvelle \u00e9dition exceptionnelle de ce festival devenu, au fil des ann\u00e9es, l\u2019un des rendez-vous artistiques majeurs de l\u2019\u00e9t\u00e9 partout au Maroc. L\u2019\u00e9v\u00e9nement est aussi une occasion pour Maroc Telecom, engag\u00e9 dans la protection de l\u2019environnement, de diffuser des messages journaliers de sensibilisation aux estivants dans le cadre de l\u2019op\u00e9ration \u00abPlages Propres 2019\u00bb. De quoi faire d\u2019une pierre deux coups.<\/p>\n<p>Auteur: ALM<br \/>\n<a href=\"http:\/\/aujourdhui.ma\/culture\/musique\/135-concerts-animes-par-216-formations-dartistes-lors-de-la-18eme-edition\">Cliquez ici pour lire l&rsquo;article depuis sa source.<\/a><\/p>\n","protected":false},"excerpt":{"rendered":"<p>Ce sont 135 concerts d\u2019artistes et de groupes locaux et r\u00e9gionaux qui ont \u00e9t\u00e9 anim\u00e9s lors du 18\u00e8me Festival des plages de Maroc Telecom. Du 12 juillet au 22 ao\u00fbt, un grand nombre d\u2019artistes a, selon l\u2019op\u00e9rateur historique, fait vibrer les estivants dans les villes de M\u2019diq, Al Hoceima, Sa\u00efdia, Martil, Nador, Rabat et Tanger. [&hellip;]<\/p>\n","protected":false},"author":1759,"featured_media":0,"comment_status":"closed","ping_status":"closed","sticky":false,"template":"","format":"standard","meta":{"fifu_image_url":"","fifu_image_alt":"","footnotes":""},"categories":[73,54],"tags":[],"class_list":["post-59143","post","type-post","status-publish","format-standard","hentry","category-actualite","category-maroc"],"_links":{"self":[{"href":"https:\/\/linitiative.ca\/International\/wp-json\/wp\/v2\/posts\/59143","targetHints":{"allow":["GET"]}}],"collection":[{"href":"https:\/\/linitiative.ca\/International\/wp-json\/wp\/v2\/posts"}],"about":[{"href":"https:\/\/linitiative.ca\/International\/wp-json\/wp\/v2\/types\/post"}],"author":[{"embeddable":true,"href":"https:\/\/linitiative.ca\/International\/wp-json\/wp\/v2\/users\/1759"}],"replies":[{"embeddable":true,"href":"https:\/\/linitiative.ca\/International\/wp-json\/wp\/v2\/comments?post=59143"}],"version-history":[{"count":0,"href":"https:\/\/linitiative.ca\/International\/wp-json\/wp\/v2\/posts\/59143\/revisions"}],"wp:attachment":[{"href":"https:\/\/linitiative.ca\/International\/wp-json\/wp\/v2\/media?parent=59143"}],"wp:term":[{"taxonomy":"category","embeddable":true,"href":"https:\/\/linitiative.ca\/International\/wp-json\/wp\/v2\/categories?post=59143"},{"taxonomy":"post_tag","embeddable":true,"href":"https:\/\/linitiative.ca\/International\/wp-json\/wp\/v2\/tags?post=59143"}],"curies":[{"name":"wp","href":"https:\/\/api.w.org\/{rel}","templated":true}]}}