{"id":59151,"date":"2019-08-26T06:57:46","date_gmt":"2019-08-26T10:57:46","guid":{"rendered":"https:\/\/linitiative.ca\/International\/le-snpm-solidaire-des-journalistes-al-ahdath-al-maghribiya\/"},"modified":"2019-08-26T06:57:46","modified_gmt":"2019-08-26T10:57:46","slug":"le-snpm-solidaire-des-journalistes-al-ahdath-al-maghribiya","status":"publish","type":"post","link":"https:\/\/linitiative.ca\/International\/le-snpm-solidaire-des-journalistes-al-ahdath-al-maghribiya\/","title":{"rendered":"Le SNPM solidaire des journalistes Al Ahdath Al Maghribiya"},"content":{"rendered":"<p class=\"c4\"><span class=\"c3\"><strong><span class=\"c2\">L\u2019<\/span>heure est \u00e0 la mobilisation du corps de la presse ! En fait, \u00ables all\u00e9gations mensong\u00e8res\u00a0 et les menaces de vengeance colport\u00e9es par un certain Jaouad El Hamidi \u00e0 l\u2019\u00e9gard de nos coll\u00e8gues du quotidien Al Ahdath Al Maghribiya\u00bb ne peuvent \u00eatre pass\u00e9es sous silences, apprend-t-on dans un communiqu\u00e9 rendu public, vendredi 23 ao\u00fbt, par le Bureau ex\u00e9cutif du syndicat national de la presse marocaine (SNPM).<\/strong><\/span><\/p>\n<p class=\"c4\">La m\u00eame source a indiqu\u00e9 que \u00abla campagne malveillante visant les journalistes et men\u00e9e par le pr\u00e9sident d\u2019une association d\u00e9nomm\u00e9e \u2018\u2019Tanwir\u2019\u2019, rel\u00e8ve d\u2019un acte d\u2019ignominie et de diffamation et porte atteinte \u00e0 l\u2019honneur et \u00e0 la dignit\u00e9 de tous les journalistes marocains\u00bb.<\/p>\n<p class=\"c4\">Le Bureau ex\u00e9cutif du SNPM a fait savoir que \u00abces menaces ont fait suite\u00a0 apr\u00e8s la publication d\u2019un article de la journaliste, Soukaina Benzine, dans lequel elle d\u00e9cortique les m\u00e9canismes du fonctionnement de l\u2019association, ladite personne,\u00a0 se disant agir pour la d\u00e9fense des minorit\u00e9s\u00bb.\u00a0 Abondant dans le m\u00eame ordre d\u2019id\u00e9es, la m\u00eame source a affirm\u00e9 \u00abavoir r\u00e9uni tous les \u00e9l\u00e9ments y compris les donn\u00e9s publi\u00e9es par le pr\u00e9sident de l\u2019association. Il va sans dire que ces actes mensong\u00e8res, sans pr\u00e9c\u00e9dent, constituent\u00a0 une grave violation aux lois en vigueurs\u00bb.<\/p>\n<p class=\"c4\">Le Bureau ex\u00e9cutif, conform\u00e9ment aux positions du SNMP,\u00a0 notamment celles de la d\u00e9fense des journalistes, leur dignit\u00e9 et leur honneur,\u00a0 condamne ce comportement malsain et appelle toutes les parties concern\u00e9es \u00e0 assumer leurs responsabilit\u00e9s, notamment celles qui mandatent cette personne pour les repr\u00e9senter ou la consid\u00e9rer comme une source d\u2019information.<\/p>\n<p class=\"c4\">Et de signaler que l\u2019instance syndicale a d\u00e9cid\u00e9 de d\u00e9signer un avocat pour Soukaina Benzine, Afra El Alaoui Mhammedi , Halima Amer et Moukhtar Laghzioui en vue de la protection de leurs droits et la r\u00e9habilitation de la dignit\u00e9 et l\u2019honneur des journalistes.<\/p>\n<p class=\"c4\">Enfin, le syndicat a appel\u00e9 les journalistes de toutes les sections \u00e0 se mobiliser davantage pour faire face \u00e0 cette campagne syst\u00e9matique et de proc\u00e9der \u00e0 la collecte de \u00a0toutes les informations relatives \u00e0 cette personne et plus particuli\u00e8rement ses publications diffamatoires \u00e0 l\u2019\u00e9gard du corps des journalistes.<\/p>\n<p class=\"c5\"><strong>K.D.<\/strong><\/p>\n<p>Auteur: M&rsquo;hammed rahal<br \/>\n<a href=\"http:\/\/albayane.press.ma\/le-snpm-solidaire-des-journalistes-al-ahdath-al-maghribiya.html\">Cliquez ici pour lire l&rsquo;article depuis sa source.<\/a><\/p>\n","protected":false},"excerpt":{"rendered":"<p>L\u2019heure est \u00e0 la mobilisation du corps de la presse ! En fait, \u00ables all\u00e9gations mensong\u00e8res\u00a0 et les menaces de vengeance colport\u00e9es par un certain Jaouad El Hamidi \u00e0 l\u2019\u00e9gard de nos coll\u00e8gues du quotidien Al Ahdath Al Maghribiya\u00bb ne peuvent \u00eatre pass\u00e9es sous silences, apprend-t-on dans un communiqu\u00e9 rendu public, vendredi 23 ao\u00fbt, par [&hellip;]<\/p>\n","protected":false},"author":1760,"featured_media":0,"comment_status":"closed","ping_status":"closed","sticky":false,"template":"","format":"standard","meta":{"fifu_image_url":"","fifu_image_alt":"","footnotes":""},"categories":[73,54],"tags":[],"class_list":["post-59151","post","type-post","status-publish","format-standard","hentry","category-actualite","category-maroc"],"_links":{"self":[{"href":"https:\/\/linitiative.ca\/International\/wp-json\/wp\/v2\/posts\/59151","targetHints":{"allow":["GET"]}}],"collection":[{"href":"https:\/\/linitiative.ca\/International\/wp-json\/wp\/v2\/posts"}],"about":[{"href":"https:\/\/linitiative.ca\/International\/wp-json\/wp\/v2\/types\/post"}],"author":[{"embeddable":true,"href":"https:\/\/linitiative.ca\/International\/wp-json\/wp\/v2\/users\/1760"}],"replies":[{"embeddable":true,"href":"https:\/\/linitiative.ca\/International\/wp-json\/wp\/v2\/comments?post=59151"}],"version-history":[{"count":0,"href":"https:\/\/linitiative.ca\/International\/wp-json\/wp\/v2\/posts\/59151\/revisions"}],"wp:attachment":[{"href":"https:\/\/linitiative.ca\/International\/wp-json\/wp\/v2\/media?parent=59151"}],"wp:term":[{"taxonomy":"category","embeddable":true,"href":"https:\/\/linitiative.ca\/International\/wp-json\/wp\/v2\/categories?post=59151"},{"taxonomy":"post_tag","embeddable":true,"href":"https:\/\/linitiative.ca\/International\/wp-json\/wp\/v2\/tags?post=59151"}],"curies":[{"name":"wp","href":"https:\/\/api.w.org\/{rel}","templated":true}]}}