{"id":59155,"date":"2019-08-26T09:25:57","date_gmt":"2019-08-26T13:25:57","guid":{"rendered":"https:\/\/linitiative.ca\/International\/avec-65-milliards-de-dinars-a-debourser-augmentation-de-44-des-services-de-la-dette-exterieure-cumules\/"},"modified":"2019-08-26T09:25:57","modified_gmt":"2019-08-26T13:25:57","slug":"avec-65-milliards-de-dinars-a-debourser-augmentation-de-44-des-services-de-la-dette-exterieure-cumules","status":"publish","type":"post","link":"https:\/\/linitiative.ca\/International\/avec-65-milliards-de-dinars-a-debourser-augmentation-de-44-des-services-de-la-dette-exterieure-cumules\/","title":{"rendered":"Avec 6,5 milliards de dinars \u00e0 d\u00e9bourser\u00a0: Augmentation de 44% des services de la dette ext\u00e9rieure cumul\u00e9s"},"content":{"rendered":"<p>Les services de la dette ext\u00e9rieure cumul\u00e9s ont augment\u00e9 de 44%, \u00e0 la date du 20 ao\u00fbt 2019,<br \/>par rapport \u00e0 la m\u00eame p\u00e9riode de l\u2019ann\u00e9e \u00e9coul\u00e9e, selon des donn\u00e9es publi\u00e9es par la BCT.<br \/>La Banque Centrale a pr\u00e9cis\u00e9 que les services de la dette avoisinent, actuellement, les 6,5<br \/>milliards de dinars, alors qu\u2019ils \u00e9taient au niveau de 4,5 milliards de dinars, une ann\u00e9e<br \/>auparavant.<br \/>Pour rappel, le minist\u00e8re des Finances avait r\u00e9v\u00e9l\u00e9, dans les R\u00e9sultats provisoires de<br \/>l\u2019ex\u00e9cution du budget de l\u2019Etat \u00e0 fin juin 2019, publi\u00e9s, r\u00e9cemment, que le budget r\u00e9serv\u00e9 au<br \/>remboursement du principal de la dette s\u2019est \u00e9lev\u00e9 \u00e0 3,4 milliards de dinars, contre 2,2<br \/>milliards de dinars en juin 2018, ce qui correspond \u00e0 une hausse de 54%.<br \/>De m\u00eame, le budget destin\u00e9 au remboursement des int\u00e9r\u00eats de la dette a d\u00e9pass\u00e9 1,9 milliard<br \/>de dinars, \u00e0 fin juin 2019, contre 1,6 milliard de dinars, l\u2019ann\u00e9e derni\u00e8re (+18%).<br \/>A noter que le budget allou\u00e9 au remboursement du principal et des int\u00e9r\u00eats de la dette, durant<br \/>le premier semestre 2019, repr\u00e9sente presque le \u00bc de l\u2019ensemble des d\u00e9penses de l\u2019Etat.<\/p>\n<p class=\"dpsp-share-text\">Partager c&rsquo;est aimer!<\/p>\n<div class=\"wp-post-author-wrap wp-post-author-shortcode left\">\n<h3 class=\"awpa-title\"\/>\n<div class=\"wp-post-author\">\n<div class=\"awpa-img awpa-author-block square\"><a href=\"http:\/\/lexpertjournal.net\/fr\/author\/expert\/\"><img loading=\"lazy\" decoding=\"async\" alt=\"\" src=\"http:\/\/2.gravatar.com\/avatar\/56d99be2a6f97af88ccb49fada637fcd?s=150&#038;d=mm&#038;r=g\" srcset=\"http:\/\/2.gravatar.com\/avatar\/56d99be2a6f97af88ccb49fada637fcd?s=300&#038;d=mm&#038;r=g 2x\" class=\"avatar avatar-150 photo\" height=\"150\" width=\"150\"\/><\/a><\/div>\n<\/div>\n<\/div>\n<p>Auteur: L&rsquo;expert<br \/>\n<a href=\"http:\/\/lexpertjournal.net\/fr\/2019\/08\/26\/avec-65-milliards-de-dinars-a-debourser-augmentation-de-44-des-services-de-la-dette-exterieure-cumules\/\">Cliquez ici pour lire l&rsquo;article depuis sa source.<\/a><\/p>\n","protected":false},"excerpt":{"rendered":"<p>Les services de la dette ext\u00e9rieure cumul\u00e9s ont augment\u00e9 de 44%, \u00e0 la date du 20 ao\u00fbt 2019,par rapport \u00e0 la m\u00eame p\u00e9riode de l\u2019ann\u00e9e \u00e9coul\u00e9e, selon des donn\u00e9es publi\u00e9es par la BCT.La Banque Centrale a pr\u00e9cis\u00e9 que les services de la dette avoisinent, actuellement, les 6,5milliards de dinars, alors qu\u2019ils \u00e9taient au niveau de [&hellip;]<\/p>\n","protected":false},"author":1775,"featured_media":0,"comment_status":"closed","ping_status":"closed","sticky":false,"template":"","format":"standard","meta":{"fifu_image_url":"","fifu_image_alt":"","footnotes":""},"categories":[78,55],"tags":[],"class_list":["post-59155","post","type-post","status-publish","format-standard","hentry","category-economie","category-tunisie"],"_links":{"self":[{"href":"https:\/\/linitiative.ca\/International\/wp-json\/wp\/v2\/posts\/59155","targetHints":{"allow":["GET"]}}],"collection":[{"href":"https:\/\/linitiative.ca\/International\/wp-json\/wp\/v2\/posts"}],"about":[{"href":"https:\/\/linitiative.ca\/International\/wp-json\/wp\/v2\/types\/post"}],"author":[{"embeddable":true,"href":"https:\/\/linitiative.ca\/International\/wp-json\/wp\/v2\/users\/1775"}],"replies":[{"embeddable":true,"href":"https:\/\/linitiative.ca\/International\/wp-json\/wp\/v2\/comments?post=59155"}],"version-history":[{"count":0,"href":"https:\/\/linitiative.ca\/International\/wp-json\/wp\/v2\/posts\/59155\/revisions"}],"wp:attachment":[{"href":"https:\/\/linitiative.ca\/International\/wp-json\/wp\/v2\/media?parent=59155"}],"wp:term":[{"taxonomy":"category","embeddable":true,"href":"https:\/\/linitiative.ca\/International\/wp-json\/wp\/v2\/categories?post=59155"},{"taxonomy":"post_tag","embeddable":true,"href":"https:\/\/linitiative.ca\/International\/wp-json\/wp\/v2\/tags?post=59155"}],"curies":[{"name":"wp","href":"https:\/\/api.w.org\/{rel}","templated":true}]}}