{"id":59168,"date":"2019-08-26T07:32:39","date_gmt":"2019-08-26T11:32:39","guid":{"rendered":"https:\/\/linitiative.ca\/International\/production-de-dattes-plus-de-16-million-de-quintaux-prevue-pour-cette-saison-agricole-a-ouargla\/"},"modified":"2019-08-26T07:32:39","modified_gmt":"2019-08-26T11:32:39","slug":"production-de-dattes-plus-de-16-million-de-quintaux-prevue-pour-cette-saison-agricole-a-ouargla","status":"publish","type":"post","link":"https:\/\/linitiative.ca\/International\/production-de-dattes-plus-de-16-million-de-quintaux-prevue-pour-cette-saison-agricole-a-ouargla\/","title":{"rendered":"Production de dattes : plus de 1,6 million de quintaux pr\u00e9vue pour cette saison agricole \u00e0 Ouargla"},"content":{"rendered":"<div>\n<div class=\"K2FeedImage\"><img decoding=\"async\" src=\"http:\/\/www.aps.dz\/media\/k2\/items\/cache\/afd236a349c5f02355db69128bb7e620_S.jpg\" alt=\"Production de dattes : plus de 1,6 million de quintaux pr\u00e9vue pour cette saison agricole \u00e0 Ouargla\"><\/div>\n<div class=\"K2FeedIntroText\">\n<p><strong>OUARGLA- Une production de 1.661.920 quintaux de dattes est attendue \u00e0 Ouargla, au titre de l&rsquo;actuelle saison agricole, a-t-on appris lundi aupr\u00e8s de la direction locale des Services agricoles (DSA).<\/strong><\/p>\n<\/div>\n<div class=\"K2FeedFullText\">\n<p>Cette r\u00e9colte pr\u00e9visionnelle concerne notamment les trois vari\u00e9t\u00e9s principales, \u00e0 savoir \u00ab\u00a0Deglet-Nour\u00a0\u00bb (dattes fines), \u00ab\u00a0Ghers\u00a0\u00bb (dattes molles) et \u00ab\u00a0Degla-Beida\u00a0\u00bb (datte s\u00e8ches), avec un rendement moyen estim\u00e9 \u00e0 68 qx le hectare, a-t-on pr\u00e9cis\u00e9.<\/p>\n<p>La DSA compte r\u00e9aliser, cette saison, une \u00ab\u00a0bonne\u00a0\u00bb r\u00e9colte avec une hausse de plus de 11.000 quintaux comparativement \u00e0 l&rsquo;ann\u00e9e pr\u00e9c\u00e9dente \u00ab\u00a0si toutefois les conditions climatiques demeurent favorables\u00a0\u00bb, a-t-on signal\u00e9.<\/p>\n<p>Une campagne pr\u00e9ventive de lutte contre le Boufaroua (Oligonychus afrasiaticus) et le Myelo\u00efs (Apomyelo\u00efs ceratoniae), principaux ravageurs du palmier dattier, a \u00e9t\u00e9 effectu\u00e9e \u00e0 travers la wilaya avec le concours de l&rsquo;Institut national de la protection des v\u00e9g\u00e9taux (INPV), a-t-on ajout\u00e9 de m\u00eame source.<\/p>\n<hr>\n<p><a href=\"http:\/\/www.aps.dz\/regions\/91636-ghardaia-le-m-naguer-dattes-precoces-fait-son-apparition-sur-les-etals\">Lire aussi :\u00a0Ghardaia: le \u00a0\u00bbM\u2019naguer\u00a0\u00bb, dattes pr\u00e9coces, fait son apparition sur les \u00e9tals<\/a><\/p>\n<hr>\n<p>Class\u00e9e parmi les premi\u00e8res wilayas productrices de dattes, en quantit\u00e9 et en qualit\u00e9, la wilaya d&rsquo;Ouargla dispose d&rsquo;une richesse phoenicicole qui d\u00e9passe les 2,6 millions de palmiers-dattiers, dont 2.184.011 palmiers productifs, \u00e9parpill\u00e9s sur une superficie de plus de 24.000 hectares, selon les statistiques de la DSA.<\/p>\n<p>A noter, par ailleurs, que des d\u00e9marches sont entreprises par la chambre d&rsquo;agriculture en coordination avec l&rsquo;ensemble des acteurs pour cr\u00e9er une coop\u00e9rative susceptible de regrouper les producteurs de dattes de la wilaya, toute en encourageant l&rsquo;industrie de conditionnement de dattes et la production des d\u00e9riv\u00e9s de dattes.<\/p>\n<p>Dans ce sillage, le complexe de conditionnement de dattes implant\u00e9 au chef-lieu de wilaya permet actuellement aux agriculteurs d&rsquo;y \u00e9couler leurs r\u00e9coltes de dattes, notamment la vari\u00e9t\u00e9 \u00ab\u00a0Deglet Nour\u00a0\u00bb destin\u00e9e \u00e0 l&rsquo;exportation.<\/p>\n<\/div>\n<\/div>\n<p>Auteur:<br \/>\n<a href=\"http:\/\/www.aps.dz\/regions\/93620-production-de-dattes-plus-de-1-6-million-de-quintaux-prevue-pour-cette-saison-agricole-a-ouargla\">Cliquez ici pour lire l&rsquo;article depuis sa source.<\/a><\/p>\n","protected":false},"excerpt":{"rendered":"<p>OUARGLA- Une production de 1.661.920 quintaux de dattes est attendue \u00e0 Ouargla, au titre de l&rsquo;actuelle saison agricole, a-t-on appris lundi aupr\u00e8s de la direction locale des Services agricoles (DSA). Cette r\u00e9colte pr\u00e9visionnelle concerne notamment les trois vari\u00e9t\u00e9s principales, \u00e0 savoir \u00ab\u00a0Deglet-Nour\u00a0\u00bb (dattes fines), \u00ab\u00a0Ghers\u00a0\u00bb (dattes molles) et \u00ab\u00a0Degla-Beida\u00a0\u00bb (datte s\u00e8ches), avec un rendement moyen [&hellip;]<\/p>\n","protected":false},"author":1790,"featured_media":59169,"comment_status":"closed","ping_status":"closed","sticky":false,"template":"","format":"standard","meta":{"fifu_image_url":"","fifu_image_alt":"","footnotes":""},"categories":[53,76],"tags":[],"class_list":["post-59168","post","type-post","status-publish","format-standard","has-post-thumbnail","hentry","category-algerie","category-regions"],"_links":{"self":[{"href":"https:\/\/linitiative.ca\/International\/wp-json\/wp\/v2\/posts\/59168","targetHints":{"allow":["GET"]}}],"collection":[{"href":"https:\/\/linitiative.ca\/International\/wp-json\/wp\/v2\/posts"}],"about":[{"href":"https:\/\/linitiative.ca\/International\/wp-json\/wp\/v2\/types\/post"}],"author":[{"embeddable":true,"href":"https:\/\/linitiative.ca\/International\/wp-json\/wp\/v2\/users\/1790"}],"replies":[{"embeddable":true,"href":"https:\/\/linitiative.ca\/International\/wp-json\/wp\/v2\/comments?post=59168"}],"version-history":[{"count":0,"href":"https:\/\/linitiative.ca\/International\/wp-json\/wp\/v2\/posts\/59168\/revisions"}],"wp:featuredmedia":[{"embeddable":true,"href":"https:\/\/linitiative.ca\/International\/wp-json\/"}],"wp:attachment":[{"href":"https:\/\/linitiative.ca\/International\/wp-json\/wp\/v2\/media?parent=59168"}],"wp:term":[{"taxonomy":"category","embeddable":true,"href":"https:\/\/linitiative.ca\/International\/wp-json\/wp\/v2\/categories?post=59168"},{"taxonomy":"post_tag","embeddable":true,"href":"https:\/\/linitiative.ca\/International\/wp-json\/wp\/v2\/tags?post=59168"}],"curies":[{"name":"wp","href":"https:\/\/api.w.org\/{rel}","templated":true}]}}