{"id":59170,"date":"2019-08-26T08:16:50","date_gmt":"2019-08-26T12:16:50","guid":{"rendered":"https:\/\/linitiative.ca\/International\/nouveau-collectif-daide-a-la-prise-en-charge-des-autistes-a-oran\/"},"modified":"2019-08-26T08:16:50","modified_gmt":"2019-08-26T12:16:50","slug":"nouveau-collectif-daide-a-la-prise-en-charge-des-autistes-a-oran","status":"publish","type":"post","link":"https:\/\/linitiative.ca\/International\/nouveau-collectif-daide-a-la-prise-en-charge-des-autistes-a-oran\/","title":{"rendered":"Nouveau collectif d&rsquo;aide \u00e0 la prise en charge des autistes \u00e0 Oran"},"content":{"rendered":"<div>\n<div class=\"K2FeedIntroText\">\n<p><strong>ORAN- Un nouveau collectif citoyen s&rsquo;est constitu\u00e9 \u00e0 Oran dans le but de contribuer \u00e0 l&rsquo;am\u00e9lioration de la prise en charge des autistes, a-t-on appris mardi du secr\u00e9taire g\u00e9n\u00e9ral de ce groupe compos\u00e9 de parents et b\u00e9n\u00e9voles.<\/strong><\/p>\n<\/div>\n<div class=\"K2FeedFullText\">\n<p>\u00ab\u00a0La cat\u00e9gorie particuli\u00e8rement cibl\u00e9e dans ce cadre sont les autistes en post-pubert\u00e9 (adolescents et au-del\u00e0)\u00a0\u00bb, a pr\u00e9cis\u00e9 \u00e0 l&rsquo;APS Kaouel Meguenni, saluant l&rsquo;adh\u00e9sion de nombreux b\u00e9n\u00e9voles parmi les \u00e9tudiants et professionnels de la sant\u00e9 \u00e0 l&rsquo;instar des m\u00e9decins, psychologues et orthophonistes.<\/p>\n<p>\u00ab\u00a0Le choix de la cat\u00e9gorie d&rsquo;autistes indiqu\u00e9e est d\u00fb au fait qu&rsquo;il existe d\u00e9j\u00e0 des associations d\u00e9di\u00e9es aux petits et \u00e0 leur int\u00e9gration scolaire, alors qu&rsquo;\u00e0 l&rsquo;adolescence la prise en charge exige une nouvelle approche\u00a0\u00bb, a-t-il expliqu\u00e9.<\/p>\n<p>Le collectif a \u00e9galement entam\u00e9 les d\u00e9marches en vue de son agr\u00e9ment au statut d&rsquo;association pour consolider sa vocation essentiellement ax\u00e9e sur \u00ab\u00a0la formation des parents et des aidants\u00a0\u00bb, a-t-il fait savoir.<\/p>\n<p>L&rsquo;int\u00e9gration des autistes \u00e0 Oran est appuy\u00e9e par plusieurs institutions \u00e0 l&rsquo;instar des directions de la Sant\u00e9, de l&rsquo;Action sociale, de l&rsquo;Education, de la Jeunesse et des Sports, et de la Formation professionnelle.<\/p>\n<p>L&rsquo;autisme, pour rappel, est une pathologie qui se manifeste dans les deux premi\u00e8res ann\u00e9es de la vie de l&rsquo;enfant aux plans cognitif et comportemental, notamment par un d\u00e9ficit d&rsquo;interaction sociale (isolement), des troubles de l&rsquo;humeur et alimentaires, souvent avec absence ou retard de langage.<\/p>\n<\/div>\n<\/div>\n<p>Auteur:<br \/>\n<a href=\"http:\/\/www.aps.dz\/regions\/93626-nouveau-collectif-d-aide-a-la-prise-en-charge-des-autistes-a-oran\">Cliquez ici pour lire l&rsquo;article depuis sa source.<\/a><\/p>\n","protected":false},"excerpt":{"rendered":"<p>ORAN- Un nouveau collectif citoyen s&rsquo;est constitu\u00e9 \u00e0 Oran dans le but de contribuer \u00e0 l&rsquo;am\u00e9lioration de la prise en charge des autistes, a-t-on appris mardi du secr\u00e9taire g\u00e9n\u00e9ral de ce groupe compos\u00e9 de parents et b\u00e9n\u00e9voles. \u00ab\u00a0La cat\u00e9gorie particuli\u00e8rement cibl\u00e9e dans ce cadre sont les autistes en post-pubert\u00e9 (adolescents et au-del\u00e0)\u00a0\u00bb, a pr\u00e9cis\u00e9 \u00e0 [&hellip;]<\/p>\n","protected":false},"author":1790,"featured_media":0,"comment_status":"closed","ping_status":"closed","sticky":false,"template":"","format":"standard","meta":{"fifu_image_url":"","fifu_image_alt":"","footnotes":""},"categories":[53,76],"tags":[],"class_list":["post-59170","post","type-post","status-publish","format-standard","hentry","category-algerie","category-regions"],"_links":{"self":[{"href":"https:\/\/linitiative.ca\/International\/wp-json\/wp\/v2\/posts\/59170","targetHints":{"allow":["GET"]}}],"collection":[{"href":"https:\/\/linitiative.ca\/International\/wp-json\/wp\/v2\/posts"}],"about":[{"href":"https:\/\/linitiative.ca\/International\/wp-json\/wp\/v2\/types\/post"}],"author":[{"embeddable":true,"href":"https:\/\/linitiative.ca\/International\/wp-json\/wp\/v2\/users\/1790"}],"replies":[{"embeddable":true,"href":"https:\/\/linitiative.ca\/International\/wp-json\/wp\/v2\/comments?post=59170"}],"version-history":[{"count":0,"href":"https:\/\/linitiative.ca\/International\/wp-json\/wp\/v2\/posts\/59170\/revisions"}],"wp:attachment":[{"href":"https:\/\/linitiative.ca\/International\/wp-json\/wp\/v2\/media?parent=59170"}],"wp:term":[{"taxonomy":"category","embeddable":true,"href":"https:\/\/linitiative.ca\/International\/wp-json\/wp\/v2\/categories?post=59170"},{"taxonomy":"post_tag","embeddable":true,"href":"https:\/\/linitiative.ca\/International\/wp-json\/wp\/v2\/tags?post=59170"}],"curies":[{"name":"wp","href":"https:\/\/api.w.org\/{rel}","templated":true}]}}