{"id":59179,"date":"2019-08-26T06:45:00","date_gmt":"2019-08-26T10:45:00","guid":{"rendered":"https:\/\/linitiative.ca\/International\/un-projet-de-lutte-contre-lecart-social-les-etoiles-de-jemaa-el-fna\/"},"modified":"2019-08-26T06:45:00","modified_gmt":"2019-08-26T10:45:00","slug":"un-projet-de-lutte-contre-lecart-social-les-etoiles-de-jemaa-el-fna","status":"publish","type":"post","link":"https:\/\/linitiative.ca\/International\/un-projet-de-lutte-contre-lecart-social-les-etoiles-de-jemaa-el-fna\/","title":{"rendered":"Un projet de lutte contre l\u2019\u00e9cart social \u00abLes \u00c9toiles de Jemaa el Fna\u00bb"},"content":{"rendered":"<div readability=\"37\">\n<p>Un 5e centre culturel et artis\u00adtique initi\u00e9 par Nabil Ayouch et Mahi Binebine<\/p>\n<p>L\u2019insertion professionnelle et l\u2019insertion par l\u2019\u00e9ducation, les fondements<\/p>\n<p>Des soutiens qui ont r\u00e9pondu pr\u00e9sent comme la Soci\u00e9t\u00e9 G\u00e9n\u00e9rale<\/p>\n<\/div>\n<div readability=\"100\">\n<div class=\"dnd-atom-wrapper type-image context-sdl_editor_representation\" contenteditable=\"false\" readability=\"33\">\n<div class=\"dnd-drop-wrapper image\"><img loading=\"lazy\" decoding=\"async\" typeof=\"foaf:Image\" class=\"img-responsive\" src=\"https:\/\/www.leconomiste.com\/sites\/default\/files\/eco7\/public\/thumbnails\/image\/etoiles_de_jemaa_el_fna_077.jpg\" width=\"800\" height=\"594\" alt=\"etoiles_de_jemaa_el_fna_077.jpg\" title=\"etoiles_de_jemaa_el_fna_077.jpg\"\/><\/div>\n<div class=\"dnd-legend-wrapper\" contenteditable=\"true\" readability=\"11\">\n<p class=\"rtejustify\">Quelques images du riad c\u00e9d\u00e9 \u00e0 la Fondation Ali Zaoua, dans la m\u00e9dina de Marrakech, pour y ouvrir le centre culturel et artistique \u00abLes \u00c9toiles de Jemaa el Fna\u00bb au printemps prochain <em>(Source: Fondation Ali Zaoua)<\/em><\/p>\n<\/div>\n<\/div>\n<p class=\"rtejustify\">Toutes les autorisations sont dans la poche et la phase d\u2019\u00e9tude est boucl\u00e9e. Les prochaines \u00ab\u00c9toiles de Jemaa el Fna\u00bb, sign\u00e9es Nabil Ayouch et Mahi Binebine, devraient ouvrir leur porte au printemps. Il s\u2019agit du 5e centre culturel et artistique, soutenu par la Fondation Ali Zaoua, cr\u00e9\u00e9e en 2009 par le r\u00e9alisateur et le peintre-sculpteur. \u00abJ\u2019\u00e9tais malheureux de ne pas en avoir chez moi \u00e0 Marrakech\u00bb, confie Binebine.<\/p>\n<p class=\"rtejustify\">Tout pr\u00e8s de la place et de la Koutoubia, un ancien riad, ferm\u00e9 depuis des ann\u00e9es et ab\u00eem\u00e9 par le temps, appar\u00adtenant au d\u00e9partement de la Jeunesse et des Sports, a \u00e9t\u00e9 c\u00e9d\u00e9 \u00e0 la fondation. \u00abJe l\u2019avais rep\u00e9r\u00e9 depuis longtemps. Apr\u00e8s l\u2019avoir sollicit\u00e9 et lui avoir expliqu\u00e9 le pro\u00adjet, le ministre Rachid Talbi Alami nous a donn\u00e9 deux riads, un \u00e0 Marrakech et un \u00e0 F\u00e8s\u00bb, explique l\u2019artiste. L\u2019INDH est aussi de la partie, tout comme le wali de Mar\u00adrakech, Karim Kassi-Lahlou, qui a lev\u00e9 2 millions de DH pour les travaux et 2 autres pour les \u00e9quipements.<\/p>\n<p class=\"rtejustify\">\u00abL\u2019Etat a pris conscience qu\u2019il ne fallait plus nous laisser seuls\u00bb, continue Binebine. Pour redonner vie \u00e0 ce riad jusque-l\u00e0 ferm\u00e9, l\u2019architecte Rachid Andaloussi offre gracieusement son concours au projet. Pour rappel, il a notam\u00adment particip\u00e9 \u00e0 la r\u00e9habilitation de la Villa des Arts, \u00e0 la restauration de la wilaya de Casablanca ou \u00e0 la renaissance des Abat\u00adtoirs.<\/p>\n<p class=\"rtejustify\">La Fondation luxembourgeoise pour l\u2019\u00e9ducation et la sant\u00e9, Piou Redo, est \u00e0 leurs c\u00f4t\u00e9s, tout comme diff\u00e9rentes entre\u00adprises qui accompagnent financi\u00e8rement ces \u00ab\u00c9toiles\u00bb. Les Fondations Soci\u00e9t\u00e9 G\u00e9\u00adn\u00e9rale et Soci\u00e9t\u00e9 G\u00e9n\u00e9rale Maroc ont sign\u00e9 une convention en juin dernier, s\u2019engageant \u00e0 supporter le tiers des frais de fonctionne\u00adment annuels du centre marrakchi. Pour les deux tiers restants, \u00abnous devrons encore mendier\u00bb, s\u2019amuse Binebine.<\/p>\n<div class=\"dnd-atom-wrapper type-image context-sdl_editor_representation\" contenteditable=\"false\" readability=\"35.5\">\n<div class=\"dnd-drop-wrapper image\"><img loading=\"lazy\" decoding=\"async\" typeof=\"foaf:Image\" class=\"img-responsive\" src=\"https:\/\/www.leconomiste.com\/sites\/default\/files\/eco7\/public\/thumbnails\/image\/etoile-de-jemaa-el-fnaa-077.jpg\" width=\"660\" height=\"330\" alt=\"etoile-de-jemaa-el-fnaa-077.jpg\" title=\"etoile-de-jemaa-el-fnaa-077.jpg\"\/><\/div>\n<div class=\"dnd-legend-wrapper\" contenteditable=\"true\" readability=\"16\">\n<p class=\"rtejustify\">Les Fondations Soci\u00e9t\u00e9 G\u00e9n\u00e9rale et Soci\u00e9t\u00e9 G\u00e9n\u00e9rale Maroc ont sign\u00e9 une convention en juin dernier, s\u2019engageant \u00e0 supporter le tiers des frais de fonctionnement annuels du centre marrakchi. De gauche \u00e0 droite: Fr\u00e9d\u00e9ric Oud\u00e9a, directeur g\u00e9n\u00e9ral du Groupe Soci\u00e9t\u00e9 G\u00e9n\u00e9rale et pr\u00e9sident de la Fondation Soci\u00e9t\u00e9 G\u00e9n\u00e9rale, Nabil Ayouch, pr\u00e9sident et co-fondateur de la Fondation Ali Zaoua avec Mahi Binebine, et Ahmed El Yacoubi, pr\u00e9sident du directoire de Soci\u00e9t\u00e9 G\u00e9n\u00e9rale Maroc <em>(Ph. SG)<\/em><\/p>\n<\/div>\n<\/div>\n<p class=\"rtejustify\">R\u00e9duire l\u2019\u00e9cart social, lutter contre le sentiment d\u2019abandon. Le centre \u00abLes \u00c9toiles de Jemaa el Fna\u00bb, tout comme ceux de Sidi Moumem, du Souss ou encore du d\u00e9troit, sont ouverts aux jeunes des quar\u00adtiers o\u00f9 ils sont implant\u00e9s. Des lieux so\u00adcioculturels de proximit\u00e9, qui leur ouvrent des voies d\u2019expression et d\u2019apprentissage positives et enrichissantes.<\/p>\n<p class=\"rtejustify\">Les centres proposent des initiations et formations aux m\u00e9tiers des arts et de la cr\u00e9ation, l\u2019appren\u00adtissage des langues \u00e9trang\u00e8res et de l\u2019infor\u00admatique. C\u2019est aussi un espace de diffusion, o\u00f9 les talents du quartier ont la possibilit\u00e9 de se produire dans un cadre profession\u00adnel. Chaque centre compte en moyenne un millier d\u2019enfants inscrits.<\/p>\n<p class=\"rtejustify\">Les cotisations y sont bien s\u00fbr symboliques, \u00abmais il est important que chacun mette la main \u00e0 la poche\u00bb. Une mani\u00e8re l\u00e0 aussi de valori\u00adser ces jeunes du quartier Jemaa el Fna de Marrakech, trop peu consid\u00e9r\u00e9s, \u00abet d\u2019en faire des \u00e9toiles\u00bb, esp\u00e8re Binebine.<\/p>\n<p class=\"rtejustify\"><em>J.A.<\/em><\/p>\n<p class=\"rtejustify\">\u00a0<\/p>\n<\/div>\n<p>Auteur: hlafriqi<br \/>\n<a href=\"https:\/\/www.leconomiste.com\/article\/1049219-un-projet-de-lutte-contre-l-ecart-social-les-etoiles-de-jemaa-el-fna\">Cliquez ici pour lire l&rsquo;article depuis sa source.<\/a><\/p>\n","protected":false},"excerpt":{"rendered":"<p>Un 5e centre culturel et artis\u00adtique initi\u00e9 par Nabil Ayouch et Mahi Binebine L\u2019insertion professionnelle et l\u2019insertion par l\u2019\u00e9ducation, les fondements Des soutiens qui ont r\u00e9pondu pr\u00e9sent comme la Soci\u00e9t\u00e9 G\u00e9n\u00e9rale Quelques images du riad c\u00e9d\u00e9 \u00e0 la Fondation Ali Zaoua, dans la m\u00e9dina de Marrakech, pour y ouvrir le centre culturel et artistique \u00abLes [&hellip;]<\/p>\n","protected":false},"author":1763,"featured_media":59180,"comment_status":"closed","ping_status":"closed","sticky":false,"template":"","format":"standard","meta":{"fifu_image_url":"","fifu_image_alt":"","footnotes":""},"categories":[78,54],"tags":[],"class_list":["post-59179","post","type-post","status-publish","format-standard","has-post-thumbnail","hentry","category-economie","category-maroc"],"_links":{"self":[{"href":"https:\/\/linitiative.ca\/International\/wp-json\/wp\/v2\/posts\/59179","targetHints":{"allow":["GET"]}}],"collection":[{"href":"https:\/\/linitiative.ca\/International\/wp-json\/wp\/v2\/posts"}],"about":[{"href":"https:\/\/linitiative.ca\/International\/wp-json\/wp\/v2\/types\/post"}],"author":[{"embeddable":true,"href":"https:\/\/linitiative.ca\/International\/wp-json\/wp\/v2\/users\/1763"}],"replies":[{"embeddable":true,"href":"https:\/\/linitiative.ca\/International\/wp-json\/wp\/v2\/comments?post=59179"}],"version-history":[{"count":0,"href":"https:\/\/linitiative.ca\/International\/wp-json\/wp\/v2\/posts\/59179\/revisions"}],"wp:featuredmedia":[{"embeddable":true,"href":"https:\/\/linitiative.ca\/International\/wp-json\/"}],"wp:attachment":[{"href":"https:\/\/linitiative.ca\/International\/wp-json\/wp\/v2\/media?parent=59179"}],"wp:term":[{"taxonomy":"category","embeddable":true,"href":"https:\/\/linitiative.ca\/International\/wp-json\/wp\/v2\/categories?post=59179"},{"taxonomy":"post_tag","embeddable":true,"href":"https:\/\/linitiative.ca\/International\/wp-json\/wp\/v2\/tags?post=59179"}],"curies":[{"name":"wp","href":"https:\/\/api.w.org\/{rel}","templated":true}]}}