{"id":59181,"date":"2019-08-26T07:00:00","date_gmt":"2019-08-26T11:00:00","guid":{"rendered":"https:\/\/linitiative.ca\/International\/italie-des-consultations-pour-sortir-de-la-crise\/"},"modified":"2019-08-26T07:00:00","modified_gmt":"2019-08-26T11:00:00","slug":"italie-des-consultations-pour-sortir-de-la-crise","status":"publish","type":"post","link":"https:\/\/linitiative.ca\/International\/italie-des-consultations-pour-sortir-de-la-crise\/","title":{"rendered":"Italie: Des consultations pour sortir de la crise"},"content":{"rendered":"<div readability=\"34\">\n<p>Elle est d\u00e9clench\u00e9e par l&rsquo;explosion du gouvernement populiste<\/p>\n<p>Perspective d&rsquo;\u00e9lections anticip\u00e9es<\/p>\n<\/div>\n<div readability=\"91\">\n<p class=\"rtejustify\">L&rsquo;Italie s&rsquo;est lanc\u00e9e jeudi 22 ao\u00fbt dans un deuxi\u00e8me round de consultations. Objectif: chercher une solution \u00e0 la crise d\u00e9clench\u00e9e par l&rsquo;explosion du gouvernement populiste form\u00e9 par la Ligue de Matteo Salvini et le Mouvement 5 Etoiles (M5S). Le pr\u00e9sident Sergio Mattarella a re\u00e7u une par une les formations politiques dans son palais du Quirinal.<\/p>\n<p class=\"rtejustify\">Le Parti d\u00e9mocrate (PD), premi\u00e8re formation de gauche, a propos\u00e9 au pr\u00e9sident une alliance avec le M5S, l\u00e2ch\u00e9 par le ministre de l&rsquo;Int\u00e9rieur et leader d&rsquo;extr\u00eame droite Matteo Salvini le 8 ao\u00fbt, apr\u00e8s 14 mois de mariage. Son chef Nicola Zingaretti a \u00e9voqu\u00e9 un \u00abgouvernement de changement et une alternative aux droites\u00bb.<\/p>\n<p class=\"rtejustify\">A sa sortie, il a pr\u00e9cis\u00e9 que les cinq conditions pos\u00e9es \u00e0 une union avec le M5S sont non n\u00e9gociables. Elles comprennent, en premier lieu, une confirmation de la vocation europ\u00e9enne de l&rsquo;Italie. Les quatre autres sont la centralit\u00e9 du Parlement, une croissance respectueuse de l&rsquo;environnement, un changement de cap radical dans la gestion des migrations et un virage \u00e9conomique vers davantage de redistribution et d&rsquo;investissement.\u00a0<\/p>\n<p class=\"rtejustify\">L&rsquo;ex-chef du gouvernement italien, Silvio Berlusconi, patron de Forza Italia (centre-droit), a appel\u00e9 pour sa part \u00e0 \u00e9tablir une \u00abmajorit\u00e9 parlementaire de centre-droit pour pr\u00e9server les Italiens de l&rsquo;oppression judiciaire, fiscale et bureaucratique d&rsquo;une majorit\u00e9 de gauche\u00bb.<\/p>\n<p class=\"rtejustify\">Si cela s&rsquo;av\u00e9rait impossible, \u00abla seule voie ma\u00eetresse serait celle des \u00e9lections\u00bb. Avec ses partenaires des l\u00e9gislatives du printemps 2018 (la Ligue de Salvini et Fr\u00e8res d&rsquo;Italie de Giorgia Meloni-ultra-droite post-fasciste), il pourrait recueillir, selon les sondages, un score sup\u00e9rieur \u00e0 50% des voix.<\/p>\n<p class=\"rtejustify\">Giorgia Meloni a pour sa part r\u00e9clam\u00e9 des \u00e9lections imm\u00e9diates. Car elles restent la \u00abseule issue possible et respectueuse de l&rsquo;Italie, contrairement \u00e0 une majorit\u00e9 parlementaire qui ne refl\u00e9terait pas le consensus du peuple\u00bb. \u00abLe Cavaliere\u00bb n&rsquo;a pas directement \u00e9voqu\u00e9 la proposition de Romano Prodi (ancien pr\u00e9sident de la Commission europ\u00e9enne et ex-Premier ministre) de former une majorit\u00e9 gauche-droite et pro-europ\u00e9enne, \u00e0 la mani\u00e8re des coalitions allemandes.<\/p>\n<p class=\"rtejustify\">Une option baptis\u00e9e coalition \u00abUrsula\u00bb, du nom de la nouvelle pr\u00e9sidente de la Commission de Bruxelles Ursula von der Leyen. Mais il a mis en garde contre un ex\u00e9cutif qui serait le fruit d&rsquo;une nouvelle majorit\u00e9 entre diff\u00e9rents acteurs, improvis\u00e9e et qui ne respecterait pas la majorit\u00e9 des \u00e9lecteurs italiens.<\/p>\n<blockquote readability=\"15\">\n<p class=\"rtecenter\"><strong><span class=\"c4\">Endettement et croissance \u00e0 l&rsquo;arr\u00eat<\/span><\/strong><\/p>\n<p class=\"rtejustify\">La perspective d&rsquo;\u00e9lections anticip\u00e9es n\u2019enchante gu\u00e8re le pr\u00e9sident Sergio Mattarella. La troisi\u00e8me \u00e9conomie de la zone euro, endett\u00e9e et dont la croissance est \u00e0 l&rsquo;arr\u00eat, devrait affronter, au m\u00eame moment, la d\u00e9licate \u00e9laboration du budget 2020.<br \/>Des mesures doivent imp\u00e9rativement \u00eatre adopt\u00e9es pour \u00e9viter une hausse automatique de la TVA l&rsquo;an prochain, faute d&rsquo;avoir auparavant combl\u00e9 un trou budg\u00e9taire \u00e9valu\u00e9 \u00e0 23 milliards d&rsquo;euros.<\/p>\n<\/blockquote>\n<p class=\"rtejustify\"><em>F. Z. T. avec agences<\/em><\/p>\n<\/div>\n<p>Auteur: hlafriqi<br \/>\n<a href=\"https:\/\/www.leconomiste.com\/article\/1049212-italie-des-consultations-pour-sortir-de-la-crise\">Cliquez ici pour lire l&rsquo;article depuis sa source.<\/a><\/p>\n","protected":false},"excerpt":{"rendered":"<p>Elle est d\u00e9clench\u00e9e par l&rsquo;explosion du gouvernement populiste Perspective d&rsquo;\u00e9lections anticip\u00e9es L&rsquo;Italie s&rsquo;est lanc\u00e9e jeudi 22 ao\u00fbt dans un deuxi\u00e8me round de consultations. Objectif: chercher une solution \u00e0 la crise d\u00e9clench\u00e9e par l&rsquo;explosion du gouvernement populiste form\u00e9 par la Ligue de Matteo Salvini et le Mouvement 5 Etoiles (M5S). Le pr\u00e9sident Sergio Mattarella a re\u00e7u [&hellip;]<\/p>\n","protected":false},"author":1763,"featured_media":0,"comment_status":"closed","ping_status":"closed","sticky":false,"template":"","format":"standard","meta":{"fifu_image_url":"","fifu_image_alt":"","footnotes":""},"categories":[78,54],"tags":[],"class_list":["post-59181","post","type-post","status-publish","format-standard","hentry","category-economie","category-maroc"],"_links":{"self":[{"href":"https:\/\/linitiative.ca\/International\/wp-json\/wp\/v2\/posts\/59181","targetHints":{"allow":["GET"]}}],"collection":[{"href":"https:\/\/linitiative.ca\/International\/wp-json\/wp\/v2\/posts"}],"about":[{"href":"https:\/\/linitiative.ca\/International\/wp-json\/wp\/v2\/types\/post"}],"author":[{"embeddable":true,"href":"https:\/\/linitiative.ca\/International\/wp-json\/wp\/v2\/users\/1763"}],"replies":[{"embeddable":true,"href":"https:\/\/linitiative.ca\/International\/wp-json\/wp\/v2\/comments?post=59181"}],"version-history":[{"count":0,"href":"https:\/\/linitiative.ca\/International\/wp-json\/wp\/v2\/posts\/59181\/revisions"}],"wp:attachment":[{"href":"https:\/\/linitiative.ca\/International\/wp-json\/wp\/v2\/media?parent=59181"}],"wp:term":[{"taxonomy":"category","embeddable":true,"href":"https:\/\/linitiative.ca\/International\/wp-json\/wp\/v2\/categories?post=59181"},{"taxonomy":"post_tag","embeddable":true,"href":"https:\/\/linitiative.ca\/International\/wp-json\/wp\/v2\/tags?post=59181"}],"curies":[{"name":"wp","href":"https:\/\/api.w.org\/{rel}","templated":true}]}}