{"id":59182,"date":"2019-08-26T07:15:00","date_gmt":"2019-08-26T11:15:00","guid":{"rendered":"https:\/\/linitiative.ca\/International\/argentine-les-gestes-pour-eviter-la-crise\/"},"modified":"2019-08-26T07:15:00","modified_gmt":"2019-08-26T11:15:00","slug":"argentine-les-gestes-pour-eviter-la-crise","status":"publish","type":"post","link":"https:\/\/linitiative.ca\/International\/argentine-les-gestes-pour-eviter-la-crise\/","title":{"rendered":"Argentine: Les gestes pour \u00e9viter la crise"},"content":{"rendered":"<div readability=\"38\">\n<p>Hausse du salaire minimum, primes ponctuelles, r\u00e9duction d&rsquo;imp\u00f4ts&#8230;<\/p>\n<p>Donner un coup de pouce au pouvoir d&rsquo;achat des Argentins<\/p>\n<p>Le Sommet du G7 et le symposium \u00e0 Jackson Hole en discuteront<\/p>\n<\/div>\n<div readability=\"91.1851599728\">\n<div class=\"dnd-atom-wrapper type-image context-sdl_editor_representation\" contenteditable=\"false\">\n<div class=\"dnd-drop-wrapper image\"><img loading=\"lazy\" decoding=\"async\" typeof=\"foaf:Image\" class=\"img-responsive\" src=\"https:\/\/mobile.leconomiste.com\/sites\/default\/files\/eco7\/public\/thumbnails\/image\/economie_argentine_077.jpg\" width=\"800\" height=\"825\" alt=\"economie_argentine_077.jpg\" title=\"economie_argentine_077.jpg\"\/><\/div>\n<\/div>\n<p class=\"rtejustify\">Apr\u00e8s son revers \u00e9lectoral aux primaires, le pr\u00e9sident argentin Mauricio Macri a annonc\u00e9 une s\u00e9rie de mesures. Objectif: donner un coup de pouce au pouvoir d&rsquo;achat des classes moyennes et populaires et tenter de combler son retard avant le scrutin pr\u00e9sidentiel du 27 octobre.<\/p>\n<p class=\"rtejustify\">Le cas de l\u2019Argentine mais aussi les craintes d\u2019une r\u00e9cession mondiale aux Etats-Unis et en Allemagne ne manque\u00adront pas d\u2019\u00eatre \u00e9voqu\u00e9s lors du sympo\u00adsium pr\u00e9vu du 22 au 24 ao\u00fbt \u00e0 Jackson Hole aux Etats-Unis <a href=\"https:\/\/leconomiste.com\/archive\/edition\/5576\" target=\"_blank\" rel=\"noopener noreferrer\"><span class=\"c4\"><strong><em>(cf. notre \u00e9dition N\u00b0 5576 du 22\/08\/2019)<\/em><\/strong><\/span><\/a> mais aussi le Sommet du G7 (24-26 ao\u00fbt) \u00e0 Biarritz en France <a href=\"https:\/\/leconomiste.com\/archive\/edition\/5575\" target=\"_blank\" rel=\"noopener noreferrer\"><span class=\"c5\"><strong><em>(cf. notre \u00e9dition N\u00b0 5575 du 16\/08\/2019)<\/em><\/strong><\/span><\/a>.<\/p>\n<p class=\"rtejustify\">Le nouveau ministre argentin des Fi\u00adnances, Hernan Lacunza, a fait de la stabi\u00adlisation du peso sa priorit\u00e9 et s&rsquo;est engag\u00e9 \u00e0 respecter les objectifs budg\u00e9taires fix\u00e9s dans le cadre de l&rsquo;accord conclu en 2018 avec le FMI. Celui-ci surveille de pr\u00e8s la situation mon\u00e9taire et financi\u00e8re et va en\u00advoyer bient\u00f4t une mission \u00e0 Buenos Aires.<\/p>\n<p class=\"rtejustify\">En juillet, le Fonds mon\u00e9taire internatio\u00adnal a d\u00e9bloqu\u00e9 5,4 milliards de dollars, portant \u00e0 38,9 milliards l&rsquo;aide apport\u00e9e jusqu&rsquo;ici \u00e0 l&rsquo;Argentine pour faire face \u00e0 deux crises mon\u00e9taires en 2018. De leur c\u00f4t\u00e9, les agences Fitch et S&#038;P ont abais\u00ads\u00e9 la note de la dette souveraine du pays. Ces r\u00e9trogradations (de B \u00e0 CCC pour la premi\u00e8re et de B \u00e0 B- pour la seconde) refl\u00e8tent les incertitudes qui entourent les r\u00e9formes \u00e9conomiques mises en place par le pr\u00e9sident Mauricio Macri.<\/p>\n<p class=\"rtejustify\">Parmi les mesures qu\u2019il propose figure notamment une hausse du salaire minimum, dont l&rsquo;ampleur n&rsquo;a pas \u00e9t\u00e9 pr\u00e9\u00adcis\u00e9e. Actuellement, il se situe \u00e0 12.500 pesos (190 euros). Une prime extraordi\u00adnaire de 2.000 pesos (30 euros) sera ver\u00ads\u00e9e aux employ\u00e9s et une autre de 5.000 pesos (76 euros) aux fonctionnaires et aux forces de s\u00e9curit\u00e9.<\/p>\n<p class=\"rtejustify\">Une r\u00e9duction d&rsquo;imp\u00f4ts sur le revenu est \u00e9galement mise en place pour les salari\u00e9s. Les petites et moyennes entreprises pourront \u00e9taler sur 10 ans le remboursement de leur dette aupr\u00e8s des imp\u00f4ts et le prix de l&rsquo;essence sera gel\u00e9 du\u00adrant 90 jours. D&rsquo;un co\u00fbt de 40 milliards de pesos (environ 600 millions d&rsquo;euros), ces annonces concernent 17 millions de tra\u00advailleurs et leurs familles ainsi que toutes les petites et moyennes entreprises.<\/p>\n<p class=\"rtejustify\">Les nouveaux dispositifs visent \u00e0 compenser les effets de la d\u00e9pr\u00e9ciation du peso. Le spectre d&rsquo;un d\u00e9faut de paie\u00adment, comme en 2001, a aussi refait sur\u00adface en Argentine, alors que les premiers remboursements au FMI sont pr\u00e9vus en 2021. Le recours au Fonds en 2018 in\u00adtervenait 12 ans apr\u00e8s le remboursement anticip\u00e9 de 10 milliards de dollars, en 2006, quand l&rsquo;ex-pr\u00e9sident Nestor Kirch\u00adner avait d\u00e9cid\u00e9 de rompre avec le Fonds. A cette \u00e9poque, les prix du soja et des mati\u00e8res premi\u00e8res agricoles qu&rsquo;exporte l&rsquo;Argentine flambaient sur les march\u00e9s internationaux.<\/p>\n<p class=\"rtejustify\">La crise de confiance se refl\u00e9tait aussi dans la forte hausse du risque pays de l&rsquo;Argentine mesur\u00e9 par JP Morgan. Cet indice \u00e9value la possibilit\u00e9 que le pays soit mauvais payeur, en se basant sur dif\u00adf\u00e9rents indicateurs \u00e9conomiques.<\/p>\n<blockquote readability=\"17\">\n<p class=\"rtecenter\"><strong><span class=\"c6\">La t\u00e2che ne sera pas facile<\/span><\/strong><\/p>\n<p class=\"rtejustify\">Le pr\u00e9sident Mauricio Macri a fait face \u00e0 une forte temp\u00eate en 2018. Les vents contraires li\u00e9s \u00e0 une conjoncture mondiale plus difficile ayant commenc\u00e9 \u00e0 souffler sur le pays. Alors que le plan de r\u00e9forme \u00e9conomique vise \u00e0 prot\u00e9ger les plus vuln\u00e9rables (en \u00e9largissant la port\u00e9e des allocations familiales universelles de l&rsquo;Etat et de la couverture sant\u00e9 pour les plus faibles revenus), cet \u00e9pisode n&rsquo;est pas rest\u00e9 sans cons\u00e9quences sur sa popularit\u00e9, indique Coface dans son appr\u00e9ciation du risque. A la mi-novembre 2018, le gouvernement est parvenu \u00e0 faire adopter le budget 2019 par le Congr\u00e8s, qui vise un \u00e9quilibre primaire pour l&rsquo;ann\u00e9e. Cette adoption a \u00e9galement montr\u00e9 aux investisseurs et au FMI que le gouvernement \u00e9tait d\u00e9termin\u00e9 \u00e0 r\u00e9duire consid\u00e9rablement ses d\u00e9penses. Macri se repr\u00e9sentera aux \u00e9lections de 2019, au cours desquelles un tiers du S\u00e9nat et la moiti\u00e9 de la Chambre basse seront \u00e9galement renouvel\u00e9s. La t\u00e2che du parti au pouvoir ne sera cependant pas facile dans la mesure o\u00f9 l&rsquo;activit\u00e9 va encore diminuer. Toutefois, \u00e0 l&rsquo;avantage du pr\u00e9sident actuel, aucun chef de l&rsquo;opposition n&rsquo;a jusqu&rsquo;\u00e0 pr\u00e9sent \u00e9t\u00e9 en mesure de tirer parti de cette situation difficile.<\/p>\n<\/blockquote>\n<p class=\"rtejustify\"><em>F. Z. T.<\/em><\/p>\n<\/div>\n<p>Auteur: hlafriqi<br \/>\n<a href=\"https:\/\/www.leconomiste.com\/article\/1049186-argentine-les-gestes-pour-eviter-la-crise\">Cliquez ici pour lire l&rsquo;article depuis sa source.<\/a><\/p>\n","protected":false},"excerpt":{"rendered":"<p>Hausse du salaire minimum, primes ponctuelles, r\u00e9duction d&rsquo;imp\u00f4ts&#8230; Donner un coup de pouce au pouvoir d&rsquo;achat des Argentins Le Sommet du G7 et le symposium \u00e0 Jackson Hole en discuteront Apr\u00e8s son revers \u00e9lectoral aux primaires, le pr\u00e9sident argentin Mauricio Macri a annonc\u00e9 une s\u00e9rie de mesures. Objectif: donner un coup de pouce au pouvoir [&hellip;]<\/p>\n","protected":false},"author":1763,"featured_media":59183,"comment_status":"closed","ping_status":"closed","sticky":false,"template":"","format":"standard","meta":{"fifu_image_url":"","fifu_image_alt":"","footnotes":""},"categories":[78,54],"tags":[],"class_list":["post-59182","post","type-post","status-publish","format-standard","has-post-thumbnail","hentry","category-economie","category-maroc"],"_links":{"self":[{"href":"https:\/\/linitiative.ca\/International\/wp-json\/wp\/v2\/posts\/59182","targetHints":{"allow":["GET"]}}],"collection":[{"href":"https:\/\/linitiative.ca\/International\/wp-json\/wp\/v2\/posts"}],"about":[{"href":"https:\/\/linitiative.ca\/International\/wp-json\/wp\/v2\/types\/post"}],"author":[{"embeddable":true,"href":"https:\/\/linitiative.ca\/International\/wp-json\/wp\/v2\/users\/1763"}],"replies":[{"embeddable":true,"href":"https:\/\/linitiative.ca\/International\/wp-json\/wp\/v2\/comments?post=59182"}],"version-history":[{"count":0,"href":"https:\/\/linitiative.ca\/International\/wp-json\/wp\/v2\/posts\/59182\/revisions"}],"wp:featuredmedia":[{"embeddable":true,"href":"https:\/\/linitiative.ca\/International\/wp-json\/"}],"wp:attachment":[{"href":"https:\/\/linitiative.ca\/International\/wp-json\/wp\/v2\/media?parent=59182"}],"wp:term":[{"taxonomy":"category","embeddable":true,"href":"https:\/\/linitiative.ca\/International\/wp-json\/wp\/v2\/categories?post=59182"},{"taxonomy":"post_tag","embeddable":true,"href":"https:\/\/linitiative.ca\/International\/wp-json\/wp\/v2\/tags?post=59182"}],"curies":[{"name":"wp","href":"https:\/\/api.w.org\/{rel}","templated":true}]}}