{"id":59199,"date":"2019-08-26T08:24:13","date_gmt":"2019-08-26T12:24:13","guid":{"rendered":"https:\/\/linitiative.ca\/International\/93628-tennis-classement-mondial-feminin-l-algerienne-ines-ibbou-perd-une-place-et-regresse-au-183e-rang-itf\/"},"modified":"2019-08-26T08:24:13","modified_gmt":"2019-08-26T12:24:13","slug":"93628-tennis-classement-mondial-feminin-l-algerienne-ines-ibbou-perd-une-place-et-regresse-au-183e-rang-itf","status":"publish","type":"post","link":"https:\/\/linitiative.ca\/International\/93628-tennis-classement-mondial-feminin-l-algerienne-ines-ibbou-perd-une-place-et-regresse-au-183e-rang-itf\/","title":{"rendered":"Tennis \/ Classement mondial f\u00e9minin : l&rsquo;Alg\u00e9rienne In\u00e8s Ibbou perd une place et r\u00e9gresse au 183e rang (ITF)"},"content":{"rendered":"<div>\n<div class=\"K2FeedIntroText\">\n<p><strong>LONDRES- La tenniswoman alg\u00e9rienne In\u00e8s Ibbou a perdu une place dans le nouveau classement mondial f\u00e9minin, d\u00e9voil\u00e9 lundi par la F\u00e9d\u00e9ration internationale (ITF) et occupe d\u00e9sormais le 183e rang, avec un total de 146 points.<\/strong><\/p>\n<\/div>\n<div class=\"K2FeedFullText\">\n<p>La championne d&rsquo;Afrique de 2015, aujourd&rsquo;hui \u00e2g\u00e9e de 20 ans, r\u00e9alise n\u00e9anmoins une bonne affaire, en effectuant son grand retour dans le classement de la World Tennis Association (WTA), qu&rsquo;elle avait quitt\u00e9 l&rsquo;an dernier apr\u00e8s une grave blessure l&rsquo;ayant \u00e9loign\u00e9e des courts pendant plusieurs mois.<\/p>\n<p>En effet, sans comp\u00e9tition, la soci\u00e9taire de l&rsquo;Acad\u00e9mie de Valence (Espagne) perdait progressivement des points, jusqu&rsquo;\u00e0 ne plus avoir suffisamment pour figurer dans ce classement des joueuses professionnelles.<\/p>\n<p>Mais son retour gagnant \u00e0 la comp\u00e9tition, notamment, en Tunisie, en Turquie, en Indon\u00e9sie et en Tha\u00eflande lui ont valu le gain de nouveaux points, gr\u00e2ce auxquels elle r\u00e9int\u00e8gre le prestigieux classement de la WTA, o\u00f9 elle occupe actuellement le 630e rang, avec un total de 42 points, suivant la publication de lundi.<\/p>\n<p>Dans le haut du classement ITF, la hi\u00e9rarchie mondiale est toujours domin\u00e9e par la Chilienne Fernanda Brito, avec un total de 760 points, devant Ta\u00efwanaise Lee Hua-Chen (560 pts) et l&rsquo;Ukrainienne Anastasiya Shoshyna (520 pts), alors que chez la WTA, c&rsquo;est la Japonaise Naomi Osaka qui domine, devant l&rsquo;Australienne Asheigh Barty et la Tch\u00e8que Karolina Pliskova.<\/p>\n<\/div>\n<p><img loading=\"lazy\" decoding=\"async\" src=\"http:\/\/feeds.feedburner.com\/~r\/aps-sport\/~4\/Jl8vEiIJlDc\" height=\"1\" width=\"1\" alt=\"\"><\/div>\n<p>Auteur:<br \/>\n<a href=\"http:\/\/www.aps.dz\/sport\/93628-tennis-classement-mondial-feminin-l-algerienne-ines-ibbou-perd-une-place-et-regresse-au-183e-rang-itf?utm_source=feedburner&#038;utm_medium=feed&#038;utm_campaign=Feed%3A+aps-sport+%28APS+-+SPORT%29\">Cliquez ici pour lire l&rsquo;article depuis sa source.<\/a><\/p>\n","protected":false},"excerpt":{"rendered":"<p>LONDRES- La tenniswoman alg\u00e9rienne In\u00e8s Ibbou a perdu une place dans le nouveau classement mondial f\u00e9minin, d\u00e9voil\u00e9 lundi par la F\u00e9d\u00e9ration internationale (ITF) et occupe d\u00e9sormais le 183e rang, avec un total de 146 points. La championne d&rsquo;Afrique de 2015, aujourd&rsquo;hui \u00e2g\u00e9e de 20 ans, r\u00e9alise n\u00e9anmoins une bonne affaire, en effectuant son grand retour [&hellip;]<\/p>\n","protected":false},"author":1790,"featured_media":0,"comment_status":"closed","ping_status":"closed","sticky":false,"template":"","format":"standard","meta":{"fifu_image_url":"","fifu_image_alt":"","footnotes":""},"categories":[53,75],"tags":[],"class_list":["post-59199","post","type-post","status-publish","format-standard","hentry","category-algerie","category-sport"],"_links":{"self":[{"href":"https:\/\/linitiative.ca\/International\/wp-json\/wp\/v2\/posts\/59199","targetHints":{"allow":["GET"]}}],"collection":[{"href":"https:\/\/linitiative.ca\/International\/wp-json\/wp\/v2\/posts"}],"about":[{"href":"https:\/\/linitiative.ca\/International\/wp-json\/wp\/v2\/types\/post"}],"author":[{"embeddable":true,"href":"https:\/\/linitiative.ca\/International\/wp-json\/wp\/v2\/users\/1790"}],"replies":[{"embeddable":true,"href":"https:\/\/linitiative.ca\/International\/wp-json\/wp\/v2\/comments?post=59199"}],"version-history":[{"count":0,"href":"https:\/\/linitiative.ca\/International\/wp-json\/wp\/v2\/posts\/59199\/revisions"}],"wp:attachment":[{"href":"https:\/\/linitiative.ca\/International\/wp-json\/wp\/v2\/media?parent=59199"}],"wp:term":[{"taxonomy":"category","embeddable":true,"href":"https:\/\/linitiative.ca\/International\/wp-json\/wp\/v2\/categories?post=59199"},{"taxonomy":"post_tag","embeddable":true,"href":"https:\/\/linitiative.ca\/International\/wp-json\/wp\/v2\/tags?post=59199"}],"curies":[{"name":"wp","href":"https:\/\/api.w.org\/{rel}","templated":true}]}}