{"id":59256,"date":"2019-08-26T10:57:57","date_gmt":"2019-08-26T14:57:57","guid":{"rendered":"https:\/\/linitiative.ca\/International\/liberation-dyves-michel-victor-fotso-sen-prend-aux-collaborateurs-du-chef-de-letat\/"},"modified":"2019-08-26T10:57:57","modified_gmt":"2019-08-26T14:57:57","slug":"liberation-dyves-michel-victor-fotso-sen-prend-aux-collaborateurs-du-chef-de-letat","status":"publish","type":"post","link":"https:\/\/linitiative.ca\/International\/liberation-dyves-michel-victor-fotso-sen-prend-aux-collaborateurs-du-chef-de-letat\/","title":{"rendered":"\u00ab Lib\u00e9ration \u00bb d\u2019Yves Michel : Victor Fotso s\u2019en prend aux collaborateurs du chef de l\u2019Etat"},"content":{"rendered":"<div class=\"featured-area featured-area-inner\"><img loading=\"lazy\" decoding=\"async\" width=\"780\" height=\"400\" src=\"https:\/\/i2.wp.com\/ecomatin.net\/wp-content\/uploads\/2019\/08\/ecomatin.net-fotso-victor.jpg?resize=780%2C400&#038;ssl=1&#038;is-pending-load=1\" class=\"attachment-jannah-image-post size-jannah-image-post wp-post-image jetpack-lazy-image\" alt=\"\" data-attachment-id=\"10848\" data-permalink=\"https:\/\/ecomatin.net\/liberation-dyves-michel-victor-fotso-sen-prend-aux-collaborateurs-du-chef-de-letat\/fotso-victor\/\" data-orig-file=\"https:\/\/i2.wp.com\/ecomatin.net\/wp-content\/uploads\/2019\/08\/ecomatin.net-fotso-victor.jpg?fit=800%2C400&#038;ssl=1\" data-orig-size=\"800,400\" data-comments-opened=\"0\" data-image-meta=\"{\"aperture\":\"0\",\"credit\":\"\",\"camera\":\"\",\"caption\":\"\",\"created_timestamp\":\"0\",\"copyright\":\"\",\"focal_length\":\"0\",\"iso\":\"0\",\"shutter_speed\":\"0\",\"title\":\"\",\"orientation\":\"1\"}\" data-image-title=\"Fotso Victor\" data-image-description=\"\" data-medium-file=\"https:\/\/i2.wp.com\/ecomatin.net\/wp-content\/uploads\/2019\/08\/ecomatin.net-fotso-victor.jpg?fit=300%2C150&#038;ssl=1\" data-large-file=\"https:\/\/i2.wp.com\/ecomatin.net\/wp-content\/uploads\/2019\/08\/ecomatin.net-fotso-victor.jpg?fit=800%2C400&#038;ssl=1\" srcset=\"data:image\/gif;base64,R0lGODlhAQABAIAAAAAAAP\/\/\/yH5BAEAAAAALAAAAAABAAEAAAIBRAA7\"\/><\/div>\n<div class=\"entry-content entry clearfix\" readability=\"51\">\n<p>Le richissime homme d\u2019affaires a profit\u00e9 de la circonstance pour lancer des \u00ab\u00a0missiles\u00a0\u00bb aux personnalit\u00e9s qui auraient provoqu\u00e9 l\u2019incarc\u00e9ration d\u2019<strong>Yves Michel Fotso<\/strong> et qui auraient man\u0153uvr\u00e9 pour emp\u00eacher \u00ab <em>la lib\u00e9ration de mon fils<\/em> \u00bb. Selon p\u00e8re <strong>Fotso<\/strong>, son fils a \u00e9t\u00e9 induit \u00ab <em>en erreur par certains de vos collaborateurs encore en fonction dans les couloirs du pouvoir<\/em> \u00bb, \u00e9crit-il au pr\u00e9sident de la R\u00e9publique. Avant d\u2019ajouter que \u00ab<em>ces m\u00eames collaborateurs ont voulu passer outre vos instructions en prorogeant de plusieurs mois l\u2019internement de mon fils Yves-Michel. Il s\u2019agit d\u2019individus, il faut le dire, qui n\u2019ont de cesse de saper votre action pour des objectifs inavou\u00e9s, et qu\u2019il faudra absolument neutraliser compte tenu de leurs connexions av\u00e9r\u00e9es avec les ennemis de la Nation<\/em> \u00bb, a-t-il dit \u00e0 Paul Biya.<\/p>\n<p>Rappelons qu\u2019Yves-Michel Fotso est incarc\u00e9r\u00e9 depuis d\u00e9cembre 2010 pour plusieurs dossiers (d\u00e9tournement de <strong>32,4 milliards FCFA<\/strong>) et condamn\u00e9 \u00e0 25 ans de prison dans le scandale de l\u2019achat avort\u00e9 d\u2019un avion pr\u00e9sidentiel, \u00ab <em>affaire Albatros<\/em> \u00bb. Mais ses ennuis judiciaires ne se r\u00e9sument peut-\u00eatre pas tous \u00e0 des affaires de gros sous. Pour ses proches, Yves-Michel Fotso est un bouc \u00e9missaire : il payerait les frais d\u2019un incident technique qui avait perturb\u00e9 le vol inaugural du Boeing pr\u00e9sidentiel. Le pilote avait eu du mal \u00e0 rentrer les volets des ailes. Le chef de l\u2019Etat Biya, qui se rendait alors \u00e0 Paris, en avait \u00e9t\u00e9 quitte pour une grosse frayeur.<\/p>\n<div class=\"about-author about-author-box container-wrapper\">\n<div class=\"author-avatar\">\n<p><img decoding=\"async\" src=\"http:\/\/\" alt=\"\"\/><\/p>\n<\/div>\n<p><h4>La R\u00e9daction EcoMatin<\/h4>\n<\/p>\n<\/div>\n<div class=\"awac-wrapper awac widget blog_subscription-2\">\n<h4 class=\"widget-title\">Abonnez-vous \u00e0 notre lettre d&rsquo;information<\/h4>\n<\/div>\n<\/div>\n<div class=\"toggle-post-content clearfix\"><a id=\"toggle-post-button\" class=\"button\" href=\"#\">Afficher plus <\/a><\/div>\n<p>Auteur: EcoMatin<br \/>\n<a href=\"https:\/\/ecomatin.net\/liberation-dyves-michel-victor-fotso-sen-prend-aux-collaborateurs-du-chef-de-letat\/\">Cliquez ici pour lire l&rsquo;article depuis sa source.<\/a><\/p>\n","protected":false},"excerpt":{"rendered":"<p>Le richissime homme d\u2019affaires a profit\u00e9 de la circonstance pour lancer des \u00ab\u00a0missiles\u00a0\u00bb aux personnalit\u00e9s qui auraient provoqu\u00e9 l\u2019incarc\u00e9ration d\u2019Yves Michel Fotso et qui auraient man\u0153uvr\u00e9 pour emp\u00eacher \u00ab la lib\u00e9ration de mon fils \u00bb. Selon p\u00e8re Fotso, son fils a \u00e9t\u00e9 induit \u00ab en erreur par certains de vos collaborateurs encore en fonction dans [&hellip;]<\/p>\n","protected":false},"author":1969,"featured_media":0,"comment_status":"closed","ping_status":"closed","sticky":false,"template":"","format":"standard","meta":{"fifu_image_url":"","fifu_image_alt":"","footnotes":""},"categories":[82,78],"tags":[],"class_list":["post-59256","post","type-post","status-publish","format-standard","hentry","category-cameroun","category-economie"],"_links":{"self":[{"href":"https:\/\/linitiative.ca\/International\/wp-json\/wp\/v2\/posts\/59256","targetHints":{"allow":["GET"]}}],"collection":[{"href":"https:\/\/linitiative.ca\/International\/wp-json\/wp\/v2\/posts"}],"about":[{"href":"https:\/\/linitiative.ca\/International\/wp-json\/wp\/v2\/types\/post"}],"author":[{"embeddable":true,"href":"https:\/\/linitiative.ca\/International\/wp-json\/wp\/v2\/users\/1969"}],"replies":[{"embeddable":true,"href":"https:\/\/linitiative.ca\/International\/wp-json\/wp\/v2\/comments?post=59256"}],"version-history":[{"count":0,"href":"https:\/\/linitiative.ca\/International\/wp-json\/wp\/v2\/posts\/59256\/revisions"}],"wp:attachment":[{"href":"https:\/\/linitiative.ca\/International\/wp-json\/wp\/v2\/media?parent=59256"}],"wp:term":[{"taxonomy":"category","embeddable":true,"href":"https:\/\/linitiative.ca\/International\/wp-json\/wp\/v2\/categories?post=59256"},{"taxonomy":"post_tag","embeddable":true,"href":"https:\/\/linitiative.ca\/International\/wp-json\/wp\/v2\/tags?post=59256"}],"curies":[{"name":"wp","href":"https:\/\/api.w.org\/{rel}","templated":true}]}}