{"id":59307,"date":"2019-08-26T20:00:00","date_gmt":"2019-08-27T00:00:00","guid":{"rendered":"https:\/\/linitiative.ca\/International\/en-visite-en-2e-region-militaire-m-gaid-salah-une-presidentielle-dans-les-plus-brefs-delais\/"},"modified":"2019-08-26T20:00:00","modified_gmt":"2019-08-27T00:00:00","slug":"en-visite-en-2e-region-militaire-m-gaid-salah-une-presidentielle-dans-les-plus-brefs-delais","status":"publish","type":"post","link":"https:\/\/linitiative.ca\/International\/en-visite-en-2e-region-militaire-m-gaid-salah-une-presidentielle-dans-les-plus-brefs-delais\/","title":{"rendered":"En visite en 2e R\u00e9gion Militaire, M. Ga\u00efd Salah : \u00ab Une pr\u00e9sidentielle  dans les plus brefs d\u00e9lais \u00bb"},"content":{"rendered":"<p><strong>A la Base Navale Principale de Mers El-K\u00e9bir, le G\u00e9n\u00e9ral de Corps d\u2019Arm\u00e9e, Ahmed Ga\u00efd Salah, Vice-Ministre de la D\u00e9fense Nationale, Chef d\u2019\u00c9tat-Major de l\u2019Arm\u00e9e Nationale Populaire, qui a effectu\u00e9 une visite de deux jours \u00e0 la 2e r\u00e9gion militaire (Oran), s\u2019est r\u00e9uni avec les cadres et les personnels\u00a0 de la Fa\u00e7ade Maritime Ouest, o\u00f9 il a prononc\u00e9 une allocution d\u2019orientation, diffus\u00e9e \u00e0 l&rsquo;ensemble des personnels des unit\u00e9s maritimes du pays.<\/strong><\/p>\n<p>\u00abCette phase cruciale que l\u2019Alg\u00e9rie traverse requiert de la sagesse, de la patience et de la clairvoyance, une phase dans laquelle l\u2019Arm\u00e9e Nationale Populaire a fait le serment d\u2019accompagner le peuple, les institutions de l\u2019Etat et le processus de dialogue, selon une approche bien \u00e9tudi\u00e9e, confirmant, \u00e0 chaque fois, ses positions immuables envers la nation et le peuple et mettant en garde contre toute atteinte aux int\u00e9r\u00eats supr\u00eames de la nation qui ne peuvent en aucun cas faire l\u2019objet de surench\u00e8re.<br \/>Cette approche s\u2019articule sur la primaut\u00e9 de la l\u00e9gitimit\u00e9 constitutionnelle, \u00e0 travers l\u2019organisation d\u2019une \u00e9lections pr\u00e9sidentielles transparentes dans les plus brefs d\u00e9lais, afin d\u2019\u00e9viter toutes les phases de transition dont les cons\u00e9quences sont p\u00e9rilleuses, clam\u00e9es par certaines parties qui n\u2019ont d\u2019autres objectifs que l\u2019aboutissement de leurs int\u00e9r\u00eats \u00e9troits et ceux de leurs ma\u00eetres ; des parties qui commencent \u00e0 \u00eatre d\u00e9masqu\u00e9es, et nous avons des informations confirm\u00e9es de leur implication, et que nous d\u00e9voilerons au moment opportun. Je dis, cette approche qui appelle \u00e0 la voie du dialogue rationnel, sinc\u00e8re et s\u00e9rieux, jouit de l\u2019appui de la majorit\u00e9 des composantes du peuple alg\u00e9rien, comme \u00e9tant le moyen le plus ad\u00e9quat \u00e0 m\u00eame de pr\u00e9server les int\u00e9r\u00eats supr\u00eames de la nation, ce qui a \u00e9t\u00e9 confirm\u00e9 par Monsieur le Chef de l\u2019Etat dans son message adress\u00e9 au peuple alg\u00e9rien \u00e0 l\u2019occasion de la Journ\u00e9e du moudjahid.<br \/>A ce titre pr\u00e9cis\u00e9ment, je tiens \u00e0 saluer les efforts patriotiques et sinc\u00e8res consentis par l\u2019instance nationale de la m\u00e9diation et du dialogue, et je valorise les r\u00e9sultats encourageants r\u00e9alis\u00e9s en si peu de temps, comme je tiens \u00e0 remercier tous ceux qui ont r\u00e9pondu \u00e0 l\u2019appel de la patrie, partant de leur sinc\u00e8re loyaut\u00e9 et de leur profonde conviction que l\u2019Alg\u00e9rie, dont les terres ont \u00e9t\u00e9 irrigu\u00e9es par le sang pure des millions de Chouhada, saura s\u2019en sortir, avec l\u2019aide d\u2019Allah Le Tout-Puissant, et triompher comme elle l\u2019a toujours fait.<br \/>Dans ce cadre pr\u00e9cis\u00e9ment, je salue tous les efforts fournis pour faire avancer le dialogue et trouver une sortie rationnelle et objective de la crise actuelle, tout comme nous r\u00e9it\u00e9rons, encore une fois, nos appels aux enfants loyaux et sinc\u00e8res, mus par les bonnes intentions, et jaloux de l\u2019Alg\u00e9rie, \u00e0 unir leurs forces tel un seul homme et r\u00e9pondre \u00e0 l\u2019appel de la patrie sans plus tarder, pour contribuer \u00e0 l\u2019enrichissement de ce dialogue national, de mani\u00e8re \u00e0 garantir l\u2019organisation des \u00e9lections pr\u00e9sidentielles dans les plus brefs d\u00e9lais, dans un climat de transparence, d\u2019honn\u00eatet\u00e9 et de respect de la volont\u00e9 populaire dans l\u2019\u00e9lection d\u2019un Pr\u00e9sident de la R\u00e9publique, au service de son pays et de son peuple avec fid\u00e9lit\u00e9 et abn\u00e9gation, qui jouira de toutes les pr\u00e9rogatives pour concr\u00e9tiser les aspirations du peuple, et qui m\u00e8nera notre pays vers l\u2019avenir escompt\u00e9\u00bb.<br \/>Monsieur le G\u00e9n\u00e9ral de Corps d\u2019Arm\u00e9e a mis en garde contre des voix dont les intentions malveillantes sont bien connues, qui ont vendu leurs \u00e2mes pour servir les int\u00e9r\u00eats de la bande et ceux de leurs ma\u00eetres, et qui \u0153uvrent par tous les moyens \u00e0 entraver le travail de l\u2019instance nationale de la m\u00e9diation et du dialogue, notamment en tentant d\u2019imposer des conditions irr\u00e9alisables et des exigences rejet\u00e9es dans leur totalit\u00e9, et en faisant la promotion de l\u2019id\u00e9e de la n\u00e9gociation au lieu du dialogue et de la d\u00e9signation plut\u00f4t que l\u2019\u00e9lection :<br \/>\u00abCes \u00e9lections seront une v\u00e9ritable opportunit\u00e9 pour accomplir la volont\u00e9 populaire et la traduire concr\u00e8tement \u00e0 travers l\u2019\u00e9lection d\u2019un Pr\u00e9sident de la R\u00e9publique qui jouira de la l\u00e9gitimit\u00e9 requise et de la confiance du peuple, qui insiste sur cette exigence et sur sa position immuable quant \u00e0 la pr\u00e9paration et le d\u00e9roulement des \u00e9lections pr\u00e9sidentielles, dans les plus brefs d\u00e9lais. Bien au-del\u00e0, la logique impose que la pr\u00e9paration de ces \u00e9lections commence dans les semaines \u00e0 venir parce que le temps n\u2019est pas de notre c\u00f4t\u00e9, comme nous l\u2019avons soulign\u00e9 \u00e0 maintes reprises, et parce que tout ce que nous avan\u00e7ons est bas\u00e9 sur des informations av\u00e9r\u00e9es et des donn\u00e9es fiables qui confirment toutes que c\u2019est le choix le plus s\u00fbr et le plus ad\u00e9quat pour sortir de la crise actuelle.<br \/>Ainsi, j\u2019appelle encore une fois, \u00e0 l\u2019imp\u00e9ratif d\u2019acc\u00e9l\u00e9rer le processus d\u2019installation de l\u2019instance nationale ind\u00e9pendante pour la pr\u00e9paration, l\u2019organisation et la surveillance des \u00e9lections pr\u00e9sidentielles, qui repr\u00e9sente une garantie essentielle pour surpasser la situation actuelle.<br \/>Cependant et bien malheureusement, au moment o\u00f9 les fid\u00e8les et sinc\u00e8res enfants de cette patrie appellent \u00e0 poursuivre la consolidation de la coh\u00e9sion nationale et multiplient les efforts en privil\u00e9giant l\u2019int\u00e9r\u00eat supr\u00eame de la nation, quelques voix fourbes dont les intentions malveillantes sont bien connues, ayant vendu leurs \u00e2mes pour servir les int\u00e9r\u00eats de la bande et ceux de leurs ma\u00eetres, \u0153uvrent par tous les moyens possibles \u00e0 entraver le travail de l\u2019instance nationale de la m\u00e9diation et du dialogue. Ils tentent notamment d\u2019imposer des conditions irr\u00e9alisables et des exigences rejet\u00e9es dans leur totalit\u00e9, notamment en faisant la promotion de l\u2019id\u00e9e de la n\u00e9gociation au lieu du dialogue et de la d\u00e9signation plut\u00f4t que l\u2019\u00e9lection, usant de man\u0153uvres flagrantes en portant l\u2019attention sur des questions marginales et sans aucun int\u00e9r\u00eat, outre la tentative de diffuser des id\u00e9es sombres qui condamnent le futur Pr\u00e9sident et lui imposent des agendas pr\u00e9\u00e9tablis, et c\u2019est l\u00e0 une pratique inacceptable, car incompatible avec les dispositions de la Constitution qui est claire dans ce domaine, et qui limitent les pr\u00e9rogatives du Pr\u00e9sident \u00e9lu, en d\u00e9pit du fait que suite \u00e0 son \u00e9lection, il aura obtenu la l\u00e9gitimit\u00e9 de l\u2019urne et jouira de la confiance du peuple qui l\u2019a choisi sur la base d\u2019un programme d\u00e9fini. Toutes ces manigances visent \u00e0 perturber le processus du dialogue et de l\u2019orienter pour servir les int\u00e9r\u00eats personnels de la bande. Comme je tiens \u00e0 adresser, \u00e0 cette occasion, aux hommes de la justice notre reconnaissance et nos encouragements, pour les efforts qu\u2019ils fournissent dans la lutte contre la corruption, et nous r\u00e9it\u00e9rons notre engagement au sein de l\u2019Arm\u00e9e Nationale Populaire, \u00e0 les accompagner et \u00e0 leur assurer les garanties n\u00e9cessaires \u00e0 l\u2019ex\u00e9cution de leurs nobles missions, loin de toute forme de pression, car la justice, qui est le pilier de l\u2019Etat de droit, a recouvr\u00e9, gr\u00e2ce \u00e0 Allah Le Tout-Puissant, ses pr\u00e9rogatives, son ind\u00e9pendance et son v\u00e9ritable r\u00f4le, et ses hommes sont d\u00e9termin\u00e9s et r\u00e9solus \u00e0 faire appliquer scrupuleusement la loi contre les conspirateurs, \u00e0 travers le traitement de tous les dossiers sans exception, y compris ceux rest\u00e9s au fond des tiroirs et aux oubliettes, comme je l\u2019ai soulign\u00e9 lors de pr\u00e9c\u00e9dentes occasions\u00bb.<br \/>Monsieur le G\u00e9n\u00e9ral de Corps d\u2019Arm\u00e9e a tenu, enfin, \u00e0 f\u00e9liciter les \u00e9quipages des deux sous-marins pour leur bonne ma\u00eetrise des armes et des \u00e9quipements de haute technologie, tout en soulignant les grands efforts consentis dans le but de d\u00e9velopper les capacit\u00e9s des Forces Navales en tant que composante essentielle de nos Forces Arm\u00e9es :<br \/>\u00abL\u2019ex\u00e9cution de ces exercices d\u2019essai constitue l\u2019une des m\u00e9thodes les plus efficientes \u00e0 travers lesquelles on peut superviser et juger le degr\u00e9 d\u2019assimilation des programmes de pr\u00e9paration au combat, outre la fiabilit\u00e9 de la formation dispens\u00e9e \u00e0 plus d\u2019un niveau et sa compatibilit\u00e9 avec les missions confi\u00e9es.<br \/>A ce titre, je dois souligner, voire attirer l\u2019attention sur le fait que parmi les m\u00e9thodes les plus efficaces pour l\u2019assimilation des exigences d\u2019une parfaite exploitation du mat\u00e9riel et des \u00e9quipements modernes mis \u00e0 disposition, s\u2019av\u00e8re la pers\u00e9v\u00e9rance dans la concr\u00e9tisation des programmes de pr\u00e9paration au combat.<br \/>A cet effet et apr\u00e8s la mise en service de ces deux sous-marins au d\u00e9but de l\u2019ann\u00e9e en cours, cet exercice vient couronner l\u2019\u00e9tape de la formation th\u00e9orique et pratique suivie par les \u00e9quipages et \u00e0 travers laquelle ils ont pu assimiler les nouvelles technologies et les exigences de la bonne exploitation des moyens navals avec une grande efficacit\u00e9 en termes de performance et de maniement des technologies utilis\u00e9es, constituant ainsi une pierre ajout\u00e9e \u00e0 celles d\u00e9j\u00e0 existantes, qui vient renforcer aujourd\u2019hui notre flotte navale, qui contribuera \u00e0 l\u2019\u00e9dification de nos Forces Navales qui constituent une des composantes essentielles de notre Corps de Bataille, et qui contribue \u00e9galement \u00e0 mettre en relief la vision clairvoyante adopt\u00e9e dans ce domaine strat\u00e9gique et vital.<br \/>Cette vision qui commence \u00e0 donner ses fruits et dont le Haut Commandement de l\u2019Arm\u00e9e Nationale Populaire ne cesse d\u2019en impr\u00e9gner les esprits et les c\u0153urs des personnels militaires.<br \/>Ainsi et suivant cette cadence soutenue et d\u00e9vou\u00e9e, notre flotte navale a pu, en peu d\u2019ann\u00e9es, \u00e0 l\u2019instar des autres Forces, r\u00e9unir tous les facteurs de la puissance, de la modernisation et maitriser les technologies de pointe, voire les plus complexes.<br \/>Notre flotte navale est devenue, ainsi, un mod\u00e8le \u00e0 suivre dans le domaine du travail professionnel, s\u00e9rieux et responsable, ce qui lui permet de maitriser et d\u2019exploiter parfaitement et rationnellement ce genre d\u2019arme navale strat\u00e9gique et d\u2019autres moyens et \u00e9quipements modernes qui rev\u00eatent, comme vous le savez, leur importance capitale en mati\u00e8re de consolidation de la puissance maritime et de confirmation de la pr\u00e9sence de nos Forces Navales dans le bassin m\u00e9diterran\u00e9en.\u00bb<br \/>\u00a0<\/p>\n<p>Auteur: elmoudjahid<br \/>\n<a href=\"http:\/\/www.elmoudjahid.com\/fr\/actualites\/141228\">Cliquez ici pour lire l&rsquo;article depuis sa source.<\/a><\/p>\n","protected":false},"excerpt":{"rendered":"<p>A la Base Navale Principale de Mers El-K\u00e9bir, le G\u00e9n\u00e9ral de Corps d\u2019Arm\u00e9e, Ahmed Ga\u00efd Salah, Vice-Ministre de la D\u00e9fense Nationale, Chef d\u2019\u00c9tat-Major de l\u2019Arm\u00e9e Nationale Populaire, qui a effectu\u00e9 une visite de deux jours \u00e0 la 2e r\u00e9gion militaire (Oran), s\u2019est r\u00e9uni avec les cadres et les personnels\u00a0 de la Fa\u00e7ade Maritime Ouest, o\u00f9 [&hellip;]<\/p>\n","protected":false},"author":1744,"featured_media":0,"comment_status":"closed","ping_status":"closed","sticky":false,"template":"","format":"standard","meta":{"fifu_image_url":"","fifu_image_alt":"","footnotes":""},"categories":[73,53],"tags":[],"class_list":["post-59307","post","type-post","status-publish","format-standard","hentry","category-actualite","category-algerie"],"_links":{"self":[{"href":"https:\/\/linitiative.ca\/International\/wp-json\/wp\/v2\/posts\/59307","targetHints":{"allow":["GET"]}}],"collection":[{"href":"https:\/\/linitiative.ca\/International\/wp-json\/wp\/v2\/posts"}],"about":[{"href":"https:\/\/linitiative.ca\/International\/wp-json\/wp\/v2\/types\/post"}],"author":[{"embeddable":true,"href":"https:\/\/linitiative.ca\/International\/wp-json\/wp\/v2\/users\/1744"}],"replies":[{"embeddable":true,"href":"https:\/\/linitiative.ca\/International\/wp-json\/wp\/v2\/comments?post=59307"}],"version-history":[{"count":0,"href":"https:\/\/linitiative.ca\/International\/wp-json\/wp\/v2\/posts\/59307\/revisions"}],"wp:attachment":[{"href":"https:\/\/linitiative.ca\/International\/wp-json\/wp\/v2\/media?parent=59307"}],"wp:term":[{"taxonomy":"category","embeddable":true,"href":"https:\/\/linitiative.ca\/International\/wp-json\/wp\/v2\/categories?post=59307"},{"taxonomy":"post_tag","embeddable":true,"href":"https:\/\/linitiative.ca\/International\/wp-json\/wp\/v2\/tags?post=59307"}],"curies":[{"name":"wp","href":"https:\/\/api.w.org\/{rel}","templated":true}]}}