{"id":59391,"date":"2019-08-28T06:23:08","date_gmt":"2019-08-28T10:23:08","guid":{"rendered":"https:\/\/linitiative.ca\/International\/leconomie-nationale-resiste-mieux\/"},"modified":"2019-08-28T06:23:08","modified_gmt":"2019-08-28T10:23:08","slug":"leconomie-nationale-resiste-mieux","status":"publish","type":"post","link":"https:\/\/linitiative.ca\/International\/leconomie-nationale-resiste-mieux\/","title":{"rendered":"L\u2019\u00e9conomie nationale r\u00e9siste mieux !"},"content":{"rendered":"<p class=\"c4\"><span class=\"c3\"><strong><span class=\"c2\">L<\/span>es indicateurs de performance de l\u2019activit\u00e9 \u00e9conomique nationale affichent des signaux positifs malgr\u00e9 les incertitudes qui guettent l\u2019\u00e9conomie mondiale.<\/strong><\/span><\/p>\n<p class=\"c4\">La note de conjoncture du mois d\u2019ao\u00fbt de la Direction des pr\u00e9visions \u00e9conomiques et financi\u00e8res (DPEF) renseigne sur les r\u00e9sultats favorables enregistr\u00e9s dans plusieurs secteurs qui ont contribu\u00e9 de mani\u00e8re significative dans la valeur ajout\u00e9e totale. Il s\u2019agit bien des nouveaux m\u00e9tiers mondiaux, de l\u2019industrie alimentaire, des BTP\u00a0 et du secteur industriel. La demande ext\u00e9rieure adress\u00e9e au Maroc figure \u00e9galement dans la liste des facteurs favorisant la bonne tenue de l\u2019ensemble des indicateurs \u00a0\u00e9conomiques \u00e0 fin juin 2019.<\/p>\n<p class=\"c4\">Ainsi malgr\u00e9, les contres performances du secteur agricole un recul de sa valeur ajout\u00e9e, attribu\u00e9 essentiellement \u00e0 la baisse de la production c\u00e9r\u00e9ali\u00e8re mais qui a \u00e9t\u00e9 en partie compens\u00e9e par la bonne performance des autres fili\u00e8res agricoles.<\/p>\n<p class=\"c4\">N\u00e9anmoins, l\u2019\u00e9conomie nationale continue de tirer profit du bon comportement de la demande int\u00e9rieure et de la consommation des m\u00e9nages et du maintien de l\u2019effort d\u2019investissement. A cela s\u2019ajoute la hausse des exportations mais aussi des importations. Pourtant, le d\u00e9ficit commercial a \u00e9t\u00e9 all\u00e9g\u00e9 de 21,3% \u00e0 fin juin. Les R\u00e9serves Internationales Nettes couvrent \u00a05 mois et 2 jours d\u2019importations de biens et services \u00e0 fin juin 2019.<\/p>\n<p class=\"c4\">La conjoncture \u00e9conomique nationale a \u00e9t\u00e9, par ailleurs, tir\u00e9e vers le haut gr\u00e2ce aux r\u00e9sultats positifs des plusieurs secteurs dont\u00a0 Poursuite de la dynamique des cr\u00e9dits bancaires \u00e0 fin juin. C\u2019est tout particuli\u00e8rement le secteur \u00e9nerg\u00e9tique, du BTP, de l\u2019industrie et de la vigueur des activit\u00e9s li\u00e9es au tourisme, au transport et aux t\u00e9l\u00e9communications. La performance du secteur tertiaire est prise en consid\u00e9ration.<\/p>\n<p class=\"c4\">De m\u00eame pour la consolidation de l\u2019effort d\u2019investissement public , du bon comportement des cr\u00e9dits \u00e0 l\u2019\u00e9quipement et de la maitrise continue de l\u2019inflation durant la p\u00e9riode consid\u00e9r\u00e9e.\u00a0 Au niveau du commerce ext\u00e9rieur, on retient la hausse des exportations de 3,1% des produits agroalimentaires, a\u00e9ronautique et automobile. A elles seules, Les recettes de voyages et les transferts des MRE ont permis de couvrir 62,2% du d\u00e9ficit commercial.<\/p>\n<p class=\"c4\">En termes de financement de l\u2019\u00e9conomie, la rapport de la DPEF r\u00e9v\u00e8le une am\u00e9lioration du rythme de progression des cr\u00e9dits bancaires \u00e0 +5,1% \u00e0 fin juin 2019 apr\u00e8s +1,8% l\u2019ann\u00e9e derni\u00e8re, notamment, les cr\u00e9dits de tr\u00e9sorerie et les cr\u00e9dits \u00e0 caract\u00e8re financier. La note fait ressortir par ailleurs, un all\u00e8gement du d\u00e9ficit budg\u00e9taire de 21,3% pour se situer \u00e0 16,6 milliards de dirhams \u00e0 fin juin 2019.<\/p>\n<p class=\"c5\"><strong>Fairouz El Mouden<\/strong><\/p>\n<p>Auteur: M&rsquo;hammed rahal<br \/>\n<a href=\"http:\/\/albayane.press.ma\/leconomie-nationale-resiste-mieux.html\">Cliquez ici pour lire l&rsquo;article depuis sa source.<\/a><\/p>\n","protected":false},"excerpt":{"rendered":"<p>Les indicateurs de performance de l\u2019activit\u00e9 \u00e9conomique nationale affichent des signaux positifs malgr\u00e9 les incertitudes qui guettent l\u2019\u00e9conomie mondiale. La note de conjoncture du mois d\u2019ao\u00fbt de la Direction des pr\u00e9visions \u00e9conomiques et financi\u00e8res (DPEF) renseigne sur les r\u00e9sultats favorables enregistr\u00e9s dans plusieurs secteurs qui ont contribu\u00e9 de mani\u00e8re significative dans la valeur ajout\u00e9e totale. [&hellip;]<\/p>\n","protected":false},"author":1760,"featured_media":0,"comment_status":"closed","ping_status":"closed","sticky":false,"template":"","format":"standard","meta":{"fifu_image_url":"","fifu_image_alt":"","footnotes":""},"categories":[73,54],"tags":[],"class_list":["post-59391","post","type-post","status-publish","format-standard","hentry","category-actualite","category-maroc"],"_links":{"self":[{"href":"https:\/\/linitiative.ca\/International\/wp-json\/wp\/v2\/posts\/59391","targetHints":{"allow":["GET"]}}],"collection":[{"href":"https:\/\/linitiative.ca\/International\/wp-json\/wp\/v2\/posts"}],"about":[{"href":"https:\/\/linitiative.ca\/International\/wp-json\/wp\/v2\/types\/post"}],"author":[{"embeddable":true,"href":"https:\/\/linitiative.ca\/International\/wp-json\/wp\/v2\/users\/1760"}],"replies":[{"embeddable":true,"href":"https:\/\/linitiative.ca\/International\/wp-json\/wp\/v2\/comments?post=59391"}],"version-history":[{"count":0,"href":"https:\/\/linitiative.ca\/International\/wp-json\/wp\/v2\/posts\/59391\/revisions"}],"wp:attachment":[{"href":"https:\/\/linitiative.ca\/International\/wp-json\/wp\/v2\/media?parent=59391"}],"wp:term":[{"taxonomy":"category","embeddable":true,"href":"https:\/\/linitiative.ca\/International\/wp-json\/wp\/v2\/categories?post=59391"},{"taxonomy":"post_tag","embeddable":true,"href":"https:\/\/linitiative.ca\/International\/wp-json\/wp\/v2\/tags?post=59391"}],"curies":[{"name":"wp","href":"https:\/\/api.w.org\/{rel}","templated":true}]}}