{"id":59392,"date":"2019-08-28T06:46:00","date_gmt":"2019-08-28T10:46:00","guid":{"rendered":"https:\/\/linitiative.ca\/International\/amina-rachid-licone-du-theatre-de-la-television-et-du-cinema-sen-va\/"},"modified":"2019-08-28T06:46:00","modified_gmt":"2019-08-28T10:46:00","slug":"amina-rachid-licone-du-theatre-de-la-television-et-du-cinema-sen-va","status":"publish","type":"post","link":"https:\/\/linitiative.ca\/International\/amina-rachid-licone-du-theatre-de-la-television-et-du-cinema-sen-va\/","title":{"rendered":"Amina Rachid, l\u2019ic\u00f4ne du th\u00e9\u00e2tre, de la t\u00e9l\u00e9vision et du cin\u00e9ma s\u2019en va"},"content":{"rendered":"<p class=\"c3\"><span class=\"c2\"><strong>Elle s\u2019est \u00e9teinte, lundi soir, \u00e0 l\u2019\u00e2ge de 83 ans<\/strong><\/span><\/p>\n<p class=\"c4\"><strong><span class=\"c2\">F<\/span>igure embl\u00e9matique du th\u00e9\u00e2tre, de la t\u00e9l\u00e9vision et du cin\u00e9ma, Amina Rachid s\u2019est \u00e9teinte, lundi soir \u00e0 l\u2019\u00e2ge de 83 ans, des suites d\u2019une longue maladie.<\/strong> <strong>Actrice hors-pair, Amina Rachid, de son vrai nom Jamila Benomar, s\u2019en est all\u00e9e laissant derri\u00e8re elle un imposant legs culturel ayant marqu\u00e9 le c\u0153ur et l\u2019esprit de plusieurs g\u00e9n\u00e9rations de Marocains. Elle, qui a c\u00f4toy\u00e9 les grands \u00abma\u00eetres\u00bb Ta\u00efb Seddiki et Mohamed Hassan El Joundi, fait partie de cette premi\u00e8re g\u00e9n\u00e9ration ayant donn\u00e9 \u00e0 la radio, la t\u00e9l\u00e9vision, le th\u00e9\u00e2tre et le cin\u00e9ma la place qui leur revient dans la sph\u00e8re artistique marocaine.<\/strong><\/p>\n<p class=\"c4\"><strong>Grande dame au r\u00e9pertoire impressionnant, \u00abLalla Amina\u00bb est consid\u00e9r\u00e9e comme une pionni\u00e8re dans son milieu. Avec sa classe et sa facilit\u00e9 naturelle sur sc\u00e8ne, elle a r\u00e9ussi \u00e0 briser le silence et lib\u00e9rer la femme dans un temps o\u00f9 il lui \u00e9tait difficile de s\u2019ouvrir sur plusieurs domaines.<\/strong><\/p>\n<p class=\"c4\"><strong>Avec son d\u00e9vouement et son amour du m\u00e9tier, Amina Rachid a inscrit son nom en lettres d\u2019or au panth\u00e9on des artistes marocains \u00ab\u00a0immortels\u00a0\u00bb. Elle \u00e9tait toujours convaincue du fait que la valeur de l\u2019artiste et de l\u2019Homme r\u00e9sidait dans sa morale et son d\u00e9vouement pour son oeuvre et que la c\u00e9l\u00e9brit\u00e9 et la gloire ne tiraient leur sens que du bon comportement et de l\u2019\u00e9ducation qui les accompagnent\u2026 Repose en paix Lalla Amina.<\/strong><\/p>\n<p class=\"c3\"><span class=\"c2\"><strong>Amina Rachid : Une ic\u00f4ne du th\u00e9\u00e2tre, de la t\u00e9l\u00e9vision et du cin\u00e9ma s\u2019en va<\/strong><\/span><\/p>\n<p class=\"c5\">Par <strong>Driss Guedira<\/strong> (MAP)<\/p>\n<p class=\"c4\"><strong><span class=\"c2\"><img loading=\"lazy\" decoding=\"async\" class=\" wp-image-80854 alignright\" src=\"http:\/\/albayane.press.ma\/wp-content\/uploads\/1449503294791-230x130.jpg\" alt=\"\" width=\"254\" height=\"144\"\/>U<\/span>ne ic\u00f4ne marocaine vient de s\u2019en aller. Amina Rachid, la figure embl\u00e9matique du th\u00e9\u00e2tre, de la t\u00e9l\u00e9vision et du cin\u00e9ma s\u2019est \u00e9teinte, lundi soir \u00e0 l\u2019\u00e2ge de 83 ans, des suites d\u2019une longue maladie.<\/strong><\/p>\n<p class=\"c4\">Actrice hors-pair, Amina Rachid, de son vrai nom Jamila Benomar, s\u2019en est all\u00e9e laissant derri\u00e8re elle un important legs culturel ayant marqu\u00e9 le c\u0153ur et l\u2019esprit de g\u00e9n\u00e9rations de Marocains. Elle, qui a c\u00f4toy\u00e9 les grands \u00ab\u00a0ma\u00eetres\u00a0\u00bb Ta\u00efb Seddiki et Mohamed Hassan El Joundi, fait partie de cette premi\u00e8re g\u00e9n\u00e9ration ayant donn\u00e9 \u00e0 la radio, la t\u00e9l\u00e9vision, le th\u00e9\u00e2tre et le cin\u00e9ma la place qui leur revient dans la sph\u00e8re artistique marocaine.<\/p>\n<p class=\"c4\">Grande dame au r\u00e9pertoire imposant, \u00ab\u00a0Lalla Amina\u00a0\u00bb est consid\u00e9r\u00e9e comme une pionni\u00e8re dans son milieu. Avec sa classe et sa facilit\u00e9 naturelle sur sc\u00e8ne, elle a r\u00e9ussi \u00e0 briser le silence et lib\u00e9rer la femme dans un temps o\u00f9 il lui \u00e9tait difficile de s\u2019ouvrir sur plusieurs domaines.<\/p>\n<p class=\"c4\">Eu \u00e9gard \u00e0 un parcours singulier et \u00e0 une authenticit\u00e9 sans pareille, Amina Rachid a \u00e9t\u00e9 d\u00e9cor\u00e9e, en juillet 2006, par SM le Roi Mohammed VI du Wissam Al Arch de l\u2019ordre de chevalier. D\u2019autres vibrants hommages lui ont \u00e9t\u00e9 rendus \u00e0 maintes occasions, notamment lors de la 4\u00e8me \u00e9dition du Festival cin\u00e9-plage, la 3\u00e8 \u00e9dition du Festival d\u2019Agadir du rire et la 11\u00e8 \u00e9dition du Festival National du Film Tanger.<\/p>\n<p class=\"c4\">Son d\u00e9funt mari, feu Abdallah Chaqroun avait publi\u00e9 un livre intitul\u00e9 \u00ab\u00a0Amina Rachid : Actrice au th\u00e9\u00e2tre, \u00e0 la t\u00e9l\u00e9vision et au cin\u00e9ma\u00a0\u00bb. Cette publication comprend de nombreuses photos qui relatent les \u00e9tapes cl\u00e9s de la carri\u00e8re de cette actrice pas comme les autres, ainsi que des t\u00e9moignages de respect et d\u2019admiration \u00e0 son \u00e9gard de la part de personnalit\u00e9s artistiques et culturelles bien connues.<\/p>\n<p class=\"c4\">Amina Rachid avait entam\u00e9 sa carri\u00e8re par le th\u00e9\u00e2tre et la radio nationale au d\u00e9but des ann\u00e9es 50. D\u00e8s 1955, \u00ab\u00a0Lalla Houbi\u00a0\u00bb a fait son entr\u00e9e dans le 7\u00e8me art avec le film \u00ab\u00a0Le m\u00e9decin malgr\u00e9 lui\u00a0\u00bb du r\u00e9alisateur fran\u00e7ais Henry Jacques, une production franco-maroco-\u00e9gyptienne. Ce film a \u00e9t\u00e9 tourn\u00e9 aux jardins des Oudayas et Dar Essalam \u00e0 Rabat avec la participation d\u2019un nombre de com\u00e9diens \u00e9gyptiens.<\/p>\n<p class=\"c4\">Feue Amina Rachid a \u00e9galement particip\u00e9 dans plusieurs films dont les plus c\u00e9l\u00e8bres sont \u00ab\u00a0A la recherche du mari de ma femme\u00a0\u00bb de Mohamed Ben Abderrahmane Tazi (1993), \u00ab\u00a0Lalla Houbi\u00a0\u00bb du m\u00eame r\u00e9alisateur (1996), \u00ab\u00a0Destin d\u2019une femme\u00a0\u00bb de Hakim Nouri (1998), \u00ab\u00a0Elle est diab\u00e9tique, hypertendue et refuse de crever\u00a0\u00bb de Hakim Nouri (2000) et Les Anges de Satan\u00a0\u00bb d\u2019Ahmed Boulane (2007).<\/p>\n<p class=\"c4\">Malgr\u00e9 le r\u00f4le de la \u00ab\u00a0belle-m\u00e8re\u00a0\u00bb qui lui a \u00e9t\u00e9 souvent attribu\u00e9, Lalla Amina est parvenue \u00e0 chaque fois \u00e0 se montrer sous un diff\u00e9rent jour \u00e9vitant de tomber dans le pi\u00e8ge du personnage clich\u00e9 et st\u00e9r\u00e9otyp\u00e9.<\/p>\n<p class=\"c4\">Avec son d\u00e9vouement et son amour du m\u00e9tier, Amina Rachid a inscrit son nom en lettres d\u2019or au panth\u00e9on des artistes marocains \u00ab\u00a0immortels\u00a0\u00bb. Elle \u00e9tait toujours convaincue du fait que la valeur de l\u2019artiste et de l\u2019Homme r\u00e9sidait dans sa morale et son d\u00e9vouement pour son oeuvre et que la c\u00e9l\u00e9brit\u00e9 et la gloire ne tiraient leur sens que du bon comportement et de l\u2019\u00e9ducation qui les accompagnent \u2026 <strong><span class=\"c6\">Repose en paix Lalla Amina<\/span><\/strong>.<\/p>\n<p>Auteur: M&rsquo;hammed rahal<br \/>\n<a href=\"http:\/\/albayane.press.ma\/amina-rachid-licone-du-theatre-de-la-television-et-du-cinema-sen-va.html\">Cliquez ici pour lire l&rsquo;article depuis sa source.<\/a><\/p>\n","protected":false},"excerpt":{"rendered":"<p>Elle s\u2019est \u00e9teinte, lundi soir, \u00e0 l\u2019\u00e2ge de 83 ans Figure embl\u00e9matique du th\u00e9\u00e2tre, de la t\u00e9l\u00e9vision et du cin\u00e9ma, Amina Rachid s\u2019est \u00e9teinte, lundi soir \u00e0 l\u2019\u00e2ge de 83 ans, des suites d\u2019une longue maladie. Actrice hors-pair, Amina Rachid, de son vrai nom Jamila Benomar, s\u2019en est all\u00e9e laissant derri\u00e8re elle un imposant legs [&hellip;]<\/p>\n","protected":false},"author":1760,"featured_media":59393,"comment_status":"closed","ping_status":"closed","sticky":false,"template":"","format":"standard","meta":{"fifu_image_url":"","fifu_image_alt":"","footnotes":""},"categories":[73,54],"tags":[],"class_list":["post-59392","post","type-post","status-publish","format-standard","has-post-thumbnail","hentry","category-actualite","category-maroc"],"_links":{"self":[{"href":"https:\/\/linitiative.ca\/International\/wp-json\/wp\/v2\/posts\/59392","targetHints":{"allow":["GET"]}}],"collection":[{"href":"https:\/\/linitiative.ca\/International\/wp-json\/wp\/v2\/posts"}],"about":[{"href":"https:\/\/linitiative.ca\/International\/wp-json\/wp\/v2\/types\/post"}],"author":[{"embeddable":true,"href":"https:\/\/linitiative.ca\/International\/wp-json\/wp\/v2\/users\/1760"}],"replies":[{"embeddable":true,"href":"https:\/\/linitiative.ca\/International\/wp-json\/wp\/v2\/comments?post=59392"}],"version-history":[{"count":0,"href":"https:\/\/linitiative.ca\/International\/wp-json\/wp\/v2\/posts\/59392\/revisions"}],"wp:featuredmedia":[{"embeddable":true,"href":"https:\/\/linitiative.ca\/International\/wp-json\/"}],"wp:attachment":[{"href":"https:\/\/linitiative.ca\/International\/wp-json\/wp\/v2\/media?parent=59392"}],"wp:term":[{"taxonomy":"category","embeddable":true,"href":"https:\/\/linitiative.ca\/International\/wp-json\/wp\/v2\/categories?post=59392"},{"taxonomy":"post_tag","embeddable":true,"href":"https:\/\/linitiative.ca\/International\/wp-json\/wp\/v2\/tags?post=59392"}],"curies":[{"name":"wp","href":"https:\/\/api.w.org\/{rel}","templated":true}]}}