{"id":59403,"date":"2019-08-28T06:33:40","date_gmt":"2019-08-28T10:33:40","guid":{"rendered":"https:\/\/linitiative.ca\/International\/adrar-de-nouvelles-structures-pedagogiques-pour-la-prochaine-rentree-scolaire\/"},"modified":"2019-08-28T06:33:40","modified_gmt":"2019-08-28T10:33:40","slug":"adrar-de-nouvelles-structures-pedagogiques-pour-la-prochaine-rentree-scolaire","status":"publish","type":"post","link":"https:\/\/linitiative.ca\/International\/adrar-de-nouvelles-structures-pedagogiques-pour-la-prochaine-rentree-scolaire\/","title":{"rendered":"Adrar : de nouvelles structures p\u00e9dagogiques pour la prochaine rentr\u00e9e scolaire"},"content":{"rendered":"<div>\n<div class=\"K2FeedIntroText\">\n<p><strong>ADRAR- Le secteur de l&rsquo;Education dans la wilaya d&rsquo;Adrar sera renforc\u00e9 d\u00e8s la prochaine rentr\u00e9e scolaire (2019\/2020) par de nouvelles structures p\u00e9dagogiques, tous paliers confondus, afin d&rsquo;am\u00e9liorer les conditions de scolarisation des \u00e9l\u00e8ves, a-t-on appris mercredi aupr\u00e8s de la direction locale de l&rsquo;Education.<\/strong><\/p>\n<\/div>\n<div class=\"K2FeedFullText\">\n<p>Il s&rsquo;agit d&rsquo;un lyc\u00e9e dans la commune de Sali, un coll\u00e8ge d&rsquo;enseignement moyen (CEM) \u00e0 Ksar Kaddour, trois (3) \u00e9coles primaires, des groupements scolaires, en plus de 13 classes d&rsquo;extension r\u00e9parties dans les trois cycles (primaire, moyen et secondaire) , a affirm\u00e9 le secr\u00e9taire g\u00e9n\u00e9ral de la direction de l&rsquo;\u00e9ducation, Melaika La\u00e2radj.<\/p>\n<p>Ces nouvelles structures vont contribuer \u00e0 faire face au ph\u00e9nom\u00e8ne de la surcharge des classes, l&rsquo;am\u00e9lioration des conditions de scolarisation des \u00e9l\u00e8ves de cette wilaya de\u00a0 Sud du pays, a-t-il soulign\u00e9.<\/p>\n<p>Toutes les conditions sont r\u00e9unies pour assurer une bonne rentr\u00e9e scolaire notamment en ce qui concerne l&rsquo;encadrement p\u00e9dagogiques, selon le responsable.<\/p>\n<p>L&rsquo;op\u00e9ration de distribution des manuels scolaires a atteint les 98 %, soit 476 \u00e9tablissements scolaires ont d\u00e9j\u00e0 b\u00e9n\u00e9fici\u00e9 de leurs quotas, a par ailleurs indiqu\u00e9 M. Melaika , ajoutant que la direction a achev\u00e9 tous les pr\u00e9paratifs pour entamer l&rsquo;attribution de la prime de scolarisation au profit des \u00e9l\u00e8ves n\u00e9cessiteux d\u00e8s le d\u00e9but de septembre prochain.<\/p>\n<p>Concernant la restauration scolaire, le secteur de l&rsquo;\u00e9ducation d&rsquo;Adrar compte actuellement 255 cantines structur\u00e9es destin\u00e9es \u00e0 servir des repas chauds aux \u00e9l\u00e8ves.<\/p>\n<p>Quant au transport scolaire, une op\u00e9ration a \u00e9t\u00e9 retenue en coordination avec les collectivit\u00e9s locales pour l&rsquo;acquisition de 281 bus en vue de transporter 27.709 \u00e9l\u00e8ves, alors que d&rsquo;autres communes, \u00e0 l&rsquo;instar de Talmine, Tamekten, Aoulef, Reggane et Charouine ont encore besoins de bus suppl\u00e9mentaires.<\/p>\n<p>Un total de 114.976 \u00e9l\u00e8ves sont attendus dans les trois paliers \u00e0 travers les \u00e9tablissements \u00e9ducatifs de la wilaya d&rsquo;Adrar, au titre de la nouvelle ann\u00e9e scolaire.<\/p>\n<\/div>\n<\/div>\n<p>Auteur:<br \/>\n<a href=\"http:\/\/www.aps.dz\/regions\/93712-adrar-de-nouvelles-structures-pedagogiques-pour-la-prochaine-rentree-scolaire\">Cliquez ici pour lire l&rsquo;article depuis sa source.<\/a><\/p>\n","protected":false},"excerpt":{"rendered":"<p>ADRAR- Le secteur de l&rsquo;Education dans la wilaya d&rsquo;Adrar sera renforc\u00e9 d\u00e8s la prochaine rentr\u00e9e scolaire (2019\/2020) par de nouvelles structures p\u00e9dagogiques, tous paliers confondus, afin d&rsquo;am\u00e9liorer les conditions de scolarisation des \u00e9l\u00e8ves, a-t-on appris mercredi aupr\u00e8s de la direction locale de l&rsquo;Education. Il s&rsquo;agit d&rsquo;un lyc\u00e9e dans la commune de Sali, un coll\u00e8ge d&rsquo;enseignement [&hellip;]<\/p>\n","protected":false},"author":1790,"featured_media":0,"comment_status":"closed","ping_status":"closed","sticky":false,"template":"","format":"standard","meta":{"fifu_image_url":"","fifu_image_alt":"","footnotes":""},"categories":[53,76],"tags":[],"class_list":["post-59403","post","type-post","status-publish","format-standard","hentry","category-algerie","category-regions"],"_links":{"self":[{"href":"https:\/\/linitiative.ca\/International\/wp-json\/wp\/v2\/posts\/59403","targetHints":{"allow":["GET"]}}],"collection":[{"href":"https:\/\/linitiative.ca\/International\/wp-json\/wp\/v2\/posts"}],"about":[{"href":"https:\/\/linitiative.ca\/International\/wp-json\/wp\/v2\/types\/post"}],"author":[{"embeddable":true,"href":"https:\/\/linitiative.ca\/International\/wp-json\/wp\/v2\/users\/1790"}],"replies":[{"embeddable":true,"href":"https:\/\/linitiative.ca\/International\/wp-json\/wp\/v2\/comments?post=59403"}],"version-history":[{"count":0,"href":"https:\/\/linitiative.ca\/International\/wp-json\/wp\/v2\/posts\/59403\/revisions"}],"wp:attachment":[{"href":"https:\/\/linitiative.ca\/International\/wp-json\/wp\/v2\/media?parent=59403"}],"wp:term":[{"taxonomy":"category","embeddable":true,"href":"https:\/\/linitiative.ca\/International\/wp-json\/wp\/v2\/categories?post=59403"},{"taxonomy":"post_tag","embeddable":true,"href":"https:\/\/linitiative.ca\/International\/wp-json\/wp\/v2\/tags?post=59403"}],"curies":[{"name":"wp","href":"https:\/\/api.w.org\/{rel}","templated":true}]}}