{"id":59404,"date":"2019-08-28T08:15:26","date_gmt":"2019-08-28T12:15:26","guid":{"rendered":"https:\/\/linitiative.ca\/International\/wilaya-dalger-relogement-de-156-familles-a-bordj-el-bahri\/"},"modified":"2019-08-28T08:15:26","modified_gmt":"2019-08-28T12:15:26","slug":"wilaya-dalger-relogement-de-156-familles-a-bordj-el-bahri","status":"publish","type":"post","link":"https:\/\/linitiative.ca\/International\/wilaya-dalger-relogement-de-156-familles-a-bordj-el-bahri\/","title":{"rendered":"Wilaya d&rsquo;Alger: Relogement de 156 familles \u00e0 Bordj el Bahri"},"content":{"rendered":"<div>\n<div class=\"K2FeedImage\"><img decoding=\"async\" src=\"http:\/\/www.aps.dz\/media\/k2\/items\/cache\/b76c11dd2c73c96c72db4cae4f5a37e1_S.jpg\" alt=\"Wilaya d'Alger: Relogement de 156 familles \u00e0 Bordj el Bahri\"><\/div>\n<div class=\"K2FeedIntroText\">\n<p><strong>ALGER-Cent cinquante-six (156) familles occupant des caves d&rsquo;immeubles dans la cit\u00e9 El Djorf, commune de Bab Ezzouar, ont \u00e9t\u00e9 relog\u00e9es, mercredi, dans des logements sociaux \u00e0 Bordj el Bahri dans le cadre de la 25e op\u00e9ration du programme de relogement de la wilaya d&rsquo;Alger.<\/strong><\/p>\n<\/div>\n<div class=\"K2FeedFullText\">\n<p>Supervis\u00e9e par les services de wilaya, l&rsquo;op\u00e9ration de relogement qui a d\u00e9but\u00e9 t\u00f4t dans la journ\u00e9e de mercredi a concern\u00e9 156 familles occupant depuis des ann\u00e9es des caves d&rsquo;immeubles \u00e0 la cit\u00e9 El Djorf, lesquelles ont \u00e9t\u00e9 relog\u00e9es dans des logements sociaux \u00e0 la nouvelle cit\u00e9 916 logements, dans la commune de Bordj el Bahri, et ce en application du programme de relogement de la wilaya d&rsquo;Alger visant \u00e0 \u00e9radiquer l&rsquo;habitat pr\u00e9caire.<\/p>\n<hr>\n<p><a href=\"http:\/\/www.aps.dz\/regions\/92673-oran-distribution-de-plus-de-230-logements-publics-locatifs-au-pole-urbain-de-belgaid\">Lire aussi :\u00a0Oran: distribution de plus de 230 LPL au p\u00f4le urbain de Belga\u00efd<\/a><\/p>\n<hr>\n<p>\u00a0Le wali d&rsquo;Alger, Abdelkhalek Sayouda avait donn\u00e9, lors d&rsquo;une s\u00e9ance consacr\u00e9e au secteur de l&rsquo;habitat dans la wilaya, des instructions aux walis d\u00e9l\u00e9gu\u00e9s et aux directeurs concern\u00e9s pour acc\u00e9l\u00e9rer l&rsquo;\u00e9laboration des listes des familles devant b\u00e9n\u00e9ficier de logements et celles des habitants des immeubles mena\u00e7ant ruine \u00e0 Alger.<\/p>\n<p>La commune de Bab Ezzouar avait b\u00e9n\u00e9fici\u00e9, en mai dernier, d&rsquo;une op\u00e9ration de relogement dans le cadre de laquelle 11 familles occupant des habitations pr\u00e9caires et mena\u00e7ant ruine, \u00e0 la cit\u00e9 Boushaki lot B (El Djorf) ont \u00e9t\u00e9 relog\u00e9es \u00e0 Baraki et Dou\u00e9ra.<\/p>\n<\/div>\n<\/div>\n<p>Auteur:<br \/>\n<a href=\"http:\/\/www.aps.dz\/regions\/93735-wilaya-d-alger-relogement-de-156-familles-a-bordj-el-bahri\">Cliquez ici pour lire l&rsquo;article depuis sa source.<\/a><\/p>\n","protected":false},"excerpt":{"rendered":"<p>ALGER-Cent cinquante-six (156) familles occupant des caves d&rsquo;immeubles dans la cit\u00e9 El Djorf, commune de Bab Ezzouar, ont \u00e9t\u00e9 relog\u00e9es, mercredi, dans des logements sociaux \u00e0 Bordj el Bahri dans le cadre de la 25e op\u00e9ration du programme de relogement de la wilaya d&rsquo;Alger. Supervis\u00e9e par les services de wilaya, l&rsquo;op\u00e9ration de relogement qui a [&hellip;]<\/p>\n","protected":false},"author":1790,"featured_media":59405,"comment_status":"closed","ping_status":"closed","sticky":false,"template":"","format":"standard","meta":{"fifu_image_url":"","fifu_image_alt":"","footnotes":""},"categories":[53,76],"tags":[],"class_list":["post-59404","post","type-post","status-publish","format-standard","has-post-thumbnail","hentry","category-algerie","category-regions"],"_links":{"self":[{"href":"https:\/\/linitiative.ca\/International\/wp-json\/wp\/v2\/posts\/59404","targetHints":{"allow":["GET"]}}],"collection":[{"href":"https:\/\/linitiative.ca\/International\/wp-json\/wp\/v2\/posts"}],"about":[{"href":"https:\/\/linitiative.ca\/International\/wp-json\/wp\/v2\/types\/post"}],"author":[{"embeddable":true,"href":"https:\/\/linitiative.ca\/International\/wp-json\/wp\/v2\/users\/1790"}],"replies":[{"embeddable":true,"href":"https:\/\/linitiative.ca\/International\/wp-json\/wp\/v2\/comments?post=59404"}],"version-history":[{"count":0,"href":"https:\/\/linitiative.ca\/International\/wp-json\/wp\/v2\/posts\/59404\/revisions"}],"wp:featuredmedia":[{"embeddable":true,"href":"https:\/\/linitiative.ca\/International\/wp-json\/"}],"wp:attachment":[{"href":"https:\/\/linitiative.ca\/International\/wp-json\/wp\/v2\/media?parent=59404"}],"wp:term":[{"taxonomy":"category","embeddable":true,"href":"https:\/\/linitiative.ca\/International\/wp-json\/wp\/v2\/categories?post=59404"},{"taxonomy":"post_tag","embeddable":true,"href":"https:\/\/linitiative.ca\/International\/wp-json\/wp\/v2\/tags?post=59404"}],"curies":[{"name":"wp","href":"https:\/\/api.w.org\/{rel}","templated":true}]}}