{"id":59406,"date":"2019-08-28T11:14:30","date_gmt":"2019-08-28T15:14:30","guid":{"rendered":"https:\/\/linitiative.ca\/International\/boumerdes-lecole-ibn-rochd-de-bordj-menail-laureate-du-concours-top-school-2019\/"},"modified":"2019-08-28T11:14:30","modified_gmt":"2019-08-28T15:14:30","slug":"boumerdes-lecole-ibn-rochd-de-bordj-menail-laureate-du-concours-top-school-2019","status":"publish","type":"post","link":"https:\/\/linitiative.ca\/International\/boumerdes-lecole-ibn-rochd-de-bordj-menail-laureate-du-concours-top-school-2019\/","title":{"rendered":"Boumerdes : L\u2019\u00e9cole \u00a0\u00bb Ibn Rochd \u00ab\u00a0de Bordj Menail laur\u00e9ate du concours \u00ab\u00a0Top School\u00a0\u00bb 2019"},"content":{"rendered":"<div>\n<div class=\"K2FeedImage\"><img decoding=\"async\" src=\"http:\/\/www.aps.dz\/media\/k2\/items\/cache\/70db3c563d113e3713a0ee9259a2fbe1_S.jpg\" alt=\"Boumerdes : L\u2019\u00e9cole \" ibn rochd bordj menail laur du concours school><\/div>\n<div class=\"K2FeedIntroText\">\n<p><strong>BOUMERDES- L\u2019\u00e9cole \u00ab\u00a0Ibn Rochd\u00a0\u00bb (filles) de Bordj Menail (Est de Boumerdes) a remport\u00e9 pour la 2\u00e8me fois cons\u00e9cutive le premier prix de l\u2019\u00e9dition 2019 du concours \u00ab\u00a0Top School\u00a0\u00bb de la wilaya, a-t-on appris mercredi du charg\u00e9 de l\u2019organisation de ce prix, l\u2019inspecteur g\u00e9n\u00e9ral de la wilaya, Zerrouki Ahmed.<\/strong><\/p>\n<\/div>\n<div class=\"K2FeedFullText\">\n<p>Cette \u00e9cole, s\u00e9lectionn\u00e9e sur pr\u00e8s de 370 \u00e9tablissements (primaires) participants, a re\u00e7u sa r\u00e9compense \u00e0 la faveur d\u2019une c\u00e9r\u00e9monie, pr\u00e9sid\u00e9e par le wali Yahia Yahiatene et organis\u00e9e en l\u2019honneur des \u00e9l\u00e8ves laur\u00e9ats aux examens de fin de cycle pour l\u2019ann\u00e9e scolaire 2018\/2019, en pr\u00e9sence des \u00e9l\u00e8ves, leurs parents et des autorit\u00e9s locales.<\/p>\n<p>Le 2\u00e8me prix du concours est revenu \u00e0 l\u2019\u00e9cole \u00ab\u00a0Rouis Mohamed\u00a0\u00bb de la commune de Souk El Had, alors que le 3\u00e8me prix a \u00e9t\u00e9 attribu\u00e9 \u00e0 l\u2019\u00e9cole \u00ab\u00a0Mahdjoub Rabah\u00a0\u00bb de Boudouaou, a ajout\u00e9 Zerrouki Ahmed.<\/p>\n<p>Le responsable a fait part, par ailleurs, d\u2019une vingtaine de crit\u00e8res pris en compte, par la commission de wilaya (compos\u00e9e de 20 repr\u00e9sentants des Directions concern\u00e9es, d\u2019associations et de parents d\u2019\u00e9l\u00e8ves) dans la s\u00e9lection et \u00e9valuation des \u00e9coles participantes, \u00e0 travers des visites de terrain.<\/p>\n<p>Il a cit\u00e9 parmi ces crit\u00e8res,<strong> le taux de r\u00e9ussite \u00e0 l\u2019examen de 5\u00e8me, le nombre d\u2019\u00e9l\u00e8ves admis avec une moyenne de 10\/10 durant ces quatre derni\u00e8res ann\u00e9es, dans l\u2019examen de fin de cycle, et la stabilit\u00e9 des staffs administratif et p\u00e9dagogique de l\u2019\u00e9cole<\/strong>.<\/p>\n<p>A cela s\u2019ajoute le nombre de clubs culturels et scientifiques cr\u00e9\u00e9s au niveau de l\u2019\u00e9cole participante, les activit\u00e9s sportives et autres biblioth\u00e8ques en son sein, le niveau de discipline au niveau de l\u2019\u00e9tablissement et les prix d\u00e9j\u00e0 obtenus(par l\u2019\u00e9cole ou ses \u00e9l\u00e8ves).<\/p>\n<p>Selon M. Zerrouki, l\u2019initiative a pour objectif principal d\u2019assurer <em><strong>\u00ab\u00a0un encadrement propice aux initiatives locales visant l\u2019ancrage de l\u2019esprit citoyen et l\u2019encouragement d\u2019une comp\u00e9titivit\u00e9 positive entre les \u00e9tablissements \u00e9ducatifs, tout en les incitant \u00e0 s\u2019impliquer davantage dans la pr\u00e9servation de l\u2019environnement et la garantie d\u2019un d\u00e9veloppement durable\u00a0\u00bb<\/strong><\/em>.<\/p>\n<\/div>\n<\/div>\n<p>Auteur:<br \/>\n<a href=\"http:\/\/www.aps.dz\/regions\/93751-boumerdes-l-ecole-ibn-rochd-de-bordj-menail-laureate-du-concours-top-school-2019\">Cliquez ici pour lire l&rsquo;article depuis sa source.<\/a><\/p>\n","protected":false},"excerpt":{"rendered":"<p>BOUMERDES- L\u2019\u00e9cole \u00ab\u00a0Ibn Rochd\u00a0\u00bb (filles) de Bordj Menail (Est de Boumerdes) a remport\u00e9 pour la 2\u00e8me fois cons\u00e9cutive le premier prix de l\u2019\u00e9dition 2019 du concours \u00ab\u00a0Top School\u00a0\u00bb de la wilaya, a-t-on appris mercredi du charg\u00e9 de l\u2019organisation de ce prix, l\u2019inspecteur g\u00e9n\u00e9ral de la wilaya, Zerrouki Ahmed. Cette \u00e9cole, s\u00e9lectionn\u00e9e sur pr\u00e8s de 370 [&hellip;]<\/p>\n","protected":false},"author":1790,"featured_media":59407,"comment_status":"closed","ping_status":"closed","sticky":false,"template":"","format":"standard","meta":{"fifu_image_url":"","fifu_image_alt":"","footnotes":""},"categories":[53,76],"tags":[],"class_list":["post-59406","post","type-post","status-publish","format-standard","has-post-thumbnail","hentry","category-algerie","category-regions"],"_links":{"self":[{"href":"https:\/\/linitiative.ca\/International\/wp-json\/wp\/v2\/posts\/59406","targetHints":{"allow":["GET"]}}],"collection":[{"href":"https:\/\/linitiative.ca\/International\/wp-json\/wp\/v2\/posts"}],"about":[{"href":"https:\/\/linitiative.ca\/International\/wp-json\/wp\/v2\/types\/post"}],"author":[{"embeddable":true,"href":"https:\/\/linitiative.ca\/International\/wp-json\/wp\/v2\/users\/1790"}],"replies":[{"embeddable":true,"href":"https:\/\/linitiative.ca\/International\/wp-json\/wp\/v2\/comments?post=59406"}],"version-history":[{"count":0,"href":"https:\/\/linitiative.ca\/International\/wp-json\/wp\/v2\/posts\/59406\/revisions"}],"wp:featuredmedia":[{"embeddable":true,"href":"https:\/\/linitiative.ca\/International\/wp-json\/"}],"wp:attachment":[{"href":"https:\/\/linitiative.ca\/International\/wp-json\/wp\/v2\/media?parent=59406"}],"wp:term":[{"taxonomy":"category","embeddable":true,"href":"https:\/\/linitiative.ca\/International\/wp-json\/wp\/v2\/categories?post=59406"},{"taxonomy":"post_tag","embeddable":true,"href":"https:\/\/linitiative.ca\/International\/wp-json\/wp\/v2\/tags?post=59406"}],"curies":[{"name":"wp","href":"https:\/\/api.w.org\/{rel}","templated":true}]}}