{"id":59415,"date":"2019-08-28T10:57:15","date_gmt":"2019-08-28T14:57:15","guid":{"rendered":"https:\/\/linitiative.ca\/International\/ras-kebdana-saidia-levee-dinterdiction-sur-les-coquillages\/"},"modified":"2019-08-28T10:57:15","modified_gmt":"2019-08-28T14:57:15","slug":"ras-kebdana-saidia-levee-dinterdiction-sur-les-coquillages","status":"publish","type":"post","link":"https:\/\/linitiative.ca\/International\/ras-kebdana-saidia-levee-dinterdiction-sur-les-coquillages\/","title":{"rendered":"Ras Kebdana-Sa\u00efdia: Lev\u00e9e d\u2019interdiction sur les coquillages"},"content":{"rendered":"<div class=\"single-featured\"><img alt=\"\" data-src=\"http:\/\/www.mapoujda.ma\/map\/uploads\/2019\/06\/r\u00e9colte-des-coquillages-M750\u00d7430.jpg\"\/><\/div>\n<div class=\"entry-content clearfix single-post-content\" readability=\"55\">\n<p class=\"c1\">Le minist\u00e8re de l\u2019Agriculture, de la p\u00eache maritime, du d\u00e9veloppement rural, des eaux et for\u00eats annonce, mercredi, la lev\u00e9e d\u2019interdiction\u00a0sur le ramassage et la commercialisation de la petite praire\u00a0collect\u00e9e au niveau de la zone\u00a0conchylicole class\u00e9e\u00a0Ras Kebdana-Sa\u00efdia, relevant de la circonscription maritime\u00a0de Nador.<\/p>\n<p class=\"c1\">Les r\u00e9sultats d\u2019analyses effectu\u00e9es par l\u2019Institut national de recherche halieutique (INRH) au niveau de cette zone ont montr\u00e9 une \u00ab\u00a0stabilit\u00e9 du milieu et une purification totale de la petite praire\u00a0\u00bb, indique le minist\u00e8re dans un communiqu\u00e9.<\/p>\n<p class=\"c1\">Le minist\u00e8re recommande toutefois aux consommateurs de ne s\u2019approvisionner qu\u2019en produits conditionn\u00e9s, portant les \u00e9tiquettes sanitaires d\u2019identification et commercialis\u00e9s dans les points de vente autoris\u00e9s (march\u00e9s officiels).<\/p>\n<p class=\"c1\">\u00ab\u00a0Les coquillages colport\u00e9s ou vendus en vrac ne pr\u00e9sentent aucune garantie de salubrit\u00e9 et constituent un danger pour la sant\u00e9 publique\u00a0\u00bb, avertit le minist\u00e8re.<\/p>\n<\/div>\n<p>Auteur: Soufiane ELAHMAR<br \/>\n<a href=\"http:\/\/www.mapoujda.ma\/fr\/levee-dinterdiction-sur-la-commercialisation-des-coquillages\/\">Cliquez ici pour lire l&rsquo;article depuis sa source.<\/a><\/p>\n","protected":false},"excerpt":{"rendered":"<p>Le minist\u00e8re de l\u2019Agriculture, de la p\u00eache maritime, du d\u00e9veloppement rural, des eaux et for\u00eats annonce, mercredi, la lev\u00e9e d\u2019interdiction\u00a0sur le ramassage et la commercialisation de la petite praire\u00a0collect\u00e9e au niveau de la zone\u00a0conchylicole class\u00e9e\u00a0Ras Kebdana-Sa\u00efdia, relevant de la circonscription maritime\u00a0de Nador. Les r\u00e9sultats d\u2019analyses effectu\u00e9es par l\u2019Institut national de recherche halieutique (INRH) au niveau [&hellip;]<\/p>\n","protected":false},"author":1788,"featured_media":59416,"comment_status":"closed","ping_status":"closed","sticky":false,"template":"","format":"standard","meta":{"fifu_image_url":"","fifu_image_alt":"","footnotes":""},"categories":[54,76],"tags":[],"class_list":["post-59415","post","type-post","status-publish","format-standard","has-post-thumbnail","hentry","category-maroc","category-regions"],"_links":{"self":[{"href":"https:\/\/linitiative.ca\/International\/wp-json\/wp\/v2\/posts\/59415","targetHints":{"allow":["GET"]}}],"collection":[{"href":"https:\/\/linitiative.ca\/International\/wp-json\/wp\/v2\/posts"}],"about":[{"href":"https:\/\/linitiative.ca\/International\/wp-json\/wp\/v2\/types\/post"}],"author":[{"embeddable":true,"href":"https:\/\/linitiative.ca\/International\/wp-json\/wp\/v2\/users\/1788"}],"replies":[{"embeddable":true,"href":"https:\/\/linitiative.ca\/International\/wp-json\/wp\/v2\/comments?post=59415"}],"version-history":[{"count":0,"href":"https:\/\/linitiative.ca\/International\/wp-json\/wp\/v2\/posts\/59415\/revisions"}],"wp:featuredmedia":[{"embeddable":true,"href":"https:\/\/linitiative.ca\/International\/wp-json\/"}],"wp:attachment":[{"href":"https:\/\/linitiative.ca\/International\/wp-json\/wp\/v2\/media?parent=59415"}],"wp:term":[{"taxonomy":"category","embeddable":true,"href":"https:\/\/linitiative.ca\/International\/wp-json\/wp\/v2\/categories?post=59415"},{"taxonomy":"post_tag","embeddable":true,"href":"https:\/\/linitiative.ca\/International\/wp-json\/wp\/v2\/tags?post=59415"}],"curies":[{"name":"wp","href":"https:\/\/api.w.org\/{rel}","templated":true}]}}