{"id":59417,"date":"2019-08-28T11:10:47","date_gmt":"2019-08-28T15:10:47","guid":{"rendered":"https:\/\/linitiative.ca\/International\/hausse-de-plus-de-8-du-trafic-aerien-en-juillet-dernier\/"},"modified":"2019-08-28T11:10:47","modified_gmt":"2019-08-28T15:10:47","slug":"hausse-de-plus-de-8-du-trafic-aerien-en-juillet-dernier","status":"publish","type":"post","link":"https:\/\/linitiative.ca\/International\/hausse-de-plus-de-8-du-trafic-aerien-en-juillet-dernier\/","title":{"rendered":"Hausse de plus de 8% du trafic a\u00e9rien en juillet dernier"},"content":{"rendered":"<p class=\"c1\">Le trafic des passagers au niveau de l\u2019a\u00e9roport de Nador-Al Aroui a enregistr\u00e9 une progression de plus de 8% durant les sept premiers mois de cette ann\u00e9e, selon des donn\u00e9es de l\u2019Office national des a\u00e9roports (ONDA).<\/p>\n<p class=\"c1\">Les passagers ayant transit\u00e9 via cet a\u00e9roport \u00e0 fin juillet 2019 sont au nombre de 415.324, contre 383.450 durant la m\u00eame p\u00e9riode une ann\u00e9e auparavant, soit une \u00e9volution de 8,31%.<\/p>\n<p class=\"c1\">L\u2019a\u00e9roport Nador-Al Aroui s\u2019est accapar\u00e9 2,95% du volume de trafic enregistr\u00e9 au niveau des diff\u00e9rents a\u00e9roports du Royaume durant la p\u00e9riode janvier-juillet 2019, se pla\u00e7ant ainsi \u00e0 la 7\u00e8me place \u00e0 l\u2019\u00e9chelon national et \u00e0 la premi\u00e8re sur le plan r\u00e9gional.<\/p>\n<p class=\"c1\">Pour le seul mois de juillet dernier, le nombre de passagers enregistr\u00e9 au niveau de l\u2019a\u00e9roport de Nador s\u2019est chiffr\u00e9 \u00e0 86.840 voyageurs contre 78.550 passagers durant le m\u00eame mois de l\u2019ann\u00e9e \u00e9coul\u00e9e, soit une hausse de variation de +3,63%.<\/p>\n<p class=\"c1\">La ville de Nador est desservie \u00e0 partir de plusieurs a\u00e9roports notamment Bruxelles et Charleroi (Belgique), Amsterdam (Pays-Bas), Paris, Marseille et Montpellier (France), Madrid, Barcelone, Majorque et G\u00e9rone (Espagne), Frankfurt, Cologne et Dusseldorf (Allemagne).<\/p>\n<p class=\"c1\">En 2018, quelque 710.559 passagers ont utilis\u00e9 cette plateforme a\u00e9roportuaire, contre 702.689 en 2017.<\/p>\n<p>Auteur: Soufiane ELAHMAR<br \/>\n<a href=\"http:\/\/www.mapoujda.ma\/fr\/hausse-de-plus-de-8-du-trafic-aerien-en-juillet-dernier\/\">Cliquez ici pour lire l&rsquo;article depuis sa source.<\/a><\/p>\n","protected":false},"excerpt":{"rendered":"<p>Le trafic des passagers au niveau de l\u2019a\u00e9roport de Nador-Al Aroui a enregistr\u00e9 une progression de plus de 8% durant les sept premiers mois de cette ann\u00e9e, selon des donn\u00e9es de l\u2019Office national des a\u00e9roports (ONDA). Les passagers ayant transit\u00e9 via cet a\u00e9roport \u00e0 fin juillet 2019 sont au nombre de 415.324, contre 383.450 durant [&hellip;]<\/p>\n","protected":false},"author":1788,"featured_media":0,"comment_status":"closed","ping_status":"closed","sticky":false,"template":"","format":"standard","meta":{"fifu_image_url":"","fifu_image_alt":"","footnotes":""},"categories":[54,76],"tags":[],"class_list":["post-59417","post","type-post","status-publish","format-standard","hentry","category-maroc","category-regions"],"_links":{"self":[{"href":"https:\/\/linitiative.ca\/International\/wp-json\/wp\/v2\/posts\/59417","targetHints":{"allow":["GET"]}}],"collection":[{"href":"https:\/\/linitiative.ca\/International\/wp-json\/wp\/v2\/posts"}],"about":[{"href":"https:\/\/linitiative.ca\/International\/wp-json\/wp\/v2\/types\/post"}],"author":[{"embeddable":true,"href":"https:\/\/linitiative.ca\/International\/wp-json\/wp\/v2\/users\/1788"}],"replies":[{"embeddable":true,"href":"https:\/\/linitiative.ca\/International\/wp-json\/wp\/v2\/comments?post=59417"}],"version-history":[{"count":0,"href":"https:\/\/linitiative.ca\/International\/wp-json\/wp\/v2\/posts\/59417\/revisions"}],"wp:attachment":[{"href":"https:\/\/linitiative.ca\/International\/wp-json\/wp\/v2\/media?parent=59417"}],"wp:term":[{"taxonomy":"category","embeddable":true,"href":"https:\/\/linitiative.ca\/International\/wp-json\/wp\/v2\/categories?post=59417"},{"taxonomy":"post_tag","embeddable":true,"href":"https:\/\/linitiative.ca\/International\/wp-json\/wp\/v2\/tags?post=59417"}],"curies":[{"name":"wp","href":"https:\/\/api.w.org\/{rel}","templated":true}]}}