{"id":59441,"date":"2019-08-28T12:16:00","date_gmt":"2019-08-28T16:16:00","guid":{"rendered":"https:\/\/linitiative.ca\/International\/penurie-de-medicaments-le-ministre-sengage-a-sanctionner-les-contrevenants\/"},"modified":"2019-08-28T12:16:00","modified_gmt":"2019-08-28T16:16:00","slug":"penurie-de-medicaments-le-ministre-sengage-a-sanctionner-les-contrevenants","status":"publish","type":"post","link":"https:\/\/linitiative.ca\/International\/penurie-de-medicaments-le-ministre-sengage-a-sanctionner-les-contrevenants\/","title":{"rendered":"PENURIE DE MEDICAMENTS   : Le ministre s\u2019engage \u00e0 sanctionner les contrevenants"},"content":{"rendered":"<p><br id=\"sep_para_1\" class=\"sep_para access\"\/><\/p>\n<div id=\"para_1\" class=\"para_32741048 resize\">\n<div class=\"texte access firstletter\">Lors d\u2019une conf\u00e9rence de presse anim\u00e9e \u00e0 l\u2019issue de sa visite de travail dans la wilaya de Blida o\u00f9 il a inspect\u00e9 nombre de structures relevant de son secteur, M. Miraoui a assur\u00e9 que \u201cdes mesures seront prises \u00e0 l\u2019encontre des parties \u00e0 l\u2019origine de la perturbation et de la p\u00e9nurie de m\u00e9dicaments\u201d, ajoutant \u201cje ne tol\u00e9rerai jamais de telles pratiques\u00bb. Rappelant que ces services ont ouvert une enqu\u00eate, il a fait savoir que les r\u00e9sultats seront communiqu\u00e9s prochainement, avant de poursuivre \u201cnous ne pouvons faire un diagnostic pr\u00e9cis de la situation tant que les r\u00e9sultats de l\u2019enqu\u00eate ne sont pas connues\u00bb. Par ailleurs, le ministre a annonc\u00e9 la cr\u00e9ation, au niveau de son d\u00e9partement, d\u2019une \u201ccommission de veille\u201d, compos\u00e9e du directeur g\u00e9n\u00e9ral de la pharmacie, du syndicat national alg\u00e9rien des pharmaciens d\u2019officines (SNAPO), des distributeurs de m\u00e9dicaments, Conseil national de d\u00e9ontologie et des producteurs, pour un suivi hebdomadaire de la situation au niveau national. Il a donn\u00e9 \u00e9galement des instructions pour l\u2019installation de cette commission au niveau des wilayas dans le but de mener des visites d\u2019inspection et l\u2019identification des dysfonctionnements dans la chaine de distribution. Le programme annuel de distribution de m\u00e9dicaments, trac\u00e9 par le minist\u00e8re de la Sant\u00e9, \u201cest suffisant mais nous avons enregistr\u00e9 des perturbations et une p\u00e9nurie, d\u2019o\u00f9 l\u2019imp\u00e9ratif d\u2019identifier les dysfonctionnements dans la chaine de distribution pour les traiter\u201d, a d\u00e9clar\u00e9 le ministre, ajoutant \u201cavec la collaboration de tous les partenaires, nous allons connaitre le probl\u00e8me\u201d.<\/div>\n<\/div>\n<p>Auteur: Smain<br \/>\n<a href=\"https:\/\/www.reflexiondz.net\/PENURIE-DE-MEDICAMENTS-Le-ministre-s-engage-a-sanctionner-les-contrevenants_a57349.html\">Cliquez ici pour lire l&rsquo;article depuis sa source.<\/a><\/p>\n","protected":false},"excerpt":{"rendered":"<p>Lors d\u2019une conf\u00e9rence de presse anim\u00e9e \u00e0 l\u2019issue de sa visite de travail dans la wilaya de Blida o\u00f9 il a inspect\u00e9 nombre de structures relevant de son secteur, M. Miraoui a assur\u00e9 que \u201cdes mesures seront prises \u00e0 l\u2019encontre des parties \u00e0 l\u2019origine de la perturbation et de la p\u00e9nurie de m\u00e9dicaments\u201d, ajoutant \u201cje [&hellip;]<\/p>\n","protected":false},"author":1740,"featured_media":0,"comment_status":"closed","ping_status":"closed","sticky":false,"template":"","format":"standard","meta":{"fifu_image_url":"","fifu_image_alt":"","footnotes":""},"categories":[53,76],"tags":[],"class_list":["post-59441","post","type-post","status-publish","format-standard","hentry","category-algerie","category-regions"],"_links":{"self":[{"href":"https:\/\/linitiative.ca\/International\/wp-json\/wp\/v2\/posts\/59441","targetHints":{"allow":["GET"]}}],"collection":[{"href":"https:\/\/linitiative.ca\/International\/wp-json\/wp\/v2\/posts"}],"about":[{"href":"https:\/\/linitiative.ca\/International\/wp-json\/wp\/v2\/types\/post"}],"author":[{"embeddable":true,"href":"https:\/\/linitiative.ca\/International\/wp-json\/wp\/v2\/users\/1740"}],"replies":[{"embeddable":true,"href":"https:\/\/linitiative.ca\/International\/wp-json\/wp\/v2\/comments?post=59441"}],"version-history":[{"count":0,"href":"https:\/\/linitiative.ca\/International\/wp-json\/wp\/v2\/posts\/59441\/revisions"}],"wp:attachment":[{"href":"https:\/\/linitiative.ca\/International\/wp-json\/wp\/v2\/media?parent=59441"}],"wp:term":[{"taxonomy":"category","embeddable":true,"href":"https:\/\/linitiative.ca\/International\/wp-json\/wp\/v2\/categories?post=59441"},{"taxonomy":"post_tag","embeddable":true,"href":"https:\/\/linitiative.ca\/International\/wp-json\/wp\/v2\/tags?post=59441"}],"curies":[{"name":"wp","href":"https:\/\/api.w.org\/{rel}","templated":true}]}}