{"id":59442,"date":"2019-08-28T12:16:00","date_gmt":"2019-08-28T16:16:00","guid":{"rendered":"https:\/\/linitiative.ca\/International\/ain-temouchent-lhopital-de-beni-saf-manque-de-gynecologues\/"},"modified":"2019-08-28T12:16:00","modified_gmt":"2019-08-28T16:16:00","slug":"ain-temouchent-lhopital-de-beni-saf-manque-de-gynecologues","status":"publish","type":"post","link":"https:\/\/linitiative.ca\/International\/ain-temouchent-lhopital-de-beni-saf-manque-de-gynecologues\/","title":{"rendered":"AIN TEMOUCHENT : L\u2019h\u00f4pital de Beni-Saf manque de gyn\u00e9cologues"},"content":{"rendered":"<p><br id=\"sep_para_1\" class=\"sep_para access\"\/><\/p>\n<div id=\"para_1\" class=\"para_32740998 resize\">\n<div class=\"texte access firstletter\">L\u2019h\u00f4pital de Beni-Saf qui prend en charge quatre communes commence \u00e0 perdre de sa sp\u00e9cificit\u00e9. Sa r\u00e9putation acquise depuis des ann\u00e9es a disparu. De nombreuses carences et irr\u00e9gularit\u00e9s sont constat\u00e9es par les malades admis et leurs familles \u00e0 l\u2019exemple du manque ou d\u2019insuffisance de sp\u00e9cialistes. L\u2019indisponibilit\u00e9 d\u2019un gyn\u00e9cologue est un r\u00e9el probl\u00e8me qui plonge des familles enti\u00e8res dans l\u2019inqui\u00e9tude car la situation n\u2019est gu\u00e8re satisfaisante en raison de la charge de travail qui incombe chaque jour aux sages femmes et les infirmi\u00e8res du service obst\u00e9trique. L\u2019absence de gyn\u00e9cologues g\u00e9n\u00e8re diverses \u00e9preuves aux parturientes et \u00e0 leurs familles, souvent les femmes enceintes dans un \u00e9tat critique sont \u00e9vacu\u00e9es par leurs proches dans des voitures vers l\u2019h\u00f4pital femme-enfant d\u2019Ain Temouchent avec tous les dangers qu\u2019elles endurent. Un p\u00e8re de famille,\u00a0 Y.M.B. nous a relat\u00e9 comment il a v\u00e9cu des moments p\u00e9nibles o\u00f9 il a ramen\u00e9 sa femme \u00e0 l\u2019h\u00f4pital de Beni-Saf pour accouchement. Il a \u00e9t\u00e9 pri\u00e9 de transf\u00e9rer sa femme vers Ain Temouchent pour manque de gyn\u00e9cologues. Sans aucun accompagnement m\u00e9dical \u00e0 Ain Temouchent, la femme a \u00e9t\u00e9 admise mais les pr\u00e9sents lui ont fait savoir qu\u2019aucune consultation ne lui sera prodigu\u00e9e jusqu&rsquo;\u00e0 demain. Voyant sa femme souffrir de douleurs, il\u00a0 ressort la parturiente et se dirige vers une clinique priv\u00e9e o\u00f9 elle accoucha une demi-heure plus tard. Notre interlocuteur ajouta que ce probl\u00e8me traduit la d\u00e9faillance du syst\u00e8me de sant\u00e9 dans la r\u00e9gion.\u00a0\u00a0\u00a0\u00a0\u00a0\u00a0\u00a0\u00a0\u00a0\u00a0\u00a0\u00a0\u00a0\u00a0<\/div>\n<\/div>\n<p>Auteur: H. Bouna<br \/>\n<a href=\"https:\/\/www.reflexiondz.net\/AIN-TEMOUCHENT-L-hopital-de-Beni-Saf-manque-de-gynecologues_a57347.html\">Cliquez ici pour lire l&rsquo;article depuis sa source.<\/a><\/p>\n","protected":false},"excerpt":{"rendered":"<p>L\u2019h\u00f4pital de Beni-Saf qui prend en charge quatre communes commence \u00e0 perdre de sa sp\u00e9cificit\u00e9. Sa r\u00e9putation acquise depuis des ann\u00e9es a disparu. De nombreuses carences et irr\u00e9gularit\u00e9s sont constat\u00e9es par les malades admis et leurs familles \u00e0 l\u2019exemple du manque ou d\u2019insuffisance de sp\u00e9cialistes. L\u2019indisponibilit\u00e9 d\u2019un gyn\u00e9cologue est un r\u00e9el probl\u00e8me qui plonge des [&hellip;]<\/p>\n","protected":false},"author":1740,"featured_media":0,"comment_status":"closed","ping_status":"closed","sticky":false,"template":"","format":"standard","meta":{"fifu_image_url":"","fifu_image_alt":"","footnotes":""},"categories":[53,76],"tags":[],"class_list":["post-59442","post","type-post","status-publish","format-standard","hentry","category-algerie","category-regions"],"_links":{"self":[{"href":"https:\/\/linitiative.ca\/International\/wp-json\/wp\/v2\/posts\/59442","targetHints":{"allow":["GET"]}}],"collection":[{"href":"https:\/\/linitiative.ca\/International\/wp-json\/wp\/v2\/posts"}],"about":[{"href":"https:\/\/linitiative.ca\/International\/wp-json\/wp\/v2\/types\/post"}],"author":[{"embeddable":true,"href":"https:\/\/linitiative.ca\/International\/wp-json\/wp\/v2\/users\/1740"}],"replies":[{"embeddable":true,"href":"https:\/\/linitiative.ca\/International\/wp-json\/wp\/v2\/comments?post=59442"}],"version-history":[{"count":0,"href":"https:\/\/linitiative.ca\/International\/wp-json\/wp\/v2\/posts\/59442\/revisions"}],"wp:attachment":[{"href":"https:\/\/linitiative.ca\/International\/wp-json\/wp\/v2\/media?parent=59442"}],"wp:term":[{"taxonomy":"category","embeddable":true,"href":"https:\/\/linitiative.ca\/International\/wp-json\/wp\/v2\/categories?post=59442"},{"taxonomy":"post_tag","embeddable":true,"href":"https:\/\/linitiative.ca\/International\/wp-json\/wp\/v2\/tags?post=59442"}],"curies":[{"name":"wp","href":"https:\/\/api.w.org\/{rel}","templated":true}]}}