{"id":59443,"date":"2019-08-28T12:24:00","date_gmt":"2019-08-28T16:24:00","guid":{"rendered":"https:\/\/linitiative.ca\/International\/une-nouvelle-villa-pour-tebboune\/"},"modified":"2019-08-28T12:24:00","modified_gmt":"2019-08-28T16:24:00","slug":"une-nouvelle-villa-pour-tebboune","status":"publish","type":"post","link":"https:\/\/linitiative.ca\/International\/une-nouvelle-villa-pour-tebboune\/","title":{"rendered":"Une nouvelle villa pour Tebboune"},"content":{"rendered":"<p><br id=\"sep_para_1\" class=\"sep_para access\"\/><\/p>\n<div id=\"para_1\" class=\"para_32741107 resize\">\n<div class=\"texte access firstletter\">L\u2019ancien Premier ministre Abdelmadjid Tebboune aurait b\u00e9n\u00e9fici\u00e9, cette semaine, d\u2019une nouvelle villa au niveau de la R\u00e9sidence d\u2019Etat \u00e0 Club-des-Pins. Selon le p\u00e9riscoop du Soir d\u2019Alg\u00e9rie, cette nouvelle villa offre plus de commodit\u00e9s et plus d\u2019espace que celle occup\u00e9e, jusque-l\u00e0, par Tebboune au niveau du m\u00eame site. Rappelons qu\u2019Abdelmadjid Tebboune avait \u00e9t\u00e9 d\u00e9mis de ses fonctions de Premier ministre, le 15 ao\u00fbt 2017, \u00e0 peine trois mois apr\u00e8s sa nomination \u00e0 la t\u00eate du gouvernement<\/div>\n<\/div>\n<p>Auteur: R\u00e9flexion<br \/>\n<a href=\"https:\/\/www.reflexiondz.net\/Une-nouvelle-villa-pour-Tebboune_a57358.html\">Cliquez ici pour lire l&rsquo;article depuis sa source.<\/a><\/p>\n","protected":false},"excerpt":{"rendered":"<p>L\u2019ancien Premier ministre Abdelmadjid Tebboune aurait b\u00e9n\u00e9fici\u00e9, cette semaine, d\u2019une nouvelle villa au niveau de la R\u00e9sidence d\u2019Etat \u00e0 Club-des-Pins. Selon le p\u00e9riscoop du Soir d\u2019Alg\u00e9rie, cette nouvelle villa offre plus de commodit\u00e9s et plus d\u2019espace que celle occup\u00e9e, jusque-l\u00e0, par Tebboune au niveau du m\u00eame site. Rappelons qu\u2019Abdelmadjid Tebboune avait \u00e9t\u00e9 d\u00e9mis de ses [&hellip;]<\/p>\n","protected":false},"author":1740,"featured_media":0,"comment_status":"closed","ping_status":"closed","sticky":false,"template":"","format":"standard","meta":{"fifu_image_url":"","fifu_image_alt":"","footnotes":""},"categories":[53,76],"tags":[],"class_list":["post-59443","post","type-post","status-publish","format-standard","hentry","category-algerie","category-regions"],"_links":{"self":[{"href":"https:\/\/linitiative.ca\/International\/wp-json\/wp\/v2\/posts\/59443","targetHints":{"allow":["GET"]}}],"collection":[{"href":"https:\/\/linitiative.ca\/International\/wp-json\/wp\/v2\/posts"}],"about":[{"href":"https:\/\/linitiative.ca\/International\/wp-json\/wp\/v2\/types\/post"}],"author":[{"embeddable":true,"href":"https:\/\/linitiative.ca\/International\/wp-json\/wp\/v2\/users\/1740"}],"replies":[{"embeddable":true,"href":"https:\/\/linitiative.ca\/International\/wp-json\/wp\/v2\/comments?post=59443"}],"version-history":[{"count":0,"href":"https:\/\/linitiative.ca\/International\/wp-json\/wp\/v2\/posts\/59443\/revisions"}],"wp:attachment":[{"href":"https:\/\/linitiative.ca\/International\/wp-json\/wp\/v2\/media?parent=59443"}],"wp:term":[{"taxonomy":"category","embeddable":true,"href":"https:\/\/linitiative.ca\/International\/wp-json\/wp\/v2\/categories?post=59443"},{"taxonomy":"post_tag","embeddable":true,"href":"https:\/\/linitiative.ca\/International\/wp-json\/wp\/v2\/tags?post=59443"}],"curies":[{"name":"wp","href":"https:\/\/api.w.org\/{rel}","templated":true}]}}