{"id":59450,"date":"2019-08-28T08:02:00","date_gmt":"2019-08-28T12:02:00","guid":{"rendered":"https:\/\/linitiative.ca\/International\/le-g7-veut-changer-lomc-en-profondeur\/"},"modified":"2019-08-28T08:02:00","modified_gmt":"2019-08-28T12:02:00","slug":"le-g7-veut-changer-lomc-en-profondeur","status":"publish","type":"post","link":"https:\/\/linitiative.ca\/International\/le-g7-veut-changer-lomc-en-profondeur\/","title":{"rendered":"Le G7 veut changer l&rsquo;OMC en profondeur"},"content":{"rendered":"<p>La r\u00e9union du G7 qui regroupe les principales puissances occidentales et le Japon qui vient de se tenir \u00e0 Biarritz dans le sud-ouest de la France a permis de d\u00e9gager un certain nombre de points de convergence sur des dossiers \u00e9conomiques comme \u00able changement en profondeur de l&rsquo;OMC pour \u00eatre plus efficace dans la protection de la propri\u00e9t\u00e9 intellectuelle, de r\u00e9gler plus rapidement les diff\u00e9rends et l&rsquo;\u00e9radication des pratiques commerciales d\u00e9loyales\u00bb dans une allusion \u00e0 la Chine, tout en exprimant son attachement \u00e0 \u00abun commerce mondial ouvert et juste\u00bb.<\/p>\n<p>Sur les dossiers politiques, il a \u00e9t\u00e9 question surtout de l&rsquo;Iran\u00a0 dont le diff\u00e9rend avec les Etats unis et accessoirement\u00a0 la\u00a0 Grande Bretagne a pris ces derniers temps des proportions inqui\u00e9tantes. La position du G7 \u00e0 cet \u00e9gard se r\u00e9sume en ces moys : \u00ab Faire en sorte que l&rsquo;Iran ne puisse jamais se doter de l&rsquo;arme nucl\u00e9aire. \u00ab A charge pour le pr\u00e9sident Macron de n\u00e9gocier un accord dans ce sens avec les Iraniens au nom du G7.<\/p>\n<p>Sur Hong Kong, le G7 r\u00e9affirme l&rsquo;importance\u00a0 de la d\u00e9claration sino-britannique de 1984.<\/p>\n<p><strong>Lire aussi<\/strong><\/p>\n<p><a href=\"https:\/\/www.leaders.com.tn\/article\/27828-etats-unis-libye-le-nouveau-chef-du-commandement-d-africom-rencontre-a-tunis-fayez-al-sarraj\" target=\"_blank\" rel=\"noopener noreferrer\">Etats-Unis &#8211; Libye: Le nouveau chef du commandement d\u2019Africom rencontre \u00e0 Tunis Fayez al-Sarraj<\/a><\/p>\n<p>\u00a0\u00a0<\/p>\n<p>Auteur:<br \/>\n<a href=\"https:\/\/www.leaders.com.tn\/article\/27825-declaration-des-chefs-d-etat-et-de-gouvernement-du-g-7\">Cliquez ici pour lire l&rsquo;article depuis sa source.<\/a><\/p>\n","protected":false},"excerpt":{"rendered":"<p>La r\u00e9union du G7 qui regroupe les principales puissances occidentales et le Japon qui vient de se tenir \u00e0 Biarritz dans le sud-ouest de la France a permis de d\u00e9gager un certain nombre de points de convergence sur des dossiers \u00e9conomiques comme \u00able changement en profondeur de l&rsquo;OMC pour \u00eatre plus efficace dans la protection [&hellip;]<\/p>\n","protected":false},"author":1772,"featured_media":0,"comment_status":"closed","ping_status":"closed","sticky":false,"template":"","format":"standard","meta":{"fifu_image_url":"","fifu_image_alt":"","footnotes":""},"categories":[73,55],"tags":[],"class_list":["post-59450","post","type-post","status-publish","format-standard","hentry","category-actualite","category-tunisie"],"_links":{"self":[{"href":"https:\/\/linitiative.ca\/International\/wp-json\/wp\/v2\/posts\/59450","targetHints":{"allow":["GET"]}}],"collection":[{"href":"https:\/\/linitiative.ca\/International\/wp-json\/wp\/v2\/posts"}],"about":[{"href":"https:\/\/linitiative.ca\/International\/wp-json\/wp\/v2\/types\/post"}],"author":[{"embeddable":true,"href":"https:\/\/linitiative.ca\/International\/wp-json\/wp\/v2\/users\/1772"}],"replies":[{"embeddable":true,"href":"https:\/\/linitiative.ca\/International\/wp-json\/wp\/v2\/comments?post=59450"}],"version-history":[{"count":0,"href":"https:\/\/linitiative.ca\/International\/wp-json\/wp\/v2\/posts\/59450\/revisions"}],"wp:attachment":[{"href":"https:\/\/linitiative.ca\/International\/wp-json\/wp\/v2\/media?parent=59450"}],"wp:term":[{"taxonomy":"category","embeddable":true,"href":"https:\/\/linitiative.ca\/International\/wp-json\/wp\/v2\/categories?post=59450"},{"taxonomy":"post_tag","embeddable":true,"href":"https:\/\/linitiative.ca\/International\/wp-json\/wp\/v2\/tags?post=59450"}],"curies":[{"name":"wp","href":"https:\/\/api.w.org\/{rel}","templated":true}]}}