{"id":59451,"date":"2019-08-28T09:41:00","date_gmt":"2019-08-28T13:41:00","guid":{"rendered":"https:\/\/linitiative.ca\/International\/elections-lisie-reclame-le-retrait-daffiches-susceptibles-de-perturber-le-climat-electoral\/"},"modified":"2019-08-28T09:41:00","modified_gmt":"2019-08-28T13:41:00","slug":"elections-lisie-reclame-le-retrait-daffiches-susceptibles-de-perturber-le-climat-electoral","status":"publish","type":"post","link":"https:\/\/linitiative.ca\/International\/elections-lisie-reclame-le-retrait-daffiches-susceptibles-de-perturber-le-climat-electoral\/","title":{"rendered":"Elections : l&rsquo;ISIE r\u00e9clame le retrait  d&rsquo;affiches \u00absusceptibles de perturber le climat \u00e9lectoral\u00bb"},"content":{"rendered":"<p>L\u2019&rsquo;ISIE a demand\u00e9 au ministre de l&rsquo;int\u00e9rieur de faire retirer les affiches publicitaires d&rsquo;un candidat \u00e0 la Pr\u00e9sidentielle portant l\u2019inscription suivante : \u00abLa prison ne nous arr\u00eatera pas. Rendez vous le 15 septembre\u00bb. Ces affiches ont \u00e9t\u00e9 placard\u00e9es sur les grands axes de la capitale et\u00a0 l\u2019autoroute de la Marsa.<\/p>\n<p>l\u2019ISIE estime que ces affiches sont en infraction avec\u00a0 les articles 52, 54 et 57 de la loi organique N16 de l&rsquo;ann\u00e9e 2014 de la loi \u00e9lectorale et du referendum.<\/p>\n<p>Auteur:<br \/>\n<a href=\"https:\/\/www.leaders.com.tn\/article\/27827-elections-l-isie-demande-l-enlevement-d-affiches-suscptibles-de-perturber-le-climat-electoral\">Cliquez ici pour lire l&rsquo;article depuis sa source.<\/a><\/p>\n","protected":false},"excerpt":{"rendered":"<p>L\u2019&rsquo;ISIE a demand\u00e9 au ministre de l&rsquo;int\u00e9rieur de faire retirer les affiches publicitaires d&rsquo;un candidat \u00e0 la Pr\u00e9sidentielle portant l\u2019inscription suivante : \u00abLa prison ne nous arr\u00eatera pas. Rendez vous le 15 septembre\u00bb. Ces affiches ont \u00e9t\u00e9 placard\u00e9es sur les grands axes de la capitale et\u00a0 l\u2019autoroute de la Marsa. l\u2019ISIE estime que ces affiches [&hellip;]<\/p>\n","protected":false},"author":1772,"featured_media":0,"comment_status":"closed","ping_status":"closed","sticky":false,"template":"","format":"standard","meta":{"fifu_image_url":"","fifu_image_alt":"","footnotes":""},"categories":[73,55],"tags":[],"class_list":["post-59451","post","type-post","status-publish","format-standard","hentry","category-actualite","category-tunisie"],"_links":{"self":[{"href":"https:\/\/linitiative.ca\/International\/wp-json\/wp\/v2\/posts\/59451","targetHints":{"allow":["GET"]}}],"collection":[{"href":"https:\/\/linitiative.ca\/International\/wp-json\/wp\/v2\/posts"}],"about":[{"href":"https:\/\/linitiative.ca\/International\/wp-json\/wp\/v2\/types\/post"}],"author":[{"embeddable":true,"href":"https:\/\/linitiative.ca\/International\/wp-json\/wp\/v2\/users\/1772"}],"replies":[{"embeddable":true,"href":"https:\/\/linitiative.ca\/International\/wp-json\/wp\/v2\/comments?post=59451"}],"version-history":[{"count":0,"href":"https:\/\/linitiative.ca\/International\/wp-json\/wp\/v2\/posts\/59451\/revisions"}],"wp:attachment":[{"href":"https:\/\/linitiative.ca\/International\/wp-json\/wp\/v2\/media?parent=59451"}],"wp:term":[{"taxonomy":"category","embeddable":true,"href":"https:\/\/linitiative.ca\/International\/wp-json\/wp\/v2\/categories?post=59451"},{"taxonomy":"post_tag","embeddable":true,"href":"https:\/\/linitiative.ca\/International\/wp-json\/wp\/v2\/tags?post=59451"}],"curies":[{"name":"wp","href":"https:\/\/api.w.org\/{rel}","templated":true}]}}