{"id":59452,"date":"2019-08-28T10:21:00","date_gmt":"2019-08-28T14:21:00","guid":{"rendered":"https:\/\/linitiative.ca\/International\/etats-unis-libye-le-nouveau-chef-du-commandement-dafricom-rencontre-a-tunis-fayez-al-sarraj\/"},"modified":"2019-08-28T10:21:00","modified_gmt":"2019-08-28T14:21:00","slug":"etats-unis-libye-le-nouveau-chef-du-commandement-dafricom-rencontre-a-tunis-fayez-al-sarraj","status":"publish","type":"post","link":"https:\/\/linitiative.ca\/International\/etats-unis-libye-le-nouveau-chef-du-commandement-dafricom-rencontre-a-tunis-fayez-al-sarraj\/","title":{"rendered":"Etats-Unis &#8211; Libye : Le nouveau chef du commandement d\u2019Africom rencontre \u00e0 Tunis Fayez al-Sarraj"},"content":{"rendered":"<p>Au lendemain m\u00eame de la publication de la d\u00e9claration du Sommet du G7 \u00e0 Biarritz, consacrant une position ferme sur la Libye, le nouveau chef du commandement des Etats-Unis pour l&rsquo;Afrique (Africom), le g\u00e9n\u00e9ral Stephen Townsend, s\u2019est rendu \u00e0 Tunis, tant pour rencontrer les autorit\u00e9s militaires tunisiennes que pour s\u2019entretenir avec Fayez al-Sarraj, chef du gouvernement d\u2019union nationale et Ghassan Salam\u00e9, chef de la Mission d\u2019appui des Nations Unies en Libye.<\/p>\n<p>\u00ab En ce qui concerne la Libye, indique un communiqu\u00e9 de presse publi\u00e9 par l\u2019Africom, M. Townsend, accompagn\u00e9 du nouvel ambassadeur des \u00c9tats-Unis en Libye, M. Richard Norland, a rencontr\u00e9 \u00e0 Tunis M. Fayez al-Sarraj, premier ministre de la Libye. Cette prise de contact a \u00e9t\u00e9 l&rsquo;occasion d&rsquo;\u00e9tablir de nouvelles relations et d&rsquo;\u00e9valuer la situation en Libye. Les entretiens ont port\u00e9 notamment sur le climat s\u00e9curitaire, l&rsquo;importance de faire face la menace actuelle que repr\u00e9sente la violente organisation extr\u00e9miste et la n\u00e9cessit\u00e9 de r\u00e9soudre le conflit en Libye.<\/p>\n<p>\u00ab\u00a0Nous avons soulign\u00e9 au Premier ministre Sarraj l&rsquo;importance de soutenir une solution diplomatique pour mettre fin au conflit actuel \u00ab\u00a0, a d\u00e9clar\u00e9 Townsend.<\/p>\n<p>Pour approfondir ce point, Townsend et Norland rencontreront le chef de la Mission d&rsquo;appui des Nations Unies en Libye, Ghassan Salame. M. Townsend discutera des moyens par lesquels l&rsquo;arm\u00e9e am\u00e9ricaine pourrait continuer \u00e0 coop\u00e9rer avec l&rsquo;ONU en faveur d&rsquo;un r\u00e8glement politique en Libye.<\/p>\n<p>\u00ab\u00a0Nous sommes d\u00e9termin\u00e9s \u00e0 mener un dialogue ouvert et transparent sur cette question urgente de s\u00e9curit\u00e9, a d\u00e9clar\u00e9 M. Townsend. \u00ab\u00a0Nous appuyons pleinement les efforts d\u00e9ploy\u00e9s par les Nations unies, le D\u00e9partement d&rsquo;\u00c9tat am\u00e9ricain et le Bureau ext\u00e9rieur libyen pour promouvoir la stabilit\u00e9 et la prosp\u00e9rit\u00e9 partag\u00e9e en Libye.<\/p>\n<p>Compte tenu du conflit qui s\u00e9vit actuellement en Libye, M. Townsend a soulign\u00e9 l&rsquo;importance de veiller \u00e0 ce que la menace d&rsquo;une organisation extr\u00e9miste violente soit contenue et ne g\u00e9n\u00e8re pas d\u2019instabilit\u00e9 suppl\u00e9mentaire en Libye et dans la r\u00e9gion.<\/p>\n<p>\u00ab\u00a0Il est important de veiller \u00e0 ce que les organisations extr\u00e9mistes violentes n&rsquo;aient pas le sentiment qu&rsquo;elles peuvent utiliser la situation en Libye pour cr\u00e9er le chaos et faire avancer leurs objectifs \u00ab\u00a0, a d\u00e9clar\u00e9 Townsend. \u00ab\u00a0Il s&rsquo;agissait d&rsquo;un domaine d&rsquo;int\u00e9r\u00eat mutuel et d&rsquo;un sujet de discussion au cours de nos r\u00e9unions. Une coop\u00e9ration \u00e9troite est importante pour faire face \u00e0 la menace des objets VEO (Organisations extr\u00e9mistes Violentes, en anglais Violent Extremist Organisation).\u00a0\u00bb<\/p>\n<p>L&rsquo;Africom continue d\u2019appuyer les efforts diplomatiques visant \u00e0 stabiliser la situation politique en Libye et \u00e0 troubler les organisations terroristes qui menacent la stabilit\u00e9 r\u00e9gionale. Bien que le personnel de l&rsquo;Africom ne se trouve pas actuellement en Libye, le commandement continue de surveiller la situation dans ce pays et d&rsquo;\u00e9valuer la faisabilit\u00e9 de la mise en place d&rsquo;une pr\u00e9sence militaire am\u00e9ricaine renouvel\u00e9e lorsque les conditions de s\u00e9curit\u00e9 le permettront.<\/p>\n<p>\u00ab\u00a0Je suis reconnaissant \u00e0 l&rsquo;Africom pour toute l&rsquo;aide qu&rsquo;elle a apport\u00e9e par le pass\u00e9 \u00e0 la diplomatie am\u00e9ricaine en Libye, et j&rsquo;esp\u00e8re que les conditions permettront \u00e0 l&rsquo;Africom de revenir un jour \u00ab\u00a0, a d\u00e9clar\u00e9 Norland.<\/p>\n<p>Auteur:<br \/>\n<a href=\"https:\/\/www.leaders.com.tn\/article\/27828-etats-unis-libye-le-nouveau-chef-du-commandement-d-africom-rencontre-a-tunis-fayez-al-sarraj\">Cliquez ici pour lire l&rsquo;article depuis sa source.<\/a><\/p>\n","protected":false},"excerpt":{"rendered":"<p>Au lendemain m\u00eame de la publication de la d\u00e9claration du Sommet du G7 \u00e0 Biarritz, consacrant une position ferme sur la Libye, le nouveau chef du commandement des Etats-Unis pour l&rsquo;Afrique (Africom), le g\u00e9n\u00e9ral Stephen Townsend, s\u2019est rendu \u00e0 Tunis, tant pour rencontrer les autorit\u00e9s militaires tunisiennes que pour s\u2019entretenir avec Fayez al-Sarraj, chef du [&hellip;]<\/p>\n","protected":false},"author":1772,"featured_media":0,"comment_status":"closed","ping_status":"closed","sticky":false,"template":"","format":"standard","meta":{"fifu_image_url":"","fifu_image_alt":"","footnotes":""},"categories":[73,55],"tags":[],"class_list":["post-59452","post","type-post","status-publish","format-standard","hentry","category-actualite","category-tunisie"],"_links":{"self":[{"href":"https:\/\/linitiative.ca\/International\/wp-json\/wp\/v2\/posts\/59452","targetHints":{"allow":["GET"]}}],"collection":[{"href":"https:\/\/linitiative.ca\/International\/wp-json\/wp\/v2\/posts"}],"about":[{"href":"https:\/\/linitiative.ca\/International\/wp-json\/wp\/v2\/types\/post"}],"author":[{"embeddable":true,"href":"https:\/\/linitiative.ca\/International\/wp-json\/wp\/v2\/users\/1772"}],"replies":[{"embeddable":true,"href":"https:\/\/linitiative.ca\/International\/wp-json\/wp\/v2\/comments?post=59452"}],"version-history":[{"count":0,"href":"https:\/\/linitiative.ca\/International\/wp-json\/wp\/v2\/posts\/59452\/revisions"}],"wp:attachment":[{"href":"https:\/\/linitiative.ca\/International\/wp-json\/wp\/v2\/media?parent=59452"}],"wp:term":[{"taxonomy":"category","embeddable":true,"href":"https:\/\/linitiative.ca\/International\/wp-json\/wp\/v2\/categories?post=59452"},{"taxonomy":"post_tag","embeddable":true,"href":"https:\/\/linitiative.ca\/International\/wp-json\/wp\/v2\/tags?post=59452"}],"curies":[{"name":"wp","href":"https:\/\/api.w.org\/{rel}","templated":true}]}}