{"id":59453,"date":"2019-08-28T11:11:00","date_gmt":"2019-08-28T15:11:00","guid":{"rendered":"https:\/\/linitiative.ca\/International\/chedly-fitouri-une-grande-figure-de-leducation-et-de-la-culture-nous-quitte\/"},"modified":"2019-08-28T11:11:00","modified_gmt":"2019-08-28T15:11:00","slug":"chedly-fitouri-une-grande-figure-de-leducation-et-de-la-culture-nous-quitte","status":"publish","type":"post","link":"https:\/\/linitiative.ca\/International\/chedly-fitouri-une-grande-figure-de-leducation-et-de-la-culture-nous-quitte\/","title":{"rendered":"Chedly Fitouri: une grande figure de l&rsquo;\u00e9ducation et de la culture  nous quitte"},"content":{"rendered":"<p>La Tunisie vient de perdre une de ses grandes figures de l\u2019\u00e9ducation et de la culture, docteur Chedly Fitouri, d\u00e9c\u00e9d\u00e9 \u00e0 l\u2019\u00e2ge de 89 ans. Il avait occup\u00e9 de hautes fonctions au sein de l\u2019Education nationale en Tunisie avant de devenir directeur au Bureau International de l\u2019\u00e9duction de l\u2019UNESCO \u00e0 Gen\u00e8ve.<\/p>\n<p><img decoding=\"async\" src=\"\/uploads\/FCK_files\/Chedly-Fitour-1i.jpg\" alt=\"\" width=\"50%\" vspace=\"5\" hspace=\"5\" align=\"left\"\/>N\u00e9 \u00e0 Kairouan, le 30 juin 1930, docteur Chedly Fitouri a entam\u00e9 ses \u00e9tudes primaires \u00e0 Kairouan et puis \u00e0 rejoint le coll\u00e8ge Sadiki. Il a poursuivi ses \u00e9tudes sup\u00e9rieures \u00e0 la Sorbonne, \u00e9tudes couronn\u00e9es par l\u2019obtention du\u00a0 doctorat d\u2019Etat en psychologie puis en Lettres et Civilisation arabes.<\/p>\n<p>De retour en Tunisie, il a entam\u00e9 sa carri\u00e8reen qualit\u00e9 de professeur dans les institutions tunisiennes o\u00f9 nombreux de ses \u00e9tudiants sont de nos jours hauts cadres qualifi\u00e9s dans les domaines \u00e9ducatifs et culturels.<\/p>\n<p>Aux c\u00f4t\u00e9s de feu Mahmoud Messaadi, il a contribu\u00e9 \u00e0 l\u2019\u00e9laboration des programmes d\u2019enseignement et des m\u00e9thodes des p\u00e9dagogiques qui seront longtemps suivis dans la politique de l\u2019enseignement en Tunisie.<br \/>En 1972 il a rejoint le Bureau International de l\u2019\u00e9duction \u00e0 Gen\u00e8ve au sein de l\u2019UNESCO o\u00f9 il a assur\u00e9 la mise sur pied des programmes d\u2019\u00e9duction pour les pays non seulement ind\u00e9pendants et notamment ceux d\u2019Afrique Sub-saharienne.<\/p>\n<p>Un de pionniers du bilinguisme et du culturalisme, Docteur Chedly Fitouri a d\u00e9di\u00e9 sa th\u00e8se \u00e0 ce sujet. Il est l\u2019auteur de plusieurs \u00e9crits sur la culture, la soci\u00e9t\u00e9, l\u2019histoire. L\u2019attrait qu\u2019exerce sur lui sa ville natale de Kairouan l\u2019a inspir\u00e9 pour publier un livre intitul\u00e9e \u00ab Kairouan odeurs et clameurs \u00bb une description socio-culturelle de sa ville.<br \/>\u00a0<\/p>\n<p>Auteur:<br \/>\n<a href=\"https:\/\/www.leaders.com.tn\/article\/27829-chedly-fitouri-une-grande-figure-de-l-education-et-de-la-culture-nous-quitte\">Cliquez ici pour lire l&rsquo;article depuis sa source.<\/a><\/p>\n","protected":false},"excerpt":{"rendered":"<p>La Tunisie vient de perdre une de ses grandes figures de l\u2019\u00e9ducation et de la culture, docteur Chedly Fitouri, d\u00e9c\u00e9d\u00e9 \u00e0 l\u2019\u00e2ge de 89 ans. Il avait occup\u00e9 de hautes fonctions au sein de l\u2019Education nationale en Tunisie avant de devenir directeur au Bureau International de l\u2019\u00e9duction de l\u2019UNESCO \u00e0 Gen\u00e8ve. N\u00e9 \u00e0 Kairouan, le [&hellip;]<\/p>\n","protected":false},"author":1772,"featured_media":59454,"comment_status":"closed","ping_status":"closed","sticky":false,"template":"","format":"standard","meta":{"fifu_image_url":"","fifu_image_alt":"","footnotes":""},"categories":[73,55],"tags":[],"class_list":["post-59453","post","type-post","status-publish","format-standard","has-post-thumbnail","hentry","category-actualite","category-tunisie"],"_links":{"self":[{"href":"https:\/\/linitiative.ca\/International\/wp-json\/wp\/v2\/posts\/59453","targetHints":{"allow":["GET"]}}],"collection":[{"href":"https:\/\/linitiative.ca\/International\/wp-json\/wp\/v2\/posts"}],"about":[{"href":"https:\/\/linitiative.ca\/International\/wp-json\/wp\/v2\/types\/post"}],"author":[{"embeddable":true,"href":"https:\/\/linitiative.ca\/International\/wp-json\/wp\/v2\/users\/1772"}],"replies":[{"embeddable":true,"href":"https:\/\/linitiative.ca\/International\/wp-json\/wp\/v2\/comments?post=59453"}],"version-history":[{"count":0,"href":"https:\/\/linitiative.ca\/International\/wp-json\/wp\/v2\/posts\/59453\/revisions"}],"wp:featuredmedia":[{"embeddable":true,"href":"https:\/\/linitiative.ca\/International\/wp-json\/"}],"wp:attachment":[{"href":"https:\/\/linitiative.ca\/International\/wp-json\/wp\/v2\/media?parent=59453"}],"wp:term":[{"taxonomy":"category","embeddable":true,"href":"https:\/\/linitiative.ca\/International\/wp-json\/wp\/v2\/categories?post=59453"},{"taxonomy":"post_tag","embeddable":true,"href":"https:\/\/linitiative.ca\/International\/wp-json\/wp\/v2\/tags?post=59453"}],"curies":[{"name":"wp","href":"https:\/\/api.w.org\/{rel}","templated":true}]}}