{"id":59455,"date":"2019-08-28T11:23:00","date_gmt":"2019-08-28T15:23:00","guid":{"rendered":"https:\/\/linitiative.ca\/International\/ooredoo-change-dadresse-a-nabeul\/"},"modified":"2019-08-28T11:23:00","modified_gmt":"2019-08-28T15:23:00","slug":"ooredoo-change-dadresse-a-nabeul","status":"publish","type":"post","link":"https:\/\/linitiative.ca\/International\/ooredoo-change-dadresse-a-nabeul\/","title":{"rendered":"Ooredoo change d\u2019adresse \u00e0 Nabeul"},"content":{"rendered":"<p>Poursuivant sa strat\u00e9gie de modernisation et de digitalisation de son r\u00e9seau, Ooredoo Tunisie vient d\u2019inaugurersa toute nouvelle boutique en plein c\u0153ur de Nabeul. En pr\u00e9sence de Mme Saloua Khiari, Gouverneur de Nabeul, et Youssef El Masri, Directeur g\u00e9n\u00e9ral de Ooredoo Tunisie, la c\u00e9r\u00e9monie a eu lieu hier, mardi 27 ao\u00fbt.<\/p>\n<p>Cetespace r\u00e9sulte du changement d\u2019adresse de la boutique de l\u2019avenue Habib Bourguiba \u00e0 un nouvel emplacement plus accessible. Il se situe \u00e0 l\u2019avenue H\u00e9di Nouira, Immeuble Jasmin m\u00e9dical, juste en face de la clinique El Amen.<\/p>\n<p>Cette boutique offre aux visiteurs la possibilit\u00e9 de tester les nouveaux produits et services et de b\u00e9n\u00e9ficier de conseils personnalis\u00e9s. Elle est dot\u00e9e \u00e9galement d\u2019un espace sp\u00e9cialement d\u00e9di\u00e9 aux entreprises, ainsi qu\u2019une borne de recharge innovante. Sa capacit\u00e9 d\u2019accueil est telle qu\u2019elle permettra de recevoir plus de 110 clients\/jour.<\/p>\n<p>Pour f\u00eater l\u2019\u00e9v\u00e9nement, Ooredoo Tunisie organise des jeux plus attractifs les uns que les autres : des cadeaux exceptionnels sont \u00e0 gagner pour les abonn\u00e9s participants.<\/p>\n<p>Youssef El Masri, directeur g\u00e9n\u00e9ral de Ooredoo Tunisie, se r\u00e9jouit du succ\u00e8s toujours grandissant de Ooredoo : \u00ab Riche de son r\u00e9seau de plus de 140 boutiques, employant pr\u00e8s de 900 personnes, Ooredoo assure sa pr\u00e9sence sur l\u2019ensemble du territoire tunisien. Sur le gouvernorat de Nabeul en particulier, Ooredoo poss\u00e8de 3 boutiques dans la ville de Nabeul et 13 boutiques sur l\u2019ensemble du gouvernorat. L\u2019ouverture de cette boutique estun gage de notre r\u00e9ussite en Tunisie, et Ooredoo esp\u00e8re poursuivre l\u2019extension de son r\u00e9seau afin de se rapprocher toujours plus de ses clients \u00e0 travers toute la Tunisie \u00bb.<\/p>\n<p>Auteur:<br \/>\n<a href=\"https:\/\/www.leaders.com.tn\/article\/27830-ooredoo-change-d-adresse-a-nabeul\">Cliquez ici pour lire l&rsquo;article depuis sa source.<\/a><\/p>\n","protected":false},"excerpt":{"rendered":"<p>Poursuivant sa strat\u00e9gie de modernisation et de digitalisation de son r\u00e9seau, Ooredoo Tunisie vient d\u2019inaugurersa toute nouvelle boutique en plein c\u0153ur de Nabeul. En pr\u00e9sence de Mme Saloua Khiari, Gouverneur de Nabeul, et Youssef El Masri, Directeur g\u00e9n\u00e9ral de Ooredoo Tunisie, la c\u00e9r\u00e9monie a eu lieu hier, mardi 27 ao\u00fbt. Cetespace r\u00e9sulte du changement d\u2019adresse [&hellip;]<\/p>\n","protected":false},"author":1772,"featured_media":0,"comment_status":"closed","ping_status":"closed","sticky":false,"template":"","format":"standard","meta":{"fifu_image_url":"","fifu_image_alt":"","footnotes":""},"categories":[73,55],"tags":[],"class_list":["post-59455","post","type-post","status-publish","format-standard","hentry","category-actualite","category-tunisie"],"_links":{"self":[{"href":"https:\/\/linitiative.ca\/International\/wp-json\/wp\/v2\/posts\/59455","targetHints":{"allow":["GET"]}}],"collection":[{"href":"https:\/\/linitiative.ca\/International\/wp-json\/wp\/v2\/posts"}],"about":[{"href":"https:\/\/linitiative.ca\/International\/wp-json\/wp\/v2\/types\/post"}],"author":[{"embeddable":true,"href":"https:\/\/linitiative.ca\/International\/wp-json\/wp\/v2\/users\/1772"}],"replies":[{"embeddable":true,"href":"https:\/\/linitiative.ca\/International\/wp-json\/wp\/v2\/comments?post=59455"}],"version-history":[{"count":0,"href":"https:\/\/linitiative.ca\/International\/wp-json\/wp\/v2\/posts\/59455\/revisions"}],"wp:attachment":[{"href":"https:\/\/linitiative.ca\/International\/wp-json\/wp\/v2\/media?parent=59455"}],"wp:term":[{"taxonomy":"category","embeddable":true,"href":"https:\/\/linitiative.ca\/International\/wp-json\/wp\/v2\/categories?post=59455"},{"taxonomy":"post_tag","embeddable":true,"href":"https:\/\/linitiative.ca\/International\/wp-json\/wp\/v2\/tags?post=59455"}],"curies":[{"name":"wp","href":"https:\/\/api.w.org\/{rel}","templated":true}]}}