{"id":59458,"date":"2019-08-28T10:01:21","date_gmt":"2019-08-28T14:01:21","guid":{"rendered":"https:\/\/linitiative.ca\/International\/remaniement-linterieur-peaufinerait-sa-shortlist-de-walis\/"},"modified":"2019-08-28T10:01:21","modified_gmt":"2019-08-28T14:01:21","slug":"remaniement-linterieur-peaufinerait-sa-shortlist-de-walis","status":"publish","type":"post","link":"https:\/\/linitiative.ca\/International\/remaniement-linterieur-peaufinerait-sa-shortlist-de-walis\/","title":{"rendered":"Remaniement : l\u2019Int\u00e9rieur peaufinerait sa shortlist de walis"},"content":{"rendered":"<p><strong>Dans l\u2019attente de la liste des noms de hauts responsables que le chef du gouvernement devra pr\u00e9senter au roi, en septembre, l\u2019Int\u00e9rieur pr\u00e9pare ses nouveaux cadres.<\/strong><\/p>\n<div class=\"c10\"\/>\n<p>Depuis le discours royal du 29 juillet dernier appelant le chef du gouvernement Sa\u00e2d Eddine El Otmani \u00e0 \u00ab\u00a0soumettre des <strong>propositions<\/strong> visant \u00e0 renouveler et enrichir les postes de responsabilit\u00e9, tant au sein du gouvernement que dans l\u2019Administration\u00a0\u00bb, l\u2019effervescence et la fi\u00e8vre se sont empar\u00e9es de tous les \u00e9tages des minist\u00e8res et si\u00e8ges des partis politiques avec des interrogations sur les partants ou carr\u00e9ment la suppression de certains secr\u00e9tariats d\u2019Etat. Les sp\u00e9culations et les fuites bien orchestr\u00e9es vont bon train.<\/p>\n<p>Toutefois, et sans attendre la <strong>rentr\u00e9e politique<\/strong>, le minist\u00e8re de l\u2019Int\u00e9rieur, l\u2019un des premiers concern\u00e9s de par sa proximit\u00e9 avec le citoyen, a re\u00e7u 5 sur 5 le message royal en proc\u00e9dant d\u00e9j\u00e0 d\u00e9but ao\u00fbt\u00a0au red\u00e9ploiement de centaines d\u2019agents d\u2019autorit\u00e9s et l\u2019injection de pas moins de 117 laur\u00e9ats de l\u2019Institut royal de l\u2019administration territoriale de Kenitra.<\/p>\n<p>Lire aussi : <a href=\"https:\/\/www.challenge.ma\/el-otmani-le-transfert-des-competences-en-phase-finale-115876\/\">El Otmani : Le transfert des comp\u00e9tences en phase finale<\/a><\/p>\n<p>Toujours sur la m\u00eame lanc\u00e9e, le quotidien arabophone Al Massae affirme dans son \u00e9dition de ce mercredi 28 ao\u00fbt, sur la base d\u2019une source bien inform\u00e9e,\u00a0que suite \u00e0 des rapports \u00e9tablis par la direction des walis,\u00a0une r\u00e9union a eu lieu entre le ministre de tutelle <strong>Abdelouafi Laftit<\/strong> et les d\u00e9partements concern\u00e9s. R\u00e9union sanctionn\u00e9e par l\u2019\u00e9tablissement d\u2019une liste de secr\u00e9taires g\u00e9n\u00e9raux et\u00a0de walis. S\u2019agira-t-il de simples mutations ou comportera-t-elle aussi de nouvelles nominations\u00a0?\u00a0\u00a0<\/p>\n<p>Il est \u00e0 rappeler que le dernier remaniement dans ce corps remonte au 18 f\u00e9vrier de cette ann\u00e9e avec la nomination par le Roi Mohammed VI de six nouveaux walis.<\/p>\n<div class=\"c17\">\n<fieldset class=\"c16\">\n<legend><strong><span class=\"c11\">Challenge<\/span><span class=\"c12\">news<\/span><\/strong><\/legend>\n<div class=\"c15\">Le meilleur de la r\u00e9daction s\u00e9lectionn\u00e9 par Challenge :<\/p>\n<\/div>\n<\/fieldset>\n<\/div>\n<p>Auteur: challenge<br \/>\n<a href=\"https:\/\/www.challenge.ma\/remaniement-linterieur-peaufinerait-sa-shortlist-de-walis-116143\/\">Cliquez ici pour lire l&rsquo;article depuis sa source.<\/a><\/p>\n","protected":false},"excerpt":{"rendered":"<p>Dans l\u2019attente de la liste des noms de hauts responsables que le chef du gouvernement devra pr\u00e9senter au roi, en septembre, l\u2019Int\u00e9rieur pr\u00e9pare ses nouveaux cadres. Depuis le discours royal du 29 juillet dernier appelant le chef du gouvernement Sa\u00e2d Eddine El Otmani \u00e0 \u00ab\u00a0soumettre des propositions visant \u00e0 renouveler et enrichir les postes de [&hellip;]<\/p>\n","protected":false},"author":1787,"featured_media":0,"comment_status":"closed","ping_status":"closed","sticky":false,"template":"","format":"standard","meta":{"fifu_image_url":"","fifu_image_alt":"","footnotes":""},"categories":[78,54],"tags":[],"class_list":["post-59458","post","type-post","status-publish","format-standard","hentry","category-economie","category-maroc"],"_links":{"self":[{"href":"https:\/\/linitiative.ca\/International\/wp-json\/wp\/v2\/posts\/59458","targetHints":{"allow":["GET"]}}],"collection":[{"href":"https:\/\/linitiative.ca\/International\/wp-json\/wp\/v2\/posts"}],"about":[{"href":"https:\/\/linitiative.ca\/International\/wp-json\/wp\/v2\/types\/post"}],"author":[{"embeddable":true,"href":"https:\/\/linitiative.ca\/International\/wp-json\/wp\/v2\/users\/1787"}],"replies":[{"embeddable":true,"href":"https:\/\/linitiative.ca\/International\/wp-json\/wp\/v2\/comments?post=59458"}],"version-history":[{"count":0,"href":"https:\/\/linitiative.ca\/International\/wp-json\/wp\/v2\/posts\/59458\/revisions"}],"wp:attachment":[{"href":"https:\/\/linitiative.ca\/International\/wp-json\/wp\/v2\/media?parent=59458"}],"wp:term":[{"taxonomy":"category","embeddable":true,"href":"https:\/\/linitiative.ca\/International\/wp-json\/wp\/v2\/categories?post=59458"},{"taxonomy":"post_tag","embeddable":true,"href":"https:\/\/linitiative.ca\/International\/wp-json\/wp\/v2\/tags?post=59458"}],"curies":[{"name":"wp","href":"https:\/\/api.w.org\/{rel}","templated":true}]}}