{"id":59461,"date":"2019-08-28T14:17:47","date_gmt":"2019-08-28T18:17:47","guid":{"rendered":"https:\/\/linitiative.ca\/International\/espagne-17-enfants-touches-par-le-syndrome-du-loup-garou-a-cause-dun-medicament\/"},"modified":"2019-08-28T14:17:47","modified_gmt":"2019-08-28T18:17:47","slug":"espagne-17-enfants-touches-par-le-syndrome-du-loup-garou-a-cause-dun-medicament","status":"publish","type":"post","link":"https:\/\/linitiative.ca\/International\/espagne-17-enfants-touches-par-le-syndrome-du-loup-garou-a-cause-dun-medicament\/","title":{"rendered":"Espagne : 17 enfants touch\u00e9s par le \u00ab\u00a0syndrome du loup-garou\u00a0\u00bb, \u00e0 cause d\u2019un m\u00e9dicament"},"content":{"rendered":"<p><strong>Au moins 17 enfants ont \u00e9t\u00e9 touch\u00e9s en Espagne par le \u00ab\u00a0syndrome du loup-garou\u00a0\u00bb, apr\u00e8s avoir pris un mauvais m\u00e9dicament suite \u00e0 une erreur d\u2019\u00e9tiquetage, rapportent mercredi des m\u00e9dias ib\u00e9riques.<\/strong><\/p>\n<div class=\"c10\"\/>\n<p>Suite \u00e0 des alertes donn\u00e9es en juin dernier par des parents, qui ont constat\u00e9 que leurs enfants d\u00e9veloppaient une pilosit\u00e9 anormale apr\u00e8s avoir pris un m\u00e9dicament, vendu comme de l\u2019om\u00e9prazole, une mol\u00e9cule utilis\u00e9e pour traiter le reflux gastro-\u0153sophagien, une enqu\u00eate a \u00e9t\u00e9 lanc\u00e9e par les autorit\u00e9s, r\u00e9v\u00e9lant que les boites contenaient du minoxidil, une substance active destin\u00e9e au traitement de l\u2019alop\u00e9cie, expliquent les m\u00e9dias.<\/p>\n<p>Parmi les enfants touch\u00e9s par ce syndrome, principalement des b\u00e9b\u00e9s de moins d\u2019un an, dix se trouvent dans la r\u00e9gion de Cantabrie (Nord), quatre en Andalousie (Sud) et trois dans la communaut\u00e9 valencienne, selon des donn\u00e9es du minist\u00e8re espagnol de la sant\u00e9, relay\u00e9es par les m\u00e9dias.<\/p>\n<p>\u00ab\u00a0Ce m\u00e9dicament a \u00e9t\u00e9 introduit dans un emballage marqu\u00e9 om\u00e9prazole\u00a0\u00bb par erreur, a d\u00e9clar\u00e9 \u00e0 la presse la ministre de la Sant\u00e9, Maria Luisa Carcedo.<\/p>\n<p>Cette erreur provient du laboratoire FarmaQuimica Sur, bas\u00e9 \u00e0 Malaga, o\u00f9 le principe actif a \u00e9t\u00e9 mal \u00e9tiquet\u00e9 pour une raison qui reste encore ind\u00e9termin\u00e9e, font savoir les m\u00e9dias, relevant que la fabrication et la distribution de ces principes actifs a \u00e9t\u00e9 suspendue depuis le mois de juillet.<\/p>\n<p>L\u2019agence espagnole des m\u00e9dicaments et des produits de sant\u00e9 (Aemps) a ordonn\u00e9, en juillet dernier, le retrait d\u2019un premier lot de ce m\u00e9dicament fabriqu\u00e9 par la soci\u00e9t\u00e9 pharmaceutique indienne Smilax Laboratories Limited, apr\u00e8s avoir recens\u00e9 14 cas d\u2019Hypertrichose, autrement dit le \u00ab\u00a0syndrome du loup-garou\u00a0\u00bb, chez des b\u00e9b\u00e9s \u00e0 Grenade.<\/p>\n<p>Le 6 ao\u00fbt dernier, une nouvelle alerte a \u00e9t\u00e9 lanc\u00e9e \u00e0 titre pr\u00e9ventif avec le retrait de 22 nouveaux lots consid\u00e9r\u00e9s comme \u00ab\u00a0potentiellement affect\u00e9 par l\u2019incident\u00a0\u00bb, notent les m\u00e9dias, faisant savoir que l\u2019agence des m\u00e9dicaments a affirm\u00e9 que ces lots contenaient du minoxidil.<\/p>\n<p>\u00ab\u00a0La pousse de poils et cheveux de fa\u00e7on excessive chez les enfants sous traitement a \u00e9t\u00e9 diminu\u00e9e d\u00e8s l\u2019arr\u00eat du m\u00e9dicament\u00a0\u00bb, souligne l\u2019Aemps, ajoutant que \u00ab\u00a0l\u2019affaire est sous contr\u00f4le et stopp\u00e9e depuis le 8 ao\u00fbt\u00a0\u00bb.<\/p>\n<p>Le \u00ab\u00a0syndrome du loup-garou\u00a0\u00bb est une trouble g\u00e9n\u00e9tique qui affecte la croissance des cheveux et de la pilosit\u00e9. Les personnes souffrantes voient une pousse excessive de leurs cheveux avec une texture beaucoup plus \u00e9paisse et un d\u00e9veloppement de la pilosit\u00e9 sur des zones inhabituelles du corps.<\/p>\n<p>Ce probl\u00e8me esth\u00e9tique ne pose cependant pas de risque pour la sant\u00e9.\u00a0\u00a0<\/p>\n<div class=\"c17\">\n<fieldset class=\"c16\">\n<legend><strong><span class=\"c11\">Challenge<\/span><span class=\"c12\">news<\/span><\/strong><\/legend>\n<div class=\"c15\">Le meilleur de la r\u00e9daction s\u00e9lectionn\u00e9 par Challenge :<\/p>\n<\/div>\n<\/fieldset>\n<\/div>\n<p>Auteur: challenge<br \/>\n<a href=\"https:\/\/www.challenge.ma\/espagne-17-enfants-touches-par-le-syndrome-du-loup-garou-a-cause-dun-medicament-116160\/\">Cliquez ici pour lire l&rsquo;article depuis sa source.<\/a><\/p>\n","protected":false},"excerpt":{"rendered":"<p>Au moins 17 enfants ont \u00e9t\u00e9 touch\u00e9s en Espagne par le \u00ab\u00a0syndrome du loup-garou\u00a0\u00bb, apr\u00e8s avoir pris un mauvais m\u00e9dicament suite \u00e0 une erreur d\u2019\u00e9tiquetage, rapportent mercredi des m\u00e9dias ib\u00e9riques. Suite \u00e0 des alertes donn\u00e9es en juin dernier par des parents, qui ont constat\u00e9 que leurs enfants d\u00e9veloppaient une pilosit\u00e9 anormale apr\u00e8s avoir pris un [&hellip;]<\/p>\n","protected":false},"author":1787,"featured_media":0,"comment_status":"closed","ping_status":"closed","sticky":false,"template":"","format":"standard","meta":{"fifu_image_url":"","fifu_image_alt":"","footnotes":""},"categories":[78,54],"tags":[],"class_list":["post-59461","post","type-post","status-publish","format-standard","hentry","category-economie","category-maroc"],"_links":{"self":[{"href":"https:\/\/linitiative.ca\/International\/wp-json\/wp\/v2\/posts\/59461","targetHints":{"allow":["GET"]}}],"collection":[{"href":"https:\/\/linitiative.ca\/International\/wp-json\/wp\/v2\/posts"}],"about":[{"href":"https:\/\/linitiative.ca\/International\/wp-json\/wp\/v2\/types\/post"}],"author":[{"embeddable":true,"href":"https:\/\/linitiative.ca\/International\/wp-json\/wp\/v2\/users\/1787"}],"replies":[{"embeddable":true,"href":"https:\/\/linitiative.ca\/International\/wp-json\/wp\/v2\/comments?post=59461"}],"version-history":[{"count":0,"href":"https:\/\/linitiative.ca\/International\/wp-json\/wp\/v2\/posts\/59461\/revisions"}],"wp:attachment":[{"href":"https:\/\/linitiative.ca\/International\/wp-json\/wp\/v2\/media?parent=59461"}],"wp:term":[{"taxonomy":"category","embeddable":true,"href":"https:\/\/linitiative.ca\/International\/wp-json\/wp\/v2\/categories?post=59461"},{"taxonomy":"post_tag","embeddable":true,"href":"https:\/\/linitiative.ca\/International\/wp-json\/wp\/v2\/tags?post=59461"}],"curies":[{"name":"wp","href":"https:\/\/api.w.org\/{rel}","templated":true}]}}