{"id":59476,"date":"2019-08-28T07:12:47","date_gmt":"2019-08-28T11:12:47","guid":{"rendered":"https:\/\/linitiative.ca\/International\/7e-ticad-les-attentes-du-burkina\/"},"modified":"2019-08-28T07:12:47","modified_gmt":"2019-08-28T11:12:47","slug":"7e-ticad-les-attentes-du-burkina","status":"publish","type":"post","link":"https:\/\/linitiative.ca\/International\/7e-ticad-les-attentes-du-burkina\/","title":{"rendered":"7e TICAD  : les attentes du Burkina"},"content":{"rendered":"<div class=\"td-post-featured-image\"><a href=\"https:\/\/i1.wp.com\/www.sidwaya.info\/wp-content\/uploads\/2019\/08\/1-42.jpg?fit=728%2C485&#038;ssl=1\" data-caption=\"\"><img loading=\"lazy\" decoding=\"async\" width=\"696\" height=\"464\" class=\"entry-thumb td-modal-image\" src=\"https:\/\/i1.wp.com\/www.sidwaya.info\/wp-content\/uploads\/2019\/08\/1-42.jpg?resize=696%2C464&#038;ssl=1\" srcset=\"https:\/\/i1.wp.com\/www.sidwaya.info\/wp-content\/uploads\/2019\/08\/1-42.jpg?w=728&#038;ssl=1 728w, https:\/\/i1.wp.com\/www.sidwaya.info\/wp-content\/uploads\/2019\/08\/1-42.jpg?resize=300%2C200&#038;ssl=1 300w, https:\/\/i1.wp.com\/www.sidwaya.info\/wp-content\/uploads\/2019\/08\/1-42.jpg?resize=696%2C464&#038;ssl=1 696w, https:\/\/i1.wp.com\/www.sidwaya.info\/wp-content\/uploads\/2019\/08\/1-42.jpg?resize=630%2C420&#038;ssl=1 630w\" sizes=\"auto, (max-width: 696px) 100vw, 696px\" alt=\"\" title=\"1\"\/><\/a><\/div>\n<p>Le chef de l\u2019Etat, Roch Marc Christian Kabor\u00e9, prend part \u00e0 la 7e Conf\u00e9rence internationale de Tokyo sur le d\u00e9veloppement de l\u2019Afrique (TICAD), qui se tient du 28 au 30 ao\u00fbt 2019 \u00e0 Yokohama, ville portuaire japonaise. Il entend plaider pour le renforcement de la coop\u00e9ration bilat\u00e9rale entre le Burkina et le \u00abpays du Soleil levant\u00bb.<\/p>\n<p>Le Japon, archipel de 6 852 \u00eeles, est le point de convergence des pays africains, ces jours-ci, \u00e0 l\u2019occasion de la 7e Conf\u00e9rence internationale de Tokyo sur le d\u00e9veloppement de l\u2019Afrique (TICAD). Cette rencontre initi\u00e9e par le gouvernement japonais en 1993, pour promouvoir un dialogue de haut niveau avec les dirigeants africains autour des questions de d\u00e9veloppement se tient du 28 au 30 ao\u00fbt 2019 \u00e0 Yokohama. Plus de 4 500 participants sont attendus, y compris des chefs d\u2019Etat, dont le Pr\u00e9sident du Faso, Roch Marc Christian Kabor\u00e9, arriv\u00e9 dans la ville portuaire, le mardi 27 ao\u00fbt 2019 aux environs de 13 heures locales (TU+9), en provenance de Biarritz en France, o\u00f9 il a particip\u00e9 au sommet du G7 en sa qualit\u00e9 de pr\u00e9sident en exercice du G5 Sahel.<\/p>\n<p>Il n\u2019a pas fait de d\u00e9claration \u00e0 son arriv\u00e9e en terre nippone, mais le chef de l\u2019Etat, \u00e0 en croire des sources diplomatiques, d\u00e9fendra, comme \u00e0 l\u2019accoutum\u00e9e, les int\u00e9r\u00eats du Burkina qui entretient des relations de coop\u00e9ration \u00abappr\u00e9ciables\u00bb avec le Japon depuis 1962. Lors de sa premi\u00e8re visite officielle dans l\u2019archipel asiatique en novembre 2018, le pr\u00e9sident Kabor\u00e9 avait magnifi\u00e9 une coop\u00e9ration \u00abb\u00e9n\u00e9fique\u00bb, ax\u00e9e sur l\u2019agriculture, l\u2019\u00e9ducation et les infrastructures. Un document officiel \u00e9manant de l\u2019ambassade du Japon au Burkina, dont Sidwaya a obtenu copie, r\u00e9affirme cette position et \u00e9claire sur les attentes du pays des Hommes int\u00e8gres \u00e0 la TICAD VII.<\/p>\n<p>Il s\u2019agit entre autres, du renforcement de la coop\u00e9ration bilat\u00e9rale, de la promotion de l\u2019int\u00e9r\u00eat des investisseurs japonais pour le Burkina et de l\u2019\u00e9tablissement d\u2019un partenariat entre les op\u00e9rateurs \u00e9conomiques des deux pays. Preuve de l\u2019int\u00e9r\u00eat que les autorit\u00e9s portent \u00e0 la coop\u00e9ration avec le Japon. Le Burkina va animer deux stands \u00e0 l\u2019exposition de la pr\u00e9sente TICAD pour se faire plus de visibilit\u00e9 dans le monde des affaires.<\/p>\n<p>Du reste, le pr\u00e9sident du Faso va prendre part \u00e0 deux pl\u00e9ni\u00e8res \u00e0 la conf\u00e9rence, l\u2019une sur le th\u00e8me de l\u2019am\u00e9lioration du climat des affaires et l\u2019autre sur le renforcement de la paix et de la stabilit\u00e9. Nul doute que le chef de l\u2019Etat \u00e9voquera la situation s\u00e9curitaire tr\u00e8s pr\u00e9occupante au Burkina, avec les attaques terroristes \u00e0 r\u00e9p\u00e9tition.<\/p>\n<p><strong>De la lutte contre le terrorisme<\/strong><\/p>\n<p>Dans le cadre du G5 Sahel, le Japon s\u2019est engag\u00e9 \u00e0 soutenir le pays des Hommes int\u00e8gres avec une enveloppe financi\u00e8re de 12,5 millions de dollars US (plus de 7 milliards F CFA). Roch Marc Christian Kabor\u00e9 a \u00e9galement dans son agenda, des audiences avec plusieurs personnalit\u00e9s, dont le Premier ministre, Shinzo Abe et le vice-gouverneur de Japan bank for international coop\u00e9ration (JBCI), Nobumitsu Hayashi.<\/p>\n<p>Des entrevues, qui vont permettre de consolider les liens de coop\u00e9ration entre les deux Etats. Dans le document officiel cit\u00e9 plus haut, le volume total de l\u2019aide directe accord\u00e9e actuellement par le Japon au Burkina est estim\u00e9 \u00e0 plus de 159,7 milliards F CFA. Divers projets, financ\u00e9s par le partenaire japonais, sont actuellement en cours de r\u00e9alisation, avec des \u00e9ch\u00e9ances \u00e0 l\u2019horizon 2020 ou 2022. Entre autres, il y a la construction d\u2019infrastructures \u00e9ducatives en appui au postprimaire phase II, les travaux d\u2019am\u00e9lioration de la \u00abrocade Sud\u00bb du Boulevard des Tansoba \u00e0 Ouagadougou (plus de 29 milliards F CFA) et le renforcement de la route communautaire Gounghin-Fada N\u2019Gourma-fronti\u00e8re du Niger. Le projet de renforcement de la production de s\u00e9same au Burkina Faso \u00e0 hauteur de plus de 3 milliards F CFA peut \u00eatre \u00e9galement cit\u00e9. Des membres du gouvernement accompagnent le pr\u00e9sident du Faso \u00e0 ce rendez-vous africano-japonais, qui a lieu tous les quatre ans. Ce sont notamment le chef de la diplomatie, Alpha Barry et ses coll\u00e8gues des Infrastructures, Eric Bougouma et du Commerce, Harouna Kabor\u00e9.<\/p>\n<p class=\"c1\"><strong>Kader Patrick KARANTAO<\/strong><\/p>\n<p class=\"c1\"><strong>(depuis Yokohama au Japon)<\/strong><\/p>\n<div class=\"td-a-rec td-a-rec-id-content_bottom td_uid_30_5d66f5b7d4d25_rand td_block_template_1\"><img loading=\"lazy\" decoding=\"async\" class=\"aligncenter size-full wp-image-9623\" src=\"https:\/\/www.sidwaya.info\/wp-content\/uploads\/2019\/06\/Projet-bannie%CC%80re-Orange-mobile.jpg\" alt=\"\" width=\"728\" height=\"81\"\/><\/div>\n<p>Auteur: DD. Sidwaya<br \/>\n<a href=\"https:\/\/www.sidwaya.info\/blog\/2019\/08\/28\/7e-ticad-les-attentes-du-burkina\/\">Cliquez ici pour lire l&rsquo;article depuis sa source.<\/a><\/p>\n","protected":false},"excerpt":{"rendered":"<p>Le chef de l\u2019Etat, Roch Marc Christian Kabor\u00e9, prend part \u00e0 la 7e Conf\u00e9rence internationale de Tokyo sur le d\u00e9veloppement de l\u2019Afrique (TICAD), qui se tient du 28 au 30 ao\u00fbt 2019 \u00e0 Yokohama, ville portuaire japonaise. Il entend plaider pour le renforcement de la coop\u00e9ration bilat\u00e9rale entre le Burkina et le \u00abpays du Soleil [&hellip;]<\/p>\n","protected":false},"author":1816,"featured_media":0,"comment_status":"closed","ping_status":"closed","sticky":false,"template":"","format":"standard","meta":{"fifu_image_url":"","fifu_image_alt":"","footnotes":""},"categories":[73,81],"tags":[],"class_list":["post-59476","post","type-post","status-publish","format-standard","hentry","category-actualite","category-burkina-faso"],"_links":{"self":[{"href":"https:\/\/linitiative.ca\/International\/wp-json\/wp\/v2\/posts\/59476","targetHints":{"allow":["GET"]}}],"collection":[{"href":"https:\/\/linitiative.ca\/International\/wp-json\/wp\/v2\/posts"}],"about":[{"href":"https:\/\/linitiative.ca\/International\/wp-json\/wp\/v2\/types\/post"}],"author":[{"embeddable":true,"href":"https:\/\/linitiative.ca\/International\/wp-json\/wp\/v2\/users\/1816"}],"replies":[{"embeddable":true,"href":"https:\/\/linitiative.ca\/International\/wp-json\/wp\/v2\/comments?post=59476"}],"version-history":[{"count":0,"href":"https:\/\/linitiative.ca\/International\/wp-json\/wp\/v2\/posts\/59476\/revisions"}],"wp:attachment":[{"href":"https:\/\/linitiative.ca\/International\/wp-json\/wp\/v2\/media?parent=59476"}],"wp:term":[{"taxonomy":"category","embeddable":true,"href":"https:\/\/linitiative.ca\/International\/wp-json\/wp\/v2\/categories?post=59476"},{"taxonomy":"post_tag","embeddable":true,"href":"https:\/\/linitiative.ca\/International\/wp-json\/wp\/v2\/tags?post=59476"}],"curies":[{"name":"wp","href":"https:\/\/api.w.org\/{rel}","templated":true}]}}