{"id":59477,"date":"2019-08-28T07:18:08","date_gmt":"2019-08-28T11:18:08","guid":{"rendered":"https:\/\/linitiative.ca\/International\/le-piege-de-la-negociation\/"},"modified":"2019-08-28T07:18:08","modified_gmt":"2019-08-28T11:18:08","slug":"le-piege-de-la-negociation","status":"publish","type":"post","link":"https:\/\/linitiative.ca\/International\/le-piege-de-la-negociation\/","title":{"rendered":"Le pi\u00e8ge  de la n\u00e9gociation"},"content":{"rendered":"<div class=\"td-post-featured-image\"><a href=\"https:\/\/i0.wp.com\/www.sidwaya.info\/wp-content\/uploads\/2019\/08\/mercure-3.jpg?fit=709%2C510&#038;ssl=1\" data-caption=\"\"><img loading=\"lazy\" decoding=\"async\" width=\"696\" height=\"501\" class=\"entry-thumb td-modal-image\" src=\"https:\/\/i0.wp.com\/www.sidwaya.info\/wp-content\/uploads\/2019\/08\/mercure-3.jpg?resize=696%2C501&#038;ssl=1\" srcset=\"https:\/\/i0.wp.com\/www.sidwaya.info\/wp-content\/uploads\/2019\/08\/mercure-3.jpg?w=709&#038;ssl=1 709w, https:\/\/i0.wp.com\/www.sidwaya.info\/wp-content\/uploads\/2019\/08\/mercure-3.jpg?resize=300%2C216&#038;ssl=1 300w, https:\/\/i0.wp.com\/www.sidwaya.info\/wp-content\/uploads\/2019\/08\/mercure-3.jpg?resize=696%2C501&#038;ssl=1 696w, https:\/\/i0.wp.com\/www.sidwaya.info\/wp-content\/uploads\/2019\/08\/mercure-3.jpg?resize=584%2C420&#038;ssl=1 584w\" sizes=\"auto, (max-width: 696px) 100vw, 696px\" alt=\"\" title=\"mercure\"\/><\/a><\/div>\n<p>Depuis le drame de Koutougou, qui a plong\u00e9 les populations dans l\u2019\u00e9moi et la d\u00e9solation, \u00abl\u2019antienne\u00bb de la n\u00e9gociation avec les terroristes revient inlassablement, comme \u00e9tant la voie idoine pour endiguer cette probl\u00e9matique qui, depuis son surgissement, ne cesse d\u2019endeuiller la Nation, en d\u00e9pit des efforts d\u00e9ploy\u00e9s pour la r\u00e9duire \u00e0 n\u00e9ant. Une option de la courte vue qui ne cerne pas tous les enjeux de cette nouvelle guerre de pr\u00e9dation sous-tendue par des motifs aussi bien \u00abid\u00e9ologiques\u00bb qu\u2019\u00e9conomiques.<\/p>\n<p>Ces derni\u00e8res raisons \u00e9tant celles qui contribuent \u00e0 donner de l\u2019ampleur et du \u00abcoffre\u00bb aux actions de ces bandits arm\u00e9s. Un bref rappel historique nous permet, en effet, d\u2019affirmer que le d\u00e9sir d\u2019ind\u00e9pendance de l\u2019Azawad (territoire d\u00e9sertique dans le Nord Mali regroupant des zones saharienne et sah\u00e9lienne avec pour \u00ab\u00a0capitale\u00a0\u00bb Kidal et villes principales Tombouctou et Gao) port\u00e9es par les groupes ind\u00e9pendantistes touaregs, remonte \u00e0 l\u2019ann\u00e9e 1958, c\u2019est-\u00e0-dire deux ans avant l\u2019ind\u00e9pendance formelle du Mali.<\/p>\n<p>Si cette aspiration \u00e0 l\u2019autonomie n\u2019a pas prosp\u00e9r\u00e9 dans un premier temps (jusqu\u2019au d\u00e9tour de la fin des ann\u00e9es 80 en tout cas), c\u2019est que les puissances \u00abtut\u00e9laires\u00bb du Mali, qui contr\u00f4laient l\u2019\u00e9conomie de ce pays \u00e0 l\u2019instar de celles des autres pays de la bande sah\u00e9lo-saharienne, n\u2019avaient aucun int\u00e9r\u00eat \u00e0 voir ces pays se d\u00e9liter et porter ainsi un coup s\u00e9rieux \u00e0 leur \u00abbusiness\u00bb florissant. Cons\u00e9quence, les diff\u00e9rentes r\u00e9bellions de cette \u00e9poque ont \u00e9t\u00e9 contenues, jusqu\u2019\u00e0 la chute du mur de Berlin, qui a chang\u00e9 la donne dans la r\u00e9partition des int\u00e9r\u00eats g\u00e9ostrat\u00e9giques et \u00e9conomiques mondiaux, contraignant certains pays \u00e0 revoir leur strat\u00e9gie pour continuer \u00e0 maintenir leur \u00e9conomie \u00e0 flot.<\/p>\n<p>On a ainsi not\u00e9 que depuis 1990, la guerre de l\u2019Azawad a pris une nouvelle dimension pour culminer en 2012, avec la proclamation unilat\u00e9rale par le MLNA de l\u2019ind\u00e9pendance de cette zone, avec comme effet collat\u00e9ral, entre autres, le renversement du g\u00e9n\u00e9ral Amadou Toumani Tour\u00e9, consid\u00e9r\u00e9 jusque-l\u00e0 comme le p\u00e8re de la d\u00e9mocratie malienne. C\u2019est qu\u2019en effet, et comme indiqu\u00e9 plus haut, les Touaregs avaient derri\u00e8re eux, des puissances \u00e9trang\u00e8res qui n\u2019avaient plus que les armes de guerre et les conqu\u00eates pr\u00e9datrices pour permettre \u00e0 leur \u00e9conomie de survivre face \u00e0 la concurrence de leurs alli\u00e9s d\u2019hier dans leur pr\u00e9 carr\u00e9. L\u2019infrastructure, comme on le voit, d\u00e9termine ici aussi la superstructure, et, l\u2019occasion faisant le larron, et en raison des affinit\u00e9s culturelles et religieuses des Touaregs avec certaines populations du Nord Burkina et plus loin du B\u00e9nin, du Togo, voire de la C\u00f4te d\u2019Ivoire, le champ d\u2019engagement des terroristes se trouve ainsi \u00e9largi. Une parenth\u00e8se pour dire \u00e0 ceux qui l\u2019ignorent encore que la \u00abfronti\u00e8re burkinab\u00e8\u00bb de l\u2019Azawad englobe toute la r\u00e9gion du Liptako et du Guelgodji pour \u00abgrignoter\u00bb certaines villes comme Bourzanga et Pobe Mengao, qui sont ses fronti\u00e8res naturelles pour les bandits arm\u00e9s. C\u2019est donc \u00e0 une guerre \u00abd\u2019ind\u00e9pendance\u00bb que sont confront\u00e9s le Mali et le Burkina avec, cette fois-ci, des moyens colossaux mis \u00e0 la disposition de leurs ennemis par des puissances occidentales, qui tirent leurs marrons du feu dans cette chienlit.<\/p>\n<p>Le pr\u00e9sident Kabor\u00e9 qui, semble-t-il, a bien cern\u00e9 cette probl\u00e9matique, veut donc sortir de ce t\u00eate-\u00e0-t\u00eate sanglant avec les terroristes et leurs alli\u00e9s de l\u2019ombre pour placer le G5 Sahel sous mandat onusien; ce qu\u2019il vient de r\u00e9affirmer lors du dernier sommet du G7 auquel il \u00e9tait convi\u00e9. Une t\u00e2che ardue, s\u2019il en est, dans la mesure o\u00f9 d\u2019autres puissances, qui n\u2019ont rien \u00e0 gagner dans cette guerre (pas d\u2019int\u00e9r\u00eats, pas d\u2019action comme disent les juristes), freinent des quatre fers. Il appara\u00eet donc que c\u2019est aux Africains d\u2019abord de prendre \u00e0 bras-le-corps ce probl\u00e8me pour y trouver des solutions endog\u00e8nes, car il y va de la survie de ces Etats dans leur configuration actuelle. Aussi, des options diplomatiques fortes et courageuses peuvent nous aider dans cette guerre imp\u00e9rialiste qui n\u2019est pas pr\u00e8s de s\u2019arr\u00eater.<\/p>\n<p class=\"c1\"><strong>Boubakar SY<\/strong><\/p>\n<div class=\"td-a-rec td-a-rec-id-content_bottom td_uid_30_5d66f5bab9ed9_rand td_block_template_1\"><img loading=\"lazy\" decoding=\"async\" class=\"aligncenter size-full wp-image-9623\" src=\"https:\/\/www.sidwaya.info\/wp-content\/uploads\/2019\/06\/Projet-bannie%CC%80re-Orange-mobile.jpg\" alt=\"\" width=\"728\" height=\"81\"\/><\/div>\n<p>Auteur: DD. Sidwaya<br \/>\n<a href=\"https:\/\/www.sidwaya.info\/blog\/2019\/08\/28\/le-piege-de-la-negociation\/\">Cliquez ici pour lire l&rsquo;article depuis sa source.<\/a><\/p>\n","protected":false},"excerpt":{"rendered":"<p>Depuis le drame de Koutougou, qui a plong\u00e9 les populations dans l\u2019\u00e9moi et la d\u00e9solation, \u00abl\u2019antienne\u00bb de la n\u00e9gociation avec les terroristes revient inlassablement, comme \u00e9tant la voie idoine pour endiguer cette probl\u00e9matique qui, depuis son surgissement, ne cesse d\u2019endeuiller la Nation, en d\u00e9pit des efforts d\u00e9ploy\u00e9s pour la r\u00e9duire \u00e0 n\u00e9ant. Une option de [&hellip;]<\/p>\n","protected":false},"author":1816,"featured_media":0,"comment_status":"closed","ping_status":"closed","sticky":false,"template":"","format":"standard","meta":{"fifu_image_url":"","fifu_image_alt":"","footnotes":""},"categories":[73,81],"tags":[],"class_list":["post-59477","post","type-post","status-publish","format-standard","hentry","category-actualite","category-burkina-faso"],"_links":{"self":[{"href":"https:\/\/linitiative.ca\/International\/wp-json\/wp\/v2\/posts\/59477","targetHints":{"allow":["GET"]}}],"collection":[{"href":"https:\/\/linitiative.ca\/International\/wp-json\/wp\/v2\/posts"}],"about":[{"href":"https:\/\/linitiative.ca\/International\/wp-json\/wp\/v2\/types\/post"}],"author":[{"embeddable":true,"href":"https:\/\/linitiative.ca\/International\/wp-json\/wp\/v2\/users\/1816"}],"replies":[{"embeddable":true,"href":"https:\/\/linitiative.ca\/International\/wp-json\/wp\/v2\/comments?post=59477"}],"version-history":[{"count":0,"href":"https:\/\/linitiative.ca\/International\/wp-json\/wp\/v2\/posts\/59477\/revisions"}],"wp:attachment":[{"href":"https:\/\/linitiative.ca\/International\/wp-json\/wp\/v2\/media?parent=59477"}],"wp:term":[{"taxonomy":"category","embeddable":true,"href":"https:\/\/linitiative.ca\/International\/wp-json\/wp\/v2\/categories?post=59477"},{"taxonomy":"post_tag","embeddable":true,"href":"https:\/\/linitiative.ca\/International\/wp-json\/wp\/v2\/tags?post=59477"}],"curies":[{"name":"wp","href":"https:\/\/api.w.org\/{rel}","templated":true}]}}