{"id":59478,"date":"2019-08-28T07:22:29","date_gmt":"2019-08-28T11:22:29","guid":{"rendered":"https:\/\/linitiative.ca\/International\/campagne-agricole-humide-a-lest-pres-de-75-000-t-de-rendements-attendues\/"},"modified":"2019-08-28T07:22:29","modified_gmt":"2019-08-28T11:22:29","slug":"campagne-agricole-humide-a-lest-pres-de-75-000-t-de-rendements-attendues","status":"publish","type":"post","link":"https:\/\/linitiative.ca\/International\/campagne-agricole-humide-a-lest-pres-de-75-000-t-de-rendements-attendues\/","title":{"rendered":"Campagne agricole humide \u00e0 l\u2019Est   : pr\u00e8s de 75 000 T de rendements attendues"},"content":{"rendered":"<div class=\"td-post-featured-image\"><a href=\"https:\/\/i1.wp.com\/www.sidwaya.info\/wp-content\/uploads\/2019\/08\/1-43.jpg?fit=728%2C547&#038;ssl=1\" data-caption=\"\"><img loading=\"lazy\" decoding=\"async\" width=\"696\" height=\"523\" class=\"entry-thumb td-modal-image\" src=\"https:\/\/i1.wp.com\/www.sidwaya.info\/wp-content\/uploads\/2019\/08\/1-43.jpg?resize=696%2C523&#038;ssl=1\" srcset=\"https:\/\/i1.wp.com\/www.sidwaya.info\/wp-content\/uploads\/2019\/08\/1-43.jpg?w=728&#038;ssl=1 728w, https:\/\/i1.wp.com\/www.sidwaya.info\/wp-content\/uploads\/2019\/08\/1-43.jpg?resize=300%2C225&#038;ssl=1 300w, https:\/\/i1.wp.com\/www.sidwaya.info\/wp-content\/uploads\/2019\/08\/1-43.jpg?resize=80%2C60&#038;ssl=1 80w, https:\/\/i1.wp.com\/www.sidwaya.info\/wp-content\/uploads\/2019\/08\/1-43.jpg?resize=265%2C198&#038;ssl=1 265w, https:\/\/i1.wp.com\/www.sidwaya.info\/wp-content\/uploads\/2019\/08\/1-43.jpg?resize=696%2C523&#038;ssl=1 696w, https:\/\/i1.wp.com\/www.sidwaya.info\/wp-content\/uploads\/2019\/08\/1-43.jpg?resize=559%2C420&#038;ssl=1 559w\" sizes=\"auto, (max-width: 696px) 100vw, 696px\" alt=\"\" title=\"1\"\/><\/a><\/div>\n<p><strong>Le ministre de l\u2019Agriculture et des Am\u00e9nagements hydroagricoles, Salifou Ou\u00e9draogo, a effectu\u00e9 dans le cadre du suivi de la campagne agricole humide, une sortie dans la r\u00e9gion de l\u2019Est, le 24 ao\u00fbt 2019. Ce, apr\u00e8s les r\u00e9gions du Centre-Sud et du Centre-Est, respectivement les 22 et 23 ao\u00fbt 2019.<\/strong><\/p>\n<p>Dans la r\u00e9gion de l\u2019Est, la physionomie des cultures est satisfaisante dans l\u2019ensemble. Les stades v\u00e9g\u00e9tatifs dominants sont la floraison ou la montaison pour les c\u00e9r\u00e9ales, le tallage pour le riz, la capsulaison pour le coton et la montaison ou ramification pour le soja, le s\u00e9same et le ni\u00e9b\u00e9. C\u2019est le point fait au ministre de l\u2019Agriculture et des Am\u00e9nagements hydroagricoles, Salifou Ou\u00e9draogo, par les acteurs de la direction r\u00e9gionale de l\u2019agriculture, lors de sa tourn\u00e9e dans la r\u00e9gion de l\u2019Est, le 24 ao\u00fbt 2019.<\/p>\n<p>Une r\u00e9gion dont les objectifs de la campagne humide sont d\u2019atteindre 741 029 tonnes de cultures, dont 510 037 tonnes de c\u00e9r\u00e9ales, 170 183 tonnes de cultures de rentes et 60 809 tonnes pour les autres cultures. Sur le terrain, le ministre, accompagn\u00e9 du gouverneur de la r\u00e9gion de l\u2019Est, Toussaint Prosp\u00e8re Sanou, a visit\u00e9 quatre sites, tous situ\u00e9s sur l\u2019axe Fada-Koar\u00e9 (village situ\u00e9 \u00e0 une vingtaine de kilom\u00e8tres du chef-lieu de r\u00e9gion). Il s\u2019est agi de deux exploitations agricoles, de la station de l\u2019Institut national d\u2019environnement et de recherches agricoles et du Centre de transfert des technologies agricoles de Fada N\u2019Gourma. Dans la parcelle d\u2019exploitation familiale de Rasman\u00e9 Balima, il produit du ma\u00efs de la vari\u00e9t\u00e9 massongo, du sorgho Kap\u00e8la, du mil, du coton et du s\u00e9same S42 sur une superficie de 31,8 hectares. Lui qui a b\u00e9n\u00e9fici\u00e9 d\u2019un appui en \u00e9quipements agricoles des services de l\u2019agriculture esp\u00e8re une marge brute de 8 578 500 F CFA de ses productions dont le ministre a salu\u00e9 les diversifications. Parce que pour lui, la promotion de l\u2019agriculture familiale passe n\u00e9cessairement par la multiplication des sp\u00e9culations.<\/p>\n<p>N\u00e9anmoins, Rasman\u00e9 Balima a soulign\u00e9 des difficult\u00e9s qui sont essentiellement en lien avec l\u2019insuffisance d\u2019\u00e9quipements agricoles, la non-disponibilit\u00e9 des engrais min\u00e9raux de qualit\u00e9 et leur co\u00fbt \u00e9lev\u00e9, l\u2019insuffisance de connaissance en agro-business et l\u2019attaque de la chenille l\u00e9gionnaire. Cette derni\u00e8re a d\u2019ailleurs, selon les donn\u00e9es de la direction r\u00e9gionale, d\u00e9j\u00e0 infest\u00e9 2 403,25 hectares de cultures \u00e0 la date du 18 ao\u00fbt 2019. A toutes ses pr\u00e9occupations, le ministre a rappel\u00e9 l\u2019engagement du gouvernement \u00e0 soutenir les producteurs \u00e0 travers ses services d\u00e9concentr\u00e9s. Des services qui disposent de techniques n\u00e9cessaires \u00e0 m\u00eame de permettre aux producteurs de booster leurs rendements. C\u2019est pratiquement le m\u00eame message qui a \u00e9t\u00e9 donn\u00e9 \u00e0 Larba Tampoudi, \u00e9galement du village de Koar\u00e9. Une productrice de s\u00e9same, de ni\u00e9b\u00e9, de sorgho, de l\u00e9gumes\u2026 qui a \u00e9t\u00e9 appuy\u00e9e en intrants agricoles par le d\u00e9partement de l\u2019agriculture. Sur une superficie d\u2019environ 3 hectares, elle travaille le champ avec ses deux enfants. A la vue de son s\u00e9same qui est d\u00e9j\u00e0 au stade de floraison et sa tomate en pleine maturit\u00e9, Salifou Ou\u00e9draogo a f\u00e9licit\u00e9 cette femme et appel\u00e9 les autres femmes \u00e0 prendre exemple sur elle.<\/p>\n<p>Poursuivre dans la dynamique de r\u00e9silience A la station de l\u2019Institut national d\u2019environnement et de recherches agricoles qui fait de la production des semences de ma\u00efs, de sorgho, de s\u00e9same, de ni\u00e9b\u00e9, de soja, ses principales activit\u00e9s, le ministre a encourag\u00e9 les responsables et r\u00e9affirm\u00e9 la d\u00e9termination de son d\u00e9partement \u00e0 accompagner tous les acteurs de la cha\u00eene qui \u0153uvrent pour l\u2019atteinte de l\u2019autosuffisance alimentaire au Burkina Faso. C\u2019est le m\u00eame message qui a \u00e9t\u00e9 livr\u00e9 aux gestionnaires du Centre de transfert des technologies agricoles de Fada N\u2019Gourma.<\/p>\n<p>Il a par ailleurs annonc\u00e9 la mise \u00e0 niveau effective du stock national de s\u00e9curit\u00e9 alimentaire et de la disponibilit\u00e9 de vivres au profit des personnes d\u00e9plac\u00e9es du fait de l\u2019ins\u00e9curit\u00e9. Un contexte s\u00e9curitaire d\u2019ailleurs rappel\u00e9 lors des \u00e9changes avec les acteurs de la direction r\u00e9gionale de l\u2019agriculture et des am\u00e9nagements hydroagricoles, \u00e0 l\u2019issue de la tourn\u00e9e. Ainsi, selon le chef du service des statistiques sectorielles de ladite direction, Fid\u00e8le Traor\u00e9, la campagne se d\u00e9roule dans un contexte s\u00e9curitaire difficile o\u00f9 certaines productrices de la commune de Matiacoali auraient \u00e9t\u00e9 somm\u00e9es de ne pas cultiver. L\u2019utilisation des animaux de trait pour les op\u00e9rations culturales leur aurait \u00e9galement \u00e9t\u00e9 interdite dans certains villages des communes de Foutouri et de Barti\u00e9bouogou. Outre ces contraintes, M. Traor\u00e9 a fait savoir que l\u2019inaccessibilit\u00e9 de certains champs par les producteurs, le saccage en septembre 2018 du Centre de promotion rural par des individus arm\u00e9s non identifi\u00e9s sont autant de facteurs qui empi\u00e8tent sur le bon d\u00e9roulement des activit\u00e9s de la direction r\u00e9gionale. Qu\u2019\u00e0 cela ne tienne, des actions ont \u00e9t\u00e9 entreprises, a-t-il dit, pour contourner toutes ces difficult\u00e9s. Il a cit\u00e9 entre autres la d\u00e9localisation du Centre de promotion rural \u00e0 Zanr\u00e9 dans la commune de Diabo, des financements re\u00e7us de partenaires qui ont permis de former le dispositif r\u00e9gional de suivi-\u00e9valuation sur la matrice de capitalisation des r\u00e9sultats. Le ministre Salifou Ou\u00e9draogo a encourag\u00e9 l\u2019ensemble de ses acteurs qui, malgr\u00e9 le contexte s\u00e9curitaire se battent pour contribuer \u00e0 l\u2019autosuffisance alimentaire au pays des Hommes int\u00e8gres. Il les a appel\u00e9s \u00e0 poursuivre dans cette dynamique de r\u00e9silience et \u00e0 trouver chaque fois des solutions appropri\u00e9es afin qu\u2019aucun producteur de cette zone ne manque de mat\u00e9riels, d\u2019intrants ou d\u2019\u00e9quipements agricoles.<\/p>\n<p class=\"c1\"><strong>Gaspard BAYALA<\/strong><\/p>\n<div class=\"td-a-rec td-a-rec-id-content_bottom td_uid_30_5d66f5bda999e_rand td_block_template_1\"><img loading=\"lazy\" decoding=\"async\" class=\"aligncenter size-full wp-image-9623\" src=\"https:\/\/www.sidwaya.info\/wp-content\/uploads\/2019\/06\/Projet-bannie%CC%80re-Orange-mobile.jpg\" alt=\"\" width=\"728\" height=\"81\"\/><\/div>\n<p>Auteur: DD. Sidwaya<br \/>\n<a href=\"https:\/\/www.sidwaya.info\/blog\/2019\/08\/28\/campagne-agricole-humide-a-lest-pres-de-75-000-t-de-rendements-attendues\/\">Cliquez ici pour lire l&rsquo;article depuis sa source.<\/a><\/p>\n","protected":false},"excerpt":{"rendered":"<p>Le ministre de l\u2019Agriculture et des Am\u00e9nagements hydroagricoles, Salifou Ou\u00e9draogo, a effectu\u00e9 dans le cadre du suivi de la campagne agricole humide, une sortie dans la r\u00e9gion de l\u2019Est, le 24 ao\u00fbt 2019. Ce, apr\u00e8s les r\u00e9gions du Centre-Sud et du Centre-Est, respectivement les 22 et 23 ao\u00fbt 2019. Dans la r\u00e9gion de l\u2019Est, la [&hellip;]<\/p>\n","protected":false},"author":1816,"featured_media":0,"comment_status":"closed","ping_status":"closed","sticky":false,"template":"","format":"standard","meta":{"fifu_image_url":"","fifu_image_alt":"","footnotes":""},"categories":[73,81],"tags":[],"class_list":["post-59478","post","type-post","status-publish","format-standard","hentry","category-actualite","category-burkina-faso"],"_links":{"self":[{"href":"https:\/\/linitiative.ca\/International\/wp-json\/wp\/v2\/posts\/59478","targetHints":{"allow":["GET"]}}],"collection":[{"href":"https:\/\/linitiative.ca\/International\/wp-json\/wp\/v2\/posts"}],"about":[{"href":"https:\/\/linitiative.ca\/International\/wp-json\/wp\/v2\/types\/post"}],"author":[{"embeddable":true,"href":"https:\/\/linitiative.ca\/International\/wp-json\/wp\/v2\/users\/1816"}],"replies":[{"embeddable":true,"href":"https:\/\/linitiative.ca\/International\/wp-json\/wp\/v2\/comments?post=59478"}],"version-history":[{"count":0,"href":"https:\/\/linitiative.ca\/International\/wp-json\/wp\/v2\/posts\/59478\/revisions"}],"wp:attachment":[{"href":"https:\/\/linitiative.ca\/International\/wp-json\/wp\/v2\/media?parent=59478"}],"wp:term":[{"taxonomy":"category","embeddable":true,"href":"https:\/\/linitiative.ca\/International\/wp-json\/wp\/v2\/categories?post=59478"},{"taxonomy":"post_tag","embeddable":true,"href":"https:\/\/linitiative.ca\/International\/wp-json\/wp\/v2\/tags?post=59478"}],"curies":[{"name":"wp","href":"https:\/\/api.w.org\/{rel}","templated":true}]}}