{"id":59485,"date":"2019-08-27T20:49:37","date_gmt":"2019-08-28T00:49:37","guid":{"rendered":"https:\/\/linitiative.ca\/International\/une-ecomatin-n267-actuellement-en-kiosque\/"},"modified":"2019-08-27T20:49:37","modified_gmt":"2019-08-28T00:49:37","slug":"une-ecomatin-n267-actuellement-en-kiosque","status":"publish","type":"post","link":"https:\/\/linitiative.ca\/International\/une-ecomatin-n267-actuellement-en-kiosque\/","title":{"rendered":"Une EcoMatin N\u00b0267 actuellement en kiosque"},"content":{"rendered":"<h4><span class=\"c2\"><strong><a href=\"https:\/\/i2.wp.com\/ecomatin.net\/wp-content\/uploads\/2019\/08\/ecomatin.net-n267-du-mercredi-28-aout-2019-une-1.jpg?ssl=1\"><\/p>\n<p><img loading=\"lazy\" decoding=\"async\" data-attachment-id=\"10880\" data-permalink=\"https:\/\/ecomatin.net\/n267-du-mercredi-28-aout-2019-une-1\/\" data-orig-file=\"https:\/\/i2.wp.com\/ecomatin.net\/wp-content\/uploads\/2019\/08\/ecomatin.net-n267-du-mercredi-28-aout-2019-une-1.jpg?fit=3249%2C4453&#038;ssl=1\" data-orig-size=\"3249,4453\" data-comments-opened=\"0\" data-image-meta=\"{\"aperture\":\"0\",\"credit\":\"\",\"camera\":\"\",\"caption\":\"\",\"created_timestamp\":\"0\",\"copyright\":\"\",\"focal_length\":\"0\",\"iso\":\"0\",\"shutter_speed\":\"0\",\"title\":\"\",\"orientation\":\"0\"}\" data-image-title=\"N\u00b0267 du mercredi 28 ao\u00fbt 2019 une (1)\" data-image-description=\"\" data-medium-file=\"https:\/\/i2.wp.com\/ecomatin.net\/wp-content\/uploads\/2019\/08\/ecomatin.net-n267-du-mercredi-28-aout-2019-une-1.jpg?fit=219%2C300&#038;ssl=1\" data-large-file=\"https:\/\/i2.wp.com\/ecomatin.net\/wp-content\/uploads\/2019\/08\/ecomatin.net-n267-du-mercredi-28-aout-2019-une-1.jpg?fit=747%2C1024&#038;ssl=1\" class=\"wp-image-10880 alignleft\" src=\"https:\/\/i2.wp.com\/ecomatin.net\/wp-content\/uploads\/2019\/08\/ecomatin.net-n267-du-mercredi-28-aout-2019-une-1.jpg?resize=278%2C381&#038;ssl=1\" alt=\"\" width=\"278\" height=\"381\" data-recalc-dims=\"1\" srcset=\"https:\/\/i2.wp.com\/ecomatin.net\/wp-content\/uploads\/2019\/08\/ecomatin.net-n267-du-mercredi-28-aout-2019-une-1.jpg?w=3249&#038;ssl=1 3249w, https:\/\/i2.wp.com\/ecomatin.net\/wp-content\/uploads\/2019\/08\/ecomatin.net-n267-du-mercredi-28-aout-2019-une-1.jpg?resize=219%2C300&#038;ssl=1 219w, https:\/\/i2.wp.com\/ecomatin.net\/wp-content\/uploads\/2019\/08\/ecomatin.net-n267-du-mercredi-28-aout-2019-une-1.jpg?resize=768%2C1053&#038;ssl=1 768w, https:\/\/i2.wp.com\/ecomatin.net\/wp-content\/uploads\/2019\/08\/ecomatin.net-n267-du-mercredi-28-aout-2019-une-1.jpg?resize=747%2C1024&#038;ssl=1 747w, https:\/\/i2.wp.com\/ecomatin.net\/wp-content\/uploads\/2019\/08\/ecomatin.net-n267-du-mercredi-28-aout-2019-une-1.jpg?w=2440&#038;ssl=1 2440w\" sizes=\"auto, (max-width: 278px) 100vw, 278px\"\/><\/p>\n<p><\/a><\/strong><\/span><\/h4>\n<h4>\u00a0<\/h4>\n<h4><span class=\"c2\"><strong>A la<\/strong> <strong>une:<\/strong><\/span><\/h4>\n<p><strong><span class=\"c4\"><span class=\"c3\">\u2013<\/span><\/span><\/strong> <strong><span class=\"c5\">March\u00e9 financier : ces raisons qui bloquent le d\u00e9marrage effectif de la Bourse de la Cemac<\/span><\/strong><\/p>\n<h4><span class=\"c3\">Business<\/span><\/h4>\n<p><span class=\"c5\"><span class=\"c3\">\u2013<\/span> Camair-Co : les dossiers du prochain conseil d\u2019administration<\/span><\/p>\n<h4><span class=\"c3\">Conjoncture<\/span><\/h4>\n<p><span class=\"c5\"><span class=\"c3\">\u2013<\/span> Scandale des MA60 : l\u2019\u00e9tau se resserre autour de Robert Nkili<\/span><br \/><span class=\"c5\"><span class=\"c3\">\u2013<\/span> Gestion des d\u00e9ficits et mesures conservatoires : le DG du Tr\u00e9sor recadre ses collaborateurs<\/span><br \/><span class=\"c5\"><span class=\"c3\">\u2013<\/span> R\u00e9glementation des changes : des mesures fortes de la BEAC pour rassurer le Gicam<\/span><br \/><span class=\"c5\"><span class=\"c3\">\u2013<\/span> Port de Douala : le nouveau concessionnaire du terminal \u00e0 conteneurs bient\u00f4t connu<\/span><br \/><span class=\"c5\"><span class=\"c3\">\u2013<\/span> Douala 5\u00e8me : plus de 15 km de tron\u00e7ons en r\u00e9habilitation par la CUD<\/span><\/p>\n<p>Auteur: EcoMatin<br \/>\n<a href=\"https:\/\/ecomatin.net\/une-ecomatin-n267-actuellement-en-kiosque\/\">Cliquez ici pour lire l&rsquo;article depuis sa source.<\/a><\/p>\n","protected":false},"excerpt":{"rendered":"<p>\u00a0 A la une: \u2013 March\u00e9 financier : ces raisons qui bloquent le d\u00e9marrage effectif de la Bourse de la Cemac Business \u2013 Camair-Co : les dossiers du prochain conseil d\u2019administration Conjoncture \u2013 Scandale des MA60 : l\u2019\u00e9tau se resserre autour de Robert Nkili\u2013 Gestion des d\u00e9ficits et mesures conservatoires : le DG du Tr\u00e9sor [&hellip;]<\/p>\n","protected":false},"author":1969,"featured_media":0,"comment_status":"closed","ping_status":"closed","sticky":false,"template":"","format":"standard","meta":{"fifu_image_url":"","fifu_image_alt":"","footnotes":""},"categories":[82,78],"tags":[],"class_list":["post-59485","post","type-post","status-publish","format-standard","hentry","category-cameroun","category-economie"],"_links":{"self":[{"href":"https:\/\/linitiative.ca\/International\/wp-json\/wp\/v2\/posts\/59485","targetHints":{"allow":["GET"]}}],"collection":[{"href":"https:\/\/linitiative.ca\/International\/wp-json\/wp\/v2\/posts"}],"about":[{"href":"https:\/\/linitiative.ca\/International\/wp-json\/wp\/v2\/types\/post"}],"author":[{"embeddable":true,"href":"https:\/\/linitiative.ca\/International\/wp-json\/wp\/v2\/users\/1969"}],"replies":[{"embeddable":true,"href":"https:\/\/linitiative.ca\/International\/wp-json\/wp\/v2\/comments?post=59485"}],"version-history":[{"count":0,"href":"https:\/\/linitiative.ca\/International\/wp-json\/wp\/v2\/posts\/59485\/revisions"}],"wp:attachment":[{"href":"https:\/\/linitiative.ca\/International\/wp-json\/wp\/v2\/media?parent=59485"}],"wp:term":[{"taxonomy":"category","embeddable":true,"href":"https:\/\/linitiative.ca\/International\/wp-json\/wp\/v2\/categories?post=59485"},{"taxonomy":"post_tag","embeddable":true,"href":"https:\/\/linitiative.ca\/International\/wp-json\/wp\/v2\/tags?post=59485"}],"curies":[{"name":"wp","href":"https:\/\/api.w.org\/{rel}","templated":true}]}}