{"id":59488,"date":"2019-08-28T13:24:56","date_gmt":"2019-08-28T17:24:56","guid":{"rendered":"https:\/\/linitiative.ca\/International\/enseignements-secondaires-des-hors-la-loi-au-cabinet-du-ministre-nalova-lyonga\/"},"modified":"2019-08-28T13:24:56","modified_gmt":"2019-08-28T17:24:56","slug":"enseignements-secondaires-des-hors-la-loi-au-cabinet-du-ministre-nalova-lyonga","status":"publish","type":"post","link":"https:\/\/linitiative.ca\/International\/enseignements-secondaires-des-hors-la-loi-au-cabinet-du-ministre-nalova-lyonga\/","title":{"rendered":"Enseignements secondaires : des hors-la-loi au cabinet du ministre Nalova Lyonga"},"content":{"rendered":"<div class=\"featured-area featured-area-inner\"><img loading=\"lazy\" decoding=\"async\" width=\"780\" height=\"405\" src=\"https:\/\/i2.wp.com\/ecomatin.net\/wp-content\/uploads\/2019\/08\/ecomatin.net-enseignements-secondaires-des-hors-la-loi-au-cabinet-du-ministre-nalova-lyonga-minesec.jpg?resize=780%2C405&#038;ssl=1&#038;is-pending-load=1\" class=\"attachment-jannah-image-post size-jannah-image-post wp-post-image jetpack-lazy-image\" alt=\"\" data-attachment-id=\"10893\" data-permalink=\"https:\/\/ecomatin.net\/enseignements-secondaires-des-hors-la-loi-au-cabinet-du-ministre-nalova-lyonga\/minesec\/\" data-orig-file=\"https:\/\/i2.wp.com\/ecomatin.net\/wp-content\/uploads\/2019\/08\/ecomatin.net-enseignements-secondaires-des-hors-la-loi-au-cabinet-du-ministre-nalova-lyonga-minesec.jpg?fit=790%2C420&#038;ssl=1\" data-orig-size=\"790,420\" data-comments-opened=\"0\" data-image-meta=\"{\"aperture\":\"0\",\"credit\":\"\",\"camera\":\"\",\"caption\":\"\",\"created_timestamp\":\"0\",\"copyright\":\"\",\"focal_length\":\"0\",\"iso\":\"0\",\"shutter_speed\":\"0\",\"title\":\"\",\"orientation\":\"0\"}\" data-image-title=\"Minesec\" data-image-description=\"\" data-medium-file=\"https:\/\/i2.wp.com\/ecomatin.net\/wp-content\/uploads\/2019\/08\/ecomatin.net-enseignements-secondaires-des-hors-la-loi-au-cabinet-du-ministre-nalova-lyonga-minesec.jpg?fit=300%2C159&#038;ssl=1\" data-large-file=\"https:\/\/i2.wp.com\/ecomatin.net\/wp-content\/uploads\/2019\/08\/ecomatin.net-enseignements-secondaires-des-hors-la-loi-au-cabinet-du-ministre-nalova-lyonga-minesec.jpg?fit=790%2C420&#038;ssl=1\" srcset=\"data:image\/gif;base64,R0lGODlhAQABAIAAAAAAAP\/\/\/yH5BAEAAAAALAAAAAABAAEAAAIBRAA7\"\/><\/div>\n<div class=\"entry-content entry clearfix\" readability=\"56\">\n<p>Plus de peur que de mal. A quelques jours de la rentr\u00e9e scolaire 2019-2020, une information malheureuse aurait pu alimenter les d\u00e9bats sur les r\u00e9seaux sociaux. Et pour cause, le cabinet de <strong>Nalova Lyonga,<\/strong> <strong>ministre des Enseignements secondaires<\/strong> a fait l\u2019objet d\u2019un cambriolage dans la nuit de dimanche \u00e0 lundi 26 ao\u00fbt 2019. D\u2019apr\u00e8s le ma\u00eetre des lieux, aucune perte en vie humaine, ni mat\u00e9rielle enregistr\u00e9e.\u00a0 Plut\u00f4t des questions sur les mesures de s\u00e9curit\u00e9 de cet office qui sans doute comprend des dossiers importants. Apr\u00e8s invasion, ces hors-la-loi n\u2019ont pas pu \u00eatre rattrap\u00e9s par les forces de l\u2019ordre, mais une enqu\u00eate a illico presto \u00e9t\u00e9 ouverte par les services de la gendarmerie et la police scientifique.<\/p>\n<p>Sur place, l\u2019on apprend que la cause de cette irruption serait le manque de mesures s\u00e9curitaires dans l\u2019immeuble qui abrite les services du minist\u00e8re des Enseignements secondaires. Comme l\u2019indique une source sous anonymat, il existe des anomalies sur le plan technique en l\u2019occurrence\u00a0: le non fonctionnement de la cam\u00e9ra de surveillance au niveau du 9<sup>\u00e8me<\/sup> \u00e9tage, o\u00f9 se trouve le cabinet du Pr Nalova Lyonga.\u00a0 La source poursuit en \u00e9voquant l\u2019absence de disque dur dans le dispositif de surveillance.\u00a0 De m\u00eame que les agents de s\u00e9curit\u00e9 ne couvrent pas suffisamment la zone en raison du non-paiement par la soci\u00e9t\u00e9 qui les emploie des salaires.<\/p>\n<p>A la t\u00eate de ce minist\u00e8re, le professeur Nalova Lyonga a notamment modernis\u00e9 le syst\u00e8me de paiement des frais d\u2019examen<strong>.\u00a0<\/strong> En collaboration avec les op\u00e9rateurs de t\u00e9l\u00e9phonie a institu\u00e9 le paiement mobile des frais d\u2019examen. Cette nouvelle mesure vise la s\u00e9curisation des transactions financi\u00e8res. La motivation du Minesec \u00e9tant de garantir l\u2019avenir des \u00e9l\u00e8ves en limitant les risques li\u00e9s au d\u00e9tournement de fonds.<\/p>\n<div class=\"about-author about-author-box container-wrapper\">\n<div class=\"author-avatar\">\n<p><img decoding=\"async\" src=\"http:\/\/\" alt=\"\"\/><\/p>\n<\/div>\n<p><h4>La R\u00e9daction EcoMatin<\/h4>\n<\/p>\n<\/div>\n<div class=\"awac-wrapper awac widget blog_subscription-2\">\n<h4 class=\"widget-title\">Abonnez-vous \u00e0 notre lettre d&rsquo;information<\/h4>\n<\/div>\n<\/div>\n<div class=\"toggle-post-content clearfix\"><a id=\"toggle-post-button\" class=\"button\" href=\"#\">Afficher plus <\/a><\/div>\n<p>Auteur: EcoMatin<br \/>\n<a href=\"https:\/\/ecomatin.net\/enseignements-secondaires-des-hors-la-loi-au-cabinet-du-ministre-nalova-lyonga\/\">Cliquez ici pour lire l&rsquo;article depuis sa source.<\/a><\/p>\n","protected":false},"excerpt":{"rendered":"<p>Plus de peur que de mal. A quelques jours de la rentr\u00e9e scolaire 2019-2020, une information malheureuse aurait pu alimenter les d\u00e9bats sur les r\u00e9seaux sociaux. Et pour cause, le cabinet de Nalova Lyonga, ministre des Enseignements secondaires a fait l\u2019objet d\u2019un cambriolage dans la nuit de dimanche \u00e0 lundi 26 ao\u00fbt 2019. D\u2019apr\u00e8s le [&hellip;]<\/p>\n","protected":false},"author":1969,"featured_media":0,"comment_status":"closed","ping_status":"closed","sticky":false,"template":"","format":"standard","meta":{"fifu_image_url":"","fifu_image_alt":"","footnotes":""},"categories":[82,78],"tags":[],"class_list":["post-59488","post","type-post","status-publish","format-standard","hentry","category-cameroun","category-economie"],"_links":{"self":[{"href":"https:\/\/linitiative.ca\/International\/wp-json\/wp\/v2\/posts\/59488","targetHints":{"allow":["GET"]}}],"collection":[{"href":"https:\/\/linitiative.ca\/International\/wp-json\/wp\/v2\/posts"}],"about":[{"href":"https:\/\/linitiative.ca\/International\/wp-json\/wp\/v2\/types\/post"}],"author":[{"embeddable":true,"href":"https:\/\/linitiative.ca\/International\/wp-json\/wp\/v2\/users\/1969"}],"replies":[{"embeddable":true,"href":"https:\/\/linitiative.ca\/International\/wp-json\/wp\/v2\/comments?post=59488"}],"version-history":[{"count":0,"href":"https:\/\/linitiative.ca\/International\/wp-json\/wp\/v2\/posts\/59488\/revisions"}],"wp:attachment":[{"href":"https:\/\/linitiative.ca\/International\/wp-json\/wp\/v2\/media?parent=59488"}],"wp:term":[{"taxonomy":"category","embeddable":true,"href":"https:\/\/linitiative.ca\/International\/wp-json\/wp\/v2\/categories?post=59488"},{"taxonomy":"post_tag","embeddable":true,"href":"https:\/\/linitiative.ca\/International\/wp-json\/wp\/v2\/tags?post=59488"}],"curies":[{"name":"wp","href":"https:\/\/api.w.org\/{rel}","templated":true}]}}