{"id":59489,"date":"2019-08-28T13:54:53","date_gmt":"2019-08-28T17:54:53","guid":{"rendered":"https:\/\/linitiative.ca\/International\/industrie-sicamec-veut-construire-une-usine-de-fabrication-et-de-montage-de-refrigerateurs-dans-la-zone-portuaire-de-kribi\/"},"modified":"2019-08-28T13:54:53","modified_gmt":"2019-08-28T17:54:53","slug":"industrie-sicamec-veut-construire-une-usine-de-fabrication-et-de-montage-de-refrigerateurs-dans-la-zone-portuaire-de-kribi","status":"publish","type":"post","link":"https:\/\/linitiative.ca\/International\/industrie-sicamec-veut-construire-une-usine-de-fabrication-et-de-montage-de-refrigerateurs-dans-la-zone-portuaire-de-kribi\/","title":{"rendered":"Industrie : Sicamec veut construire une usine de fabrication et de montage de r\u00e9frig\u00e9rateurs dans la zone portuaire de Kribi"},"content":{"rendered":"<div class=\"featured-area featured-area-inner\"><img loading=\"lazy\" decoding=\"async\" width=\"780\" height=\"405\" src=\"https:\/\/i2.wp.com\/ecomatin.net\/wp-content\/uploads\/2019\/08\/ecomatin.net-industrie-sicamec-veut-construire-une-usine-de-fabrication-et-de-montage-de-refrigerateurs-dans-la-zone-portuaire-de-kribi-zone-portuaire-de-kribi.jpg?resize=780%2C405&#038;ssl=1&#038;is-pending-load=1\" class=\"attachment-jannah-image-post size-jannah-image-post wp-post-image jetpack-lazy-image\" alt=\"\" data-attachment-id=\"10896\" data-permalink=\"https:\/\/ecomatin.net\/industrie-sicamec-veut-construire-une-usine-de-fabrication-et-de-montage-de-refrigerateurs-dans-la-zone-portuaire-de-kribi\/zone-portuaire-de-kribi\/\" data-orig-file=\"https:\/\/i2.wp.com\/ecomatin.net\/wp-content\/uploads\/2019\/08\/ecomatin.net-industrie-sicamec-veut-construire-une-usine-de-fabrication-et-de-montage-de-refrigerateurs-dans-la-zone-portuaire-de-kribi-zone-portuaire-de-kribi.jpg?fit=1024%2C683&#038;ssl=1\" data-orig-size=\"1024,683\" data-comments-opened=\"0\" data-image-meta=\"{\"aperture\":\"0\",\"credit\":\"\",\"camera\":\"\",\"caption\":\"\",\"created_timestamp\":\"0\",\"copyright\":\"\",\"focal_length\":\"0\",\"iso\":\"0\",\"shutter_speed\":\"0\",\"title\":\"\",\"orientation\":\"0\"}\" data-image-title=\"zone portuaire de Kribi\" data-image-description=\"\" data-medium-file=\"https:\/\/i2.wp.com\/ecomatin.net\/wp-content\/uploads\/2019\/08\/ecomatin.net-industrie-sicamec-veut-construire-une-usine-de-fabrication-et-de-montage-de-refrigerateurs-dans-la-zone-portuaire-de-kribi-zone-portuaire-de-kribi.jpg?fit=300%2C200&#038;ssl=1\" data-large-file=\"https:\/\/i2.wp.com\/ecomatin.net\/wp-content\/uploads\/2019\/08\/ecomatin.net-industrie-sicamec-veut-construire-une-usine-de-fabrication-et-de-montage-de-refrigerateurs-dans-la-zone-portuaire-de-kribi-zone-portuaire-de-kribi.jpg?fit=1024%2C683&#038;ssl=1\" srcset=\"data:image\/gif;base64,R0lGODlhAQABAIAAAAAAAP\/\/\/yH5BAEAAAAALAAAAAABAAEAAAIBRAA7\"\/><\/div>\n<div class=\"entry-content entry clearfix\" readability=\"63\">\n<p><strong>1000<\/strong>. C\u2019est le nombre d\u2019emplois que va g\u00e9n\u00e9rer l\u2019usine de fabrication d\u2019appareils \u00e9lectrom\u00e9nagers dans la zone du Port autonome de Kribi. Pour mat\u00e9rialiser le projet, <strong>Alkis Bruno Domyou Noubi,<\/strong> directeur g\u00e9n\u00e9ral de Sicamec, <strong>soci\u00e9t\u00e9 industrielle de construction d\u2019appareils \u00e9lectrom\u00e9nagers<\/strong> a sign\u00e9 le 21 ao\u00fbt 2019, avec <strong>Patrice Melom<\/strong>, directeur du Port autonome de Douala, une convention \u00ab <em>C\u2019est la premi\u00e8re fois que nous signons un accord de ce type avec une entreprise enti\u00e8rement camerounaise\u2009<\/em>\u00bb, pr\u00e9cise le DG du PAK.<\/p>\n<p>Sur un investissement estim\u00e9 \u00e0 <strong>45 milliards FCFA<\/strong>, Sicamec compte lancer les travaux d\u00e9but 2020. Selon les informations recueillies, cette entreprise, gr\u00e2ce \u00e0 son usine d\u2019une capacit\u00e9 de <strong>15\u00a0000 unit\u00e9s<\/strong> par mois ((5000 climatiseurs, 5000 r\u00e9frig\u00e9rateurs et 5000 cong\u00e9lateurs) entend offrir des opportunit\u00e9s d\u2019emplois \u00e0 1000 Camerounais.\u00a0 L\u2019usine sera certifi\u00e9e ISO 9001v2015 et les employ\u00e9s devront travailler \u00e0 plein temps pour que \u00ab\u2009<em>les appareils \u00e9lectrom\u00e9nagers made in Cameroon puissent conqu\u00e9rir le march\u00e9 africain<\/em>\u2009\u00bb, ambitionne le PDG de Sicamec. Mais, fait remarquer Alkis Bruno Domyou Noubi, \u00ab\u2009<em>nous n\u2019y parviendrons pas sans un appui institutionnel\u2009<\/em>\u00bb.<\/p>\n<p><strong>\u00a0<\/strong>L\u2019\u00e9tude du march\u00e9 relative \u00e0 la construction de cette usine r\u00e9v\u00e8le que la consommation des cong\u00e9lateurs et climatiseurs au Cameroun en 2018 est estim\u00e9e \u00e0 environ 150\u2009000 unit\u00e9s. Selon les projections, cette consommation nationale devrait atteindre 250\u2009000 unit\u00e9s en 2024. Cependant, r\u00e9v\u00e8le l\u2019\u00e9tude, 62 % de ce march\u00e9 est contr\u00f4l\u00e9 par les importations des produits de seconde main, commun\u00e9ment appel\u00e9s brocante.<\/p>\n<div class=\"about-author about-author-box container-wrapper\">\n<div class=\"author-avatar\">\n<p><img decoding=\"async\" src=\"http:\/\/\" alt=\"\"\/><\/p>\n<\/div>\n<p><h4>La R\u00e9daction EcoMatin<\/h4>\n<\/p>\n<\/div>\n<div class=\"awac-wrapper awac widget blog_subscription-2\">\n<h4 class=\"widget-title\">Abonnez-vous \u00e0 notre lettre d&rsquo;information<\/h4>\n<\/div>\n<\/div>\n<div class=\"toggle-post-content clearfix\"><a id=\"toggle-post-button\" class=\"button\" href=\"#\">Afficher plus <\/a><\/div>\n<p>Auteur: EcoMatin<br \/>\n<a href=\"https:\/\/ecomatin.net\/industrie-sicamec-veut-construire-une-usine-de-fabrication-et-de-montage-de-refrigerateurs-dans-la-zone-portuaire-de-kribi\/\">Cliquez ici pour lire l&rsquo;article depuis sa source.<\/a><\/p>\n","protected":false},"excerpt":{"rendered":"<p>1000. C\u2019est le nombre d\u2019emplois que va g\u00e9n\u00e9rer l\u2019usine de fabrication d\u2019appareils \u00e9lectrom\u00e9nagers dans la zone du Port autonome de Kribi. Pour mat\u00e9rialiser le projet, Alkis Bruno Domyou Noubi, directeur g\u00e9n\u00e9ral de Sicamec, soci\u00e9t\u00e9 industrielle de construction d\u2019appareils \u00e9lectrom\u00e9nagers a sign\u00e9 le 21 ao\u00fbt 2019, avec Patrice Melom, directeur du Port autonome de Douala, une [&hellip;]<\/p>\n","protected":false},"author":1969,"featured_media":0,"comment_status":"closed","ping_status":"closed","sticky":false,"template":"","format":"standard","meta":{"fifu_image_url":"","fifu_image_alt":"","footnotes":""},"categories":[82,78],"tags":[],"class_list":["post-59489","post","type-post","status-publish","format-standard","hentry","category-cameroun","category-economie"],"_links":{"self":[{"href":"https:\/\/linitiative.ca\/International\/wp-json\/wp\/v2\/posts\/59489","targetHints":{"allow":["GET"]}}],"collection":[{"href":"https:\/\/linitiative.ca\/International\/wp-json\/wp\/v2\/posts"}],"about":[{"href":"https:\/\/linitiative.ca\/International\/wp-json\/wp\/v2\/types\/post"}],"author":[{"embeddable":true,"href":"https:\/\/linitiative.ca\/International\/wp-json\/wp\/v2\/users\/1969"}],"replies":[{"embeddable":true,"href":"https:\/\/linitiative.ca\/International\/wp-json\/wp\/v2\/comments?post=59489"}],"version-history":[{"count":0,"href":"https:\/\/linitiative.ca\/International\/wp-json\/wp\/v2\/posts\/59489\/revisions"}],"wp:attachment":[{"href":"https:\/\/linitiative.ca\/International\/wp-json\/wp\/v2\/media?parent=59489"}],"wp:term":[{"taxonomy":"category","embeddable":true,"href":"https:\/\/linitiative.ca\/International\/wp-json\/wp\/v2\/categories?post=59489"},{"taxonomy":"post_tag","embeddable":true,"href":"https:\/\/linitiative.ca\/International\/wp-json\/wp\/v2\/tags?post=59489"}],"curies":[{"name":"wp","href":"https:\/\/api.w.org\/{rel}","templated":true}]}}