{"id":59621,"date":"2019-08-30T08:31:00","date_gmt":"2019-08-30T12:31:00","guid":{"rendered":"https:\/\/linitiative.ca\/International\/les-manifestants-reclament-une-periode-de-transition\/"},"modified":"2019-08-30T08:31:00","modified_gmt":"2019-08-30T12:31:00","slug":"les-manifestants-reclament-une-periode-de-transition","status":"publish","type":"post","link":"https:\/\/linitiative.ca\/International\/les-manifestants-reclament-une-periode-de-transition\/","title":{"rendered":"Les manifestants r\u00e9clament une \u00ab\u00a0p\u00e9riode de transition\u00a0\u00bb"},"content":{"rendered":"<div id=\"originalText\" readability=\"76\">\n<p>Des centaines de manifestants ont investi les rues de la capitale, peu avant midi, pour ce 28e vendredi de marche contre tout le syst\u00e8me.<\/p>\n<p>Pour ce dernier vendredi de \u00ab\u00a0permanence\u00a0\u00bb, les manifestants ont entam\u00e9 leur marche, depuis la Fac centrale, \u00a0\u00e0 hauteur de la rue Didouche Mourad, \u00a0pour se diriger vers le si\u00e8ge r\u00e9gional d\u2019Alger du RCD, o\u00f9 une forte mobilisation a eu lieu, pour ensuite redescendre vers la place Audin.<\/p>\n<p>Les manifestants ont repris en ch\u0153ur les slogans habituels, pour exiger un \u00e9tat civil et non militaire \u00ab\u00a0asma3 yal Ga\u00efd, douwla madania machi a\u00e2skaria\u00a0\u00bb (\u00e9coute\u00a0bien\u00a0Ga\u00efd, on veut un Etat civil et non militaire), \u00ab\u00a0les g\u00e9n\u00e9raux \u00e0 la poubelle ou el djaza\u00efr teddi el istiklal \u00bb (les g\u00e9n\u00e9raux \u00e0 la poubelle et l\u2019Alg\u00e9rie aura son ind\u00e9pendance). Ils ont \u00e9galement, rejet\u00e9 le panel de dialogue et de m\u00e9diation men\u00e9 par Karim Youn\u00e8s, en scandant \u00ab\u00a0Karim Youn\u00e8s\u00a0maymetelnach,\u00a0Gaid Salah\u00a0mayahkemnach\u00a0\u00bb (Karim Youn\u00e8s ne nous repr\u00e9sente pas et Ga\u00efd Salah ne nous gouvernera pas).<\/p>\n<p><iframe loading=\"lazy\" allow=\"accelerometer; autoplay; encrypted-media; gyroscope; picture-in-picture\" allowfullscreen=\"\" frameborder=\"0\" height=\"315\" src=\"https:\/\/www.youtube.com\/embed\/_Om6D1kh5I4\" width=\"560\">[embedded content]<\/iframe><\/p>\n<p><iframe loading=\"lazy\" allow=\"accelerometer; autoplay; encrypted-media; gyroscope; picture-in-picture\" allowfullscreen=\"\" frameborder=\"0\" height=\"315\" src=\"https:\/\/www.youtube.com\/embed\/JzVP3MGjP9I\" width=\"560\">[embedded content]<\/iframe><\/p>\n<p>\u00ab\u00a0Karim Younes, il est trop tard pour recycler le syst\u00e8me\u00a0\u00bb pouvait-on lire sur une des pancartes d\u2019un manifestant.<\/p>\n<p><img decoding=\"async\" alt=\"\" src=\"\/data\/upload\/70081432_488155491966884_8436956189153034240_n.jpg\" class=\"c10\"\/>Les manifestants sont d\u00e9termin\u00e9s pour une \u00ab\u00a0siada cha\u00e2bia, marhala intikalia\u00a0\u00bb (p\u00e9riode de transition, souverainet\u00e9 populaire) avec \u00ab\u00a0silmia silmia hata nedou el houria\u00a0\u00bb (pacifique jusqu\u2019\u00e0 ce que nous ayons la libert\u00e9), ont-ils scand\u00e9.<\/p>\n<p><iframe loading=\"lazy\" allow=\"accelerometer; autoplay; encrypted-media; gyroscope; picture-in-picture\" allowfullscreen=\"\" frameborder=\"0\" height=\"315\" src=\"https:\/\/www.youtube.com\/embed\/47Apcc2sTMs\" width=\"560\">[embedded content]<\/iframe><\/p>\n<p><iframe loading=\"lazy\" allow=\"accelerometer; autoplay; encrypted-media; gyroscope; picture-in-picture\" allowfullscreen=\"\" frameborder=\"0\" height=\"315\" src=\"https:\/\/www.youtube.com\/embed\/cF8z9dwaF1U\" width=\"560\">[embedded content]<\/iframe><\/p>\n<p>\u00c0 signaler, \u00a0qu\u2019\u00e0 hauteur de la place Audin, un important dispositif s\u00e9curitaire a \u00e9t\u00e9 mis en place, des fourgons de police sont positionn\u00e9s le long de la rue, et des interpellations de manifestants ont eu lieu. (Voir vid\u00e9os ci-dessus).<\/p>\n<p><iframe loading=\"lazy\" allow=\"accelerometer; autoplay; encrypted-media; gyroscope; picture-in-picture\" allowfullscreen=\"\" frameborder=\"0\" height=\"315\" src=\"https:\/\/www.youtube.com\/embed\/Nkt8q0YVWW0\" width=\"560\">[embedded content]<\/iframe><\/p>\n<p><iframe loading=\"lazy\" allow=\"accelerometer; autoplay; encrypted-media; gyroscope; picture-in-picture\" allowfullscreen=\"\" frameborder=\"0\" height=\"315\" src=\"https:\/\/www.youtube.com\/embed\/oGLIwUjuo0I\" width=\"560\">[embedded content]<\/iframe><\/p>\n<p class=\"c11\"><strong>Sihem Benmalek<\/strong><\/p>\n<\/div>\n<div id=\"text_core\" readability=\"76\">\n<p>Des centaines de manifestants ont investi les rues de la capitale, peu avant midi, pour ce 28e vendredi de marche contre tout le syst\u00e8me.<\/p>\n<p>Pour ce dernier vendredi de \u00ab\u00a0permanence\u00a0\u00bb, les manifestants ont entam\u00e9 leur marche, depuis la Fac centrale, \u00a0\u00e0 hauteur de la rue Didouche Mourad, \u00a0pour se diriger vers le si\u00e8ge r\u00e9gional d\u2019Alger du RCD, o\u00f9 une forte mobilisation a eu lieu, pour ensuite redescendre vers la place Audin.<\/p>\n<p>Les manifestants ont repris en ch\u0153ur les slogans habituels, pour exiger un \u00e9tat civil et non militaire \u00ab\u00a0asma3 yal Ga\u00efd, douwla madania machi a\u00e2skaria\u00a0\u00bb (\u00e9coute\u00a0bien\u00a0Ga\u00efd, on veut un Etat civil et non militaire), \u00ab\u00a0les g\u00e9n\u00e9raux \u00e0 la poubelle ou el djaza\u00efr teddi el istiklal \u00bb (les g\u00e9n\u00e9raux \u00e0 la poubelle et l\u2019Alg\u00e9rie aura son ind\u00e9pendance). Ils ont \u00e9galement, rejet\u00e9 le panel de dialogue et de m\u00e9diation men\u00e9 par Karim Youn\u00e8s, en scandant \u00ab\u00a0Karim Youn\u00e8s\u00a0maymetelnach,\u00a0Gaid Salah\u00a0mayahkemnach\u00a0\u00bb (Karim Youn\u00e8s ne nous repr\u00e9sente pas et Ga\u00efd Salah ne nous gouvernera pas).<\/p>\n<p><iframe loading=\"lazy\" allow=\"accelerometer; autoplay; encrypted-media; gyroscope; picture-in-picture\" allowfullscreen=\"\" frameborder=\"0\" height=\"315\" src=\"https:\/\/www.youtube.com\/embed\/_Om6D1kh5I4\" width=\"560\">[embedded content]<\/iframe><\/p>\n<p><iframe loading=\"lazy\" allow=\"accelerometer; autoplay; encrypted-media; gyroscope; picture-in-picture\" allowfullscreen=\"\" frameborder=\"0\" height=\"315\" src=\"https:\/\/www.youtube.com\/embed\/JzVP3MGjP9I\" width=\"560\">[embedded content]<\/iframe><\/p>\n<p>\u00ab\u00a0Karim Younes, il est trop tard pour recycler le syst\u00e8me\u00a0\u00bb pouvait-on lire sur une des pancartes d\u2019un manifestant.<\/p>\n<p><img decoding=\"async\" alt=\"\" src=\"\/data\/upload\/70081432_488155491966884_8436956189153034240_n.jpg\" class=\"c10\"\/>Les manifestants sont d\u00e9termin\u00e9s pour une \u00ab\u00a0siada cha\u00e2bia, marhala intikalia\u00a0\u00bb (p\u00e9riode de transition, souverainet\u00e9 populaire) avec \u00ab\u00a0silmia silmia hata nedou el houria\u00a0\u00bb (pacifique jusqu\u2019\u00e0 ce que nous ayons la libert\u00e9), ont-ils scand\u00e9.<\/p>\n<p><iframe loading=\"lazy\" allow=\"accelerometer; autoplay; encrypted-media; gyroscope; picture-in-picture\" allowfullscreen=\"\" frameborder=\"0\" height=\"315\" src=\"https:\/\/www.youtube.com\/embed\/47Apcc2sTMs\" width=\"560\">[embedded content]<\/iframe><\/p>\n<p><iframe loading=\"lazy\" allow=\"accelerometer; autoplay; encrypted-media; gyroscope; picture-in-picture\" allowfullscreen=\"\" frameborder=\"0\" height=\"315\" src=\"https:\/\/www.youtube.com\/embed\/cF8z9dwaF1U\" width=\"560\">[embedded content]<\/iframe><\/p>\n<p>\u00c0 signaler, \u00a0qu\u2019\u00e0 hauteur de la place Audin, un important dispositif s\u00e9curitaire a \u00e9t\u00e9 mis en place, des fourgons de police sont positionn\u00e9s le long de la rue, et des interpellations de manifestants ont eu lieu. (Voir vid\u00e9os ci-dessus).<\/p>\n<p><iframe loading=\"lazy\" allow=\"accelerometer; autoplay; encrypted-media; gyroscope; picture-in-picture\" allowfullscreen=\"\" frameborder=\"0\" height=\"315\" src=\"https:\/\/www.youtube.com\/embed\/Nkt8q0YVWW0\" width=\"560\">[embedded content]<\/iframe><\/p>\n<p><iframe loading=\"lazy\" allow=\"accelerometer; autoplay; encrypted-media; gyroscope; picture-in-picture\" allowfullscreen=\"\" frameborder=\"0\" height=\"315\" src=\"https:\/\/www.youtube.com\/embed\/oGLIwUjuo0I\" width=\"560\">[embedded content]<\/iframe><\/p>\n<p class=\"c11\"><strong>Sihem Benmalek<\/strong><\/p>\n<\/div>\n<p>Auteur:<br \/>\n<a href=\"https:\/\/www.liberte-algerie.com\/actualite\/les-manifestants-reclament-une-periode-de-transition-322859\">Cliquez ici pour lire l&rsquo;article depuis sa source.<\/a><\/p>\n","protected":false},"excerpt":{"rendered":"<p>Des centaines de manifestants ont investi les rues de la capitale, peu avant midi, pour ce 28e vendredi de marche contre tout le syst\u00e8me. Pour ce dernier vendredi de \u00ab\u00a0permanence\u00a0\u00bb, les manifestants ont entam\u00e9 leur marche, depuis la Fac centrale, \u00a0\u00e0 hauteur de la rue Didouche Mourad, \u00a0pour se diriger vers le si\u00e8ge r\u00e9gional d\u2019Alger [&hellip;]<\/p>\n","protected":false},"author":1742,"featured_media":59622,"comment_status":"closed","ping_status":"closed","sticky":false,"template":"","format":"standard","meta":{"fifu_image_url":"","fifu_image_alt":"","footnotes":""},"categories":[73,53],"tags":[],"class_list":["post-59621","post","type-post","status-publish","format-standard","has-post-thumbnail","hentry","category-actualite","category-algerie"],"_links":{"self":[{"href":"https:\/\/linitiative.ca\/International\/wp-json\/wp\/v2\/posts\/59621","targetHints":{"allow":["GET"]}}],"collection":[{"href":"https:\/\/linitiative.ca\/International\/wp-json\/wp\/v2\/posts"}],"about":[{"href":"https:\/\/linitiative.ca\/International\/wp-json\/wp\/v2\/types\/post"}],"author":[{"embeddable":true,"href":"https:\/\/linitiative.ca\/International\/wp-json\/wp\/v2\/users\/1742"}],"replies":[{"embeddable":true,"href":"https:\/\/linitiative.ca\/International\/wp-json\/wp\/v2\/comments?post=59621"}],"version-history":[{"count":0,"href":"https:\/\/linitiative.ca\/International\/wp-json\/wp\/v2\/posts\/59621\/revisions"}],"wp:featuredmedia":[{"embeddable":true,"href":"https:\/\/linitiative.ca\/International\/wp-json\/"}],"wp:attachment":[{"href":"https:\/\/linitiative.ca\/International\/wp-json\/wp\/v2\/media?parent=59621"}],"wp:term":[{"taxonomy":"category","embeddable":true,"href":"https:\/\/linitiative.ca\/International\/wp-json\/wp\/v2\/categories?post=59621"},{"taxonomy":"post_tag","embeddable":true,"href":"https:\/\/linitiative.ca\/International\/wp-json\/wp\/v2\/tags?post=59621"}],"curies":[{"name":"wp","href":"https:\/\/api.w.org\/{rel}","templated":true}]}}