{"id":59623,"date":"2019-08-30T09:27:00","date_gmt":"2019-08-30T13:27:00","guid":{"rendered":"https:\/\/linitiative.ca\/International\/retour-en-force-des-manifestants\/"},"modified":"2019-08-30T09:27:00","modified_gmt":"2019-08-30T13:27:00","slug":"retour-en-force-des-manifestants","status":"publish","type":"post","link":"https:\/\/linitiative.ca\/International\/retour-en-force-des-manifestants\/","title":{"rendered":"Retour en force des manifestants"},"content":{"rendered":"<div id=\"originalText\" readability=\"44\">\n<p>Des dizaines de milliers de manifestants affluent en ce moment, peu apr\u00e8s 14h, vers le centre de la capitale.<\/p>\n<p>\u00c0 une semaine de la rentr\u00e9e sociale, les manifestants pour le d\u00e9part de tout le syst\u00e8me, enregistrent ainsi un retour en force sur le terrain du \u00ab\u00a0changement pacifique\u00a0\u00bb.<\/p>\n<p>\u00ab C\u2019est \u00e0 croire que toute l\u2019Alg\u00e9rie se dirige de la Place 1er mai vers la Grande Poste.\u00a0Impressionnant. Une foule \u00e9norme\u00bb, commente un manifestant.<\/p>\n<\/div>\n<div id=\"text_core\" readability=\"44\">\n<p>Des dizaines de milliers de manifestants affluent en ce moment, peu apr\u00e8s 14h, vers le centre de la capitale.<\/p>\n<p>\u00c0 une semaine de la rentr\u00e9e sociale, les manifestants pour le d\u00e9part de tout le syst\u00e8me, enregistrent ainsi un retour en force sur le terrain du \u00ab\u00a0changement pacifique\u00a0\u00bb.<\/p>\n<p>\u00ab C\u2019est \u00e0 croire que toute l\u2019Alg\u00e9rie se dirige de la Place 1er mai vers la Grande Poste.\u00a0Impressionnant. Une foule \u00e9norme\u00bb, commente un manifestant.<\/p>\n<\/div>\n<p>Auteur:<br \/>\n<a href=\"https:\/\/www.liberte-algerie.com\/actualite\/retour-en-force-des-manifestants-322860\">Cliquez ici pour lire l&rsquo;article depuis sa source.<\/a><\/p>\n","protected":false},"excerpt":{"rendered":"<p>Des dizaines de milliers de manifestants affluent en ce moment, peu apr\u00e8s 14h, vers le centre de la capitale. \u00c0 une semaine de la rentr\u00e9e sociale, les manifestants pour le d\u00e9part de tout le syst\u00e8me, enregistrent ainsi un retour en force sur le terrain du \u00ab\u00a0changement pacifique\u00a0\u00bb. \u00ab C\u2019est \u00e0 croire que toute l\u2019Alg\u00e9rie se [&hellip;]<\/p>\n","protected":false},"author":1742,"featured_media":0,"comment_status":"closed","ping_status":"closed","sticky":false,"template":"","format":"standard","meta":{"fifu_image_url":"","fifu_image_alt":"","footnotes":""},"categories":[73,53],"tags":[],"class_list":["post-59623","post","type-post","status-publish","format-standard","hentry","category-actualite","category-algerie"],"_links":{"self":[{"href":"https:\/\/linitiative.ca\/International\/wp-json\/wp\/v2\/posts\/59623","targetHints":{"allow":["GET"]}}],"collection":[{"href":"https:\/\/linitiative.ca\/International\/wp-json\/wp\/v2\/posts"}],"about":[{"href":"https:\/\/linitiative.ca\/International\/wp-json\/wp\/v2\/types\/post"}],"author":[{"embeddable":true,"href":"https:\/\/linitiative.ca\/International\/wp-json\/wp\/v2\/users\/1742"}],"replies":[{"embeddable":true,"href":"https:\/\/linitiative.ca\/International\/wp-json\/wp\/v2\/comments?post=59623"}],"version-history":[{"count":0,"href":"https:\/\/linitiative.ca\/International\/wp-json\/wp\/v2\/posts\/59623\/revisions"}],"wp:attachment":[{"href":"https:\/\/linitiative.ca\/International\/wp-json\/wp\/v2\/media?parent=59623"}],"wp:term":[{"taxonomy":"category","embeddable":true,"href":"https:\/\/linitiative.ca\/International\/wp-json\/wp\/v2\/categories?post=59623"},{"taxonomy":"post_tag","embeddable":true,"href":"https:\/\/linitiative.ca\/International\/wp-json\/wp\/v2\/tags?post=59623"}],"curies":[{"name":"wp","href":"https:\/\/api.w.org\/{rel}","templated":true}]}}