{"id":59804,"date":"2019-09-01T15:19:06","date_gmt":"2019-09-01T19:19:06","guid":{"rendered":"https:\/\/linitiative.ca\/International\/patrons-incarceres-le-degel-des-comptes-bancaires-des-entreprises-concernees-imminent\/"},"modified":"2019-09-01T15:19:06","modified_gmt":"2019-09-01T19:19:06","slug":"patrons-incarceres-le-degel-des-comptes-bancaires-des-entreprises-concernees-imminent","status":"publish","type":"post","link":"https:\/\/linitiative.ca\/International\/patrons-incarceres-le-degel-des-comptes-bancaires-des-entreprises-concernees-imminent\/","title":{"rendered":"Patrons incarc\u00e9r\u00e9s :  Le d\u00e9gel des comptes bancaires des entreprises concern\u00e9es imminent"},"content":{"rendered":"<p>La d\u00e9signation, par l&rsquo;autorit\u00e9 judiciaire, d&rsquo;administrateurs ind\u00e9pendants pour g\u00e9rer les entreprises appartenant aux groupes Haddad, Tahkout et Kouninef, permettra le d\u00e9gel des comptes bancaires de ces entit\u00e9s \u00abdans les plus brefs d\u00e9lais\u00bb, a indiqu\u00e9 hier \u00e0 l&rsquo;APS le ministre des Finances, Mohamed Loukal.\u00a0<\/p>\n<div readability=\"76\">\n<p>Initi\u00e9e par un comit\u00e9 intersectoriel ad hoc, institu\u00e9 par le Premier ministre et plac\u00e9 aupr\u00e8s du ministre des Finances, cette d\u00e9marche de sauvegarde des entreprises, dont les patrons sont incarc\u00e9r\u00e9s pour des affaires li\u00e9es \u00e0 la justice \u00abpermettra \u00e0 ces entit\u00e9s de renouer rapidement avec un fonctionnement r\u00e9gulier et continu de leurs activit\u00e9s\u00bb, a assur\u00e9 M. Loukal. A la question de savoir si les salaires non pay\u00e9s des travailleurs de ces entreprises allaient \u00eatre d\u00e9bloqu\u00e9s, le ministre a r\u00e9pondu que le d\u00e9gel des comptes bancaires allait syst\u00e9matiquement permettre \u00e0 ces entreprises de payer les arri\u00e9r\u00e9s de salaires. La d\u00e9signation d&rsquo;administrateurs ind\u00e9pendants, de statuts d&rsquo;experts, tel que propos\u00e9 \u00e0 la justice par le comit\u00e9, offrira surtout \u00e0 ces entit\u00e9s \u00abun appui et un soutien \u00e0 leur potentiel humain et manag\u00e9rial\u00bb, a-t-il ajout\u00e9. Invit\u00e9 \u00e0 expliquer la diff\u00e9rence entre un administrateur judiciaire et un liquidateur, le ministre a tenu \u00e0 souligner que les deux missions \u00e9taient compl\u00e8tement diff\u00e9rentes, voire oppos\u00e9es. \u00abParfois, les gens confondent entre administrateur et liquidateur. Ce dernier est d\u00e9sign\u00e9 pour liquider une entit\u00e9 avant sa dissolution. Or, le r\u00f4le de l\u2019administrateur ind\u00e9pendant est, au contraire, de sauvegarder la soci\u00e9t\u00e9 et veiller \u00e0 r\u00e9unir les conditions de sa bonne gouvernance\u00bb, a-t-il expliqu\u00e9. \u00abEt c\u2019est exactement l\u2019objectif du gouvernement : conforter les assises financi\u00e8res et op\u00e9rationnelles de ces entit\u00e9s, dans le cadre de la sauvegarde de leurs potentiels de production et d&#8217;emplois\u00bb, a poursuivi le ministre. \u00abEn d\u2019autres termes, l\u2019objectif est de leur assurer une viabilit\u00e9. Certaines d\u2019entre elles, \u00e9margeant \u00e0 la commande publique, jouissent, dans ce cadre, d\u2019un carnet de commandes consistant et ont pour charge \u00e9galement la r\u00e9alisation de projets industriels structurants pour l\u2019\u00e9conomie nationale, a-t-il fait remarquer.\u00a0<\/p>\n<p><strong>Les postes d\u2019emploi seront sauvegard\u00e9s<\/strong><\/p>\n<p>A une autre question pour savoir si l\u2019administrateur ind\u00e9pendant avait, dans ses pr\u00e9rogatives, la possibilit\u00e9 de licencier des travailleurs, le ministre a r\u00e9pondu que \u00abla mission de l\u2019administrateur ind\u00e9pendant est, au contraire, de d\u00e9fendre les int\u00e9r\u00eats de l\u2019entreprise et des travailleurs\u00bb. Le 22 ao\u00fbt, le juge enqu\u00eateur, saisi des dossiers des soci\u00e9t\u00e9s appartenant aux Groupes Haddad, Tahkout et Kouninef, a rendu des ordonnances de d\u00e9signation de trois administrateurs, experts financiers agr\u00e9\u00e9s, pour la gestion de ces soci\u00e9t\u00e9s. Dans un communiqu\u00e9, le procureur g\u00e9n\u00e9ral pr\u00e8s la Cour d&rsquo;Alger avait alors indiqu\u00e9 que la d\u00e9signation de ces administrateurs r\u00e9pondait \u00e0 \u00abun souci d&rsquo;assurer la p\u00e9rennit\u00e9 des activit\u00e9s desdites soci\u00e9t\u00e9s et de leur permettre de pr\u00e9server les postes d&#8217;emploi et d&rsquo;honorer leurs engagements envers les tiers\u00bb. Ainsi, outre la sauvegarde de dizaines de milliers de postes d\u2019emplois, le dispositif pilot\u00e9 par le minist\u00e8re des Finances permettra \u00e9galement, soutient le premier Argentier du pays, de relancer, dans un cadre \u00abnormalis\u00e9\u00bb, les relations bancaires et commerciales avec les correspondants bancaires et partenaires internationaux, dans un climat positif. Il \u00e9vitera ensuite un impact n\u00e9gatif sur le budget de l&rsquo;Etat et les caisses de s\u00e9curit\u00e9 sociale, cons\u00e9cutif au non-paiement des imp\u00f4ts et des cotisations sociales aux caisses d&rsquo;assurance et de retraite.\u00a0<\/p>\n<p>R\u00e9sumant les objectifs fondamentaux de ce comit\u00e9 intersectoriel charg\u00e9 du suivi des activit\u00e9s \u00e9conomiques et de la pr\u00e9servation de l&rsquo;outil de production national, M. Loukal a soulign\u00e9 que ce dispositif visait, outre la sauvegarde de la production et des emplois, la pr\u00e9servation des int\u00e9r\u00eats de l&rsquo;Etat, dans le cadre des march\u00e9s \u00e9margeant \u00e0 la commande publique, conclus avec les entreprises concern\u00e9es. La s\u00e9curit\u00e9 du march\u00e9 int\u00e9rieur, du fait des parts de march\u00e9s d\u00e9tenues par certaines de ces entit\u00e9s, la conduite des projets industriels en phase de r\u00e9alisation ainsi que le maintien de la cadence de production pour les soci\u00e9t\u00e9s en exploitation, secteur automobile notamment, constituent les autres priorit\u00e9s du comit\u00e9, selon le ministre.\u00a0<\/p>\n<\/div>\n<p>Auteur: elmoudjahid<br \/>\n<a href=\"http:\/\/www.elmoudjahid.com\/fr\/actualites\/141544\">Cliquez ici pour lire l&rsquo;article depuis sa source.<\/a><\/p>\n","protected":false},"excerpt":{"rendered":"<p>La d\u00e9signation, par l&rsquo;autorit\u00e9 judiciaire, d&rsquo;administrateurs ind\u00e9pendants pour g\u00e9rer les entreprises appartenant aux groupes Haddad, Tahkout et Kouninef, permettra le d\u00e9gel des comptes bancaires de ces entit\u00e9s \u00abdans les plus brefs d\u00e9lais\u00bb, a indiqu\u00e9 hier \u00e0 l&rsquo;APS le ministre des Finances, Mohamed Loukal.\u00a0 Initi\u00e9e par un comit\u00e9 intersectoriel ad hoc, institu\u00e9 par le Premier ministre [&hellip;]<\/p>\n","protected":false},"author":1744,"featured_media":0,"comment_status":"closed","ping_status":"closed","sticky":false,"template":"","format":"standard","meta":{"fifu_image_url":"","fifu_image_alt":"","footnotes":""},"categories":[73,53],"tags":[],"class_list":["post-59804","post","type-post","status-publish","format-standard","hentry","category-actualite","category-algerie"],"_links":{"self":[{"href":"https:\/\/linitiative.ca\/International\/wp-json\/wp\/v2\/posts\/59804","targetHints":{"allow":["GET"]}}],"collection":[{"href":"https:\/\/linitiative.ca\/International\/wp-json\/wp\/v2\/posts"}],"about":[{"href":"https:\/\/linitiative.ca\/International\/wp-json\/wp\/v2\/types\/post"}],"author":[{"embeddable":true,"href":"https:\/\/linitiative.ca\/International\/wp-json\/wp\/v2\/users\/1744"}],"replies":[{"embeddable":true,"href":"https:\/\/linitiative.ca\/International\/wp-json\/wp\/v2\/comments?post=59804"}],"version-history":[{"count":0,"href":"https:\/\/linitiative.ca\/International\/wp-json\/wp\/v2\/posts\/59804\/revisions"}],"wp:attachment":[{"href":"https:\/\/linitiative.ca\/International\/wp-json\/wp\/v2\/media?parent=59804"}],"wp:term":[{"taxonomy":"category","embeddable":true,"href":"https:\/\/linitiative.ca\/International\/wp-json\/wp\/v2\/categories?post=59804"},{"taxonomy":"post_tag","embeddable":true,"href":"https:\/\/linitiative.ca\/International\/wp-json\/wp\/v2\/tags?post=59804"}],"curies":[{"name":"wp","href":"https:\/\/api.w.org\/{rel}","templated":true}]}}