{"id":60007,"date":"2019-09-03T12:59:00","date_gmt":"2019-09-03T16:59:00","guid":{"rendered":"https:\/\/linitiative.ca\/International\/un-mysterieux-plaignant-relance-laffaire-nezzar\/"},"modified":"2019-09-03T12:59:00","modified_gmt":"2019-09-03T16:59:00","slug":"un-mysterieux-plaignant-relance-laffaire-nezzar","status":"publish","type":"post","link":"https:\/\/linitiative.ca\/International\/un-mysterieux-plaignant-relance-laffaire-nezzar\/","title":{"rendered":"Un myst\u00e9rieux plaignant  relance l\u2019affaire \u2018\u2019Nezzar \u2018\u2019"},"content":{"rendered":"<p><br id=\"sep_para_1\" class=\"sep_para access\"\/><\/p>\n<div id=\"para_1\" class=\"para_32830250 resize\">\n<div class=\"texte access firstletter\">Vendredi prochain, un quatri\u00e8me plaignant sera officiellement auditionn\u00e9 en Suisse par la procureure en charge du dossier \u2018\u2019Nezzar\u2019\u2019 qui fait couler beaucoup d\u2019encre\u00a0 depuis 2011, a rapport\u00e9 le site d\u2019informations \u2018\u2019Alg\u00e9rie Part\u2019\u2019. Ce quatri\u00e8me plaignant s\u2019appelle M. Abaidia, a-t-on appris au cours de nos investigations. Selon nos sources, M. Abaidia se d\u00e9placera depuis l\u2019Alg\u00e9rie pour rejoindre la Suisse o\u00f9 il devra \u00eatre auditionn\u00e9 \u00e0 partir de 10 heures au centre d\u2019audition du Guisanplatz \u00e0 Berne, la capitale administrative et politique de la Suisse. D\u2019apr\u00e8s les investigations effectu\u00e9es par le site d\u2019informations, la pr\u00e9sence du g\u00e9n\u00e9ral \u00e0 la retraite Khaled Nezzar n\u2019est pas exig\u00e9e par la justice suisse. Ceci dit, la loi suisse lui permet d\u2019assister \u00e0 cette audition. Mais pour le moment, le plus \u00e9trange demeure le secret qui entoure le parcours et les motivations de ce 4e plaignant, \u00e0 savoir M. Abaidia. La source qui a rapport\u00e9 l\u2019information, n\u2019a pas pu obtenir des informations fiables sur son parcours ni sur les s\u00e9vices dont il fut victime au cours des ann\u00e9es 90.<\/div>\n<\/div>\n<p>Auteur: R\u00e9flexion<br \/>\n<a href=\"https:\/\/www.reflexiondz.net\/Un-mysterieux-plaignant-relance-l-affaire-Nezzar_a57434.html\">Cliquez ici pour lire l&rsquo;article depuis sa source.<\/a><\/p>\n","protected":false},"excerpt":{"rendered":"<p>Vendredi prochain, un quatri\u00e8me plaignant sera officiellement auditionn\u00e9 en Suisse par la procureure en charge du dossier \u2018\u2019Nezzar\u2019\u2019 qui fait couler beaucoup d\u2019encre\u00a0 depuis 2011, a rapport\u00e9 le site d\u2019informations \u2018\u2019Alg\u00e9rie Part\u2019\u2019. Ce quatri\u00e8me plaignant s\u2019appelle M. Abaidia, a-t-on appris au cours de nos investigations. Selon nos sources, M. Abaidia se d\u00e9placera depuis l\u2019Alg\u00e9rie pour [&hellip;]<\/p>\n","protected":false},"author":1740,"featured_media":0,"comment_status":"closed","ping_status":"closed","sticky":false,"template":"","format":"standard","meta":{"fifu_image_url":"","fifu_image_alt":"","footnotes":""},"categories":[53,76],"tags":[],"class_list":["post-60007","post","type-post","status-publish","format-standard","hentry","category-algerie","category-regions"],"_links":{"self":[{"href":"https:\/\/linitiative.ca\/International\/wp-json\/wp\/v2\/posts\/60007","targetHints":{"allow":["GET"]}}],"collection":[{"href":"https:\/\/linitiative.ca\/International\/wp-json\/wp\/v2\/posts"}],"about":[{"href":"https:\/\/linitiative.ca\/International\/wp-json\/wp\/v2\/types\/post"}],"author":[{"embeddable":true,"href":"https:\/\/linitiative.ca\/International\/wp-json\/wp\/v2\/users\/1740"}],"replies":[{"embeddable":true,"href":"https:\/\/linitiative.ca\/International\/wp-json\/wp\/v2\/comments?post=60007"}],"version-history":[{"count":0,"href":"https:\/\/linitiative.ca\/International\/wp-json\/wp\/v2\/posts\/60007\/revisions"}],"wp:attachment":[{"href":"https:\/\/linitiative.ca\/International\/wp-json\/wp\/v2\/media?parent=60007"}],"wp:term":[{"taxonomy":"category","embeddable":true,"href":"https:\/\/linitiative.ca\/International\/wp-json\/wp\/v2\/categories?post=60007"},{"taxonomy":"post_tag","embeddable":true,"href":"https:\/\/linitiative.ca\/International\/wp-json\/wp\/v2\/tags?post=60007"}],"curies":[{"name":"wp","href":"https:\/\/api.w.org\/{rel}","templated":true}]}}