{"id":60061,"date":"2019-09-04T06:57:05","date_gmt":"2019-09-04T10:57:05","guid":{"rendered":"https:\/\/linitiative.ca\/International\/auto-nejma-maroc-une-prestation-mitigee-pendant-les-six-premiers-mois\/"},"modified":"2019-09-04T06:57:05","modified_gmt":"2019-09-04T10:57:05","slug":"auto-nejma-maroc-une-prestation-mitigee-pendant-les-six-premiers-mois","status":"publish","type":"post","link":"https:\/\/linitiative.ca\/International\/auto-nejma-maroc-une-prestation-mitigee-pendant-les-six-premiers-mois\/","title":{"rendered":"Auto Nejma Maroc : Une prestation mitig\u00e9e pendant les six premiers mois"},"content":{"rendered":"<header readability=\"1.33333333333\">\n<\/header>\n<div class=\"entry-content clearfix\" readability=\"60\"><img decoding=\"async\" class=\"post_layout_5_img\" src=\"http:\/\/aujourdhui.ma\/wp-content\/uploads\/2019\/09\/Auto-nejma.jpg?x29840\" alt=\"Auto Nejma Maroc : Une prestation mitig\u00e9e pendant les six premiers mois\"\/><\/p>\n<p>Le chiffre d\u2019affaires du sp\u00e9cialiste de la distribution automobile, Auto Nejma Maroc, s\u2019est \u00e9tabli \u00e0 400 millions de dirhams (MDH) au terme du deuxi\u00e8me trimestre 2019<span id=\"more-317645\"\/>, contre 507 MDH \u00e0 la m\u00eame p\u00e9riode de 2018, soit une variation de -21,1%.<\/p>\n<p>Cette baisse est un retour \u00e0 la normale de l\u2019activit\u00e9 apr\u00e8s l\u2019effet exceptionnel de l\u2019Auto Expo (10 au 22 avril 2018), explique un communiqu\u00e9 de l\u2019importateur de v\u00e9hicules cot\u00e9 \u00e0 la Bourse de Casablanca.<br \/>Le cumul semestriel du chiffre d\u2019affaires a connu une l\u00e9g\u00e8re diminution de 4,7% pour un montant de 950 MDH contre 997 MDH au premier semestre 2018, rel\u00e8ve le communiqu\u00e9, faisant observer que le volume des v\u00e9hicules vendus a atteint 1.984 unit\u00e9s au premier semestre 2019 contre 2.134 unit\u00e9s la m\u00eame p\u00e9riode de 2018, enregistrant ainsi une baisse de 7%.<\/p>\n<p>Et de noter que les six premiers mois de l\u2019exercice 2019 ont enregistr\u00e9 une baisse globale du march\u00e9 de l\u2019ordre de 13,7% (premium -25%), en partie du fait de la non tenue de l\u2019Auto Expo.<br \/>Au terme du deuxi\u00e8me trimestre 2019, Auto Nejma maintient sa strat\u00e9gie d\u2019investissement (avec un 1 MDH investi), notamment pour le renforcement de son r\u00e9seau de distribution et r\u00e9alise, parall\u00e8lement, un d\u00e9sendettement important \u00e0 fin juin 2019.<\/p>\n<\/div>\n<p>Auteur: ALM<br \/>\n<a href=\"http:\/\/aujourdhui.ma\/automobile\/auto-nejma-maroc-une-prestation-mitigee-pendant-les-six-premiers-mois\">Cliquez ici pour lire l&rsquo;article depuis sa source.<\/a><\/p>\n","protected":false},"excerpt":{"rendered":"<p>Le chiffre d\u2019affaires du sp\u00e9cialiste de la distribution automobile, Auto Nejma Maroc, s\u2019est \u00e9tabli \u00e0 400 millions de dirhams (MDH) au terme du deuxi\u00e8me trimestre 2019, contre 507 MDH \u00e0 la m\u00eame p\u00e9riode de 2018, soit une variation de -21,1%. Cette baisse est un retour \u00e0 la normale de l\u2019activit\u00e9 apr\u00e8s l\u2019effet exceptionnel de l\u2019Auto [&hellip;]<\/p>\n","protected":false},"author":1759,"featured_media":0,"comment_status":"closed","ping_status":"closed","sticky":false,"template":"","format":"standard","meta":{"fifu_image_url":"","fifu_image_alt":"","footnotes":""},"categories":[73,54],"tags":[],"class_list":["post-60061","post","type-post","status-publish","format-standard","hentry","category-actualite","category-maroc"],"_links":{"self":[{"href":"https:\/\/linitiative.ca\/International\/wp-json\/wp\/v2\/posts\/60061","targetHints":{"allow":["GET"]}}],"collection":[{"href":"https:\/\/linitiative.ca\/International\/wp-json\/wp\/v2\/posts"}],"about":[{"href":"https:\/\/linitiative.ca\/International\/wp-json\/wp\/v2\/types\/post"}],"author":[{"embeddable":true,"href":"https:\/\/linitiative.ca\/International\/wp-json\/wp\/v2\/users\/1759"}],"replies":[{"embeddable":true,"href":"https:\/\/linitiative.ca\/International\/wp-json\/wp\/v2\/comments?post=60061"}],"version-history":[{"count":0,"href":"https:\/\/linitiative.ca\/International\/wp-json\/wp\/v2\/posts\/60061\/revisions"}],"wp:attachment":[{"href":"https:\/\/linitiative.ca\/International\/wp-json\/wp\/v2\/media?parent=60061"}],"wp:term":[{"taxonomy":"category","embeddable":true,"href":"https:\/\/linitiative.ca\/International\/wp-json\/wp\/v2\/categories?post=60061"},{"taxonomy":"post_tag","embeddable":true,"href":"https:\/\/linitiative.ca\/International\/wp-json\/wp\/v2\/tags?post=60061"}],"curies":[{"name":"wp","href":"https:\/\/api.w.org\/{rel}","templated":true}]}}