{"id":60062,"date":"2019-09-04T06:58:42","date_gmt":"2019-09-04T10:58:42","guid":{"rendered":"https:\/\/linitiative.ca\/International\/une-nouvelle-hyundai-i10-voit-le-jour\/"},"modified":"2019-09-04T06:58:42","modified_gmt":"2019-09-04T10:58:42","slug":"une-nouvelle-hyundai-i10-voit-le-jour","status":"publish","type":"post","link":"https:\/\/linitiative.ca\/International\/une-nouvelle-hyundai-i10-voit-le-jour\/","title":{"rendered":"Une nouvelle Hyundai i10 voit le jour"},"content":{"rendered":"<p><img decoding=\"async\" class=\"post_layout_5_img\" src=\"http:\/\/aujourdhui.ma\/wp-content\/uploads\/2019\/09\/Hyundai_i10_2016_1b1e4-1200-800.jpg?x29840\" alt=\"Une nouvelle Hyundai i10 voit le jour\"\/><\/p>\n<p>La marque Hyundai marquera le Salon de Francfort par la nouvelle g\u00e9n\u00e9ration de la i10.<span id=\"more-317648\"\/> Le constructeur automobile saisira cet \u00e9v\u00e9nement, qui ouvrira ses portes dans quelques jours au grand public, pour pr\u00e9senter sa nouvelle petite citadine cor\u00e9enne qui agr\u00e9mentera cette rentr\u00e9e.<br \/>D\u00e9j\u00e0, les initiateurs ont annonc\u00e9 ce lancement il y a quelques semaines via un teaser.<br \/>En attendant le grand \u00e9v\u00e9nement international, le constructeur donne un avant-go\u00fbt du v\u00e9hicule. \u00abConform\u00e9ment au premier croquis d\u00e9voil\u00e9 par la marque, la nouvelle Hyundai i10 adopte un style plus muscl\u00e9 et plus agressif que la pr\u00e9c\u00e9dente g\u00e9n\u00e9ration, bien plus rondouillarde\u00bb, pr\u00e9cise la marque.<\/p>\n<p>L\u2019ensemble profite, selon la m\u00eame source, d\u2019un nouveau dessin, avec notamment une calandre en cascade profitant d\u2019un nouveau coup de crayon, int\u00e9grant des feux de jour de chaque c\u00f4t\u00e9. \u00abDe profil, la citadine affiche un profil plus marqu\u00e9, tandis que l\u2019arri\u00e8re \u00e9volue \u00e9galement avec une nouvelle signature lumineuse et un bouclier redessin\u00e9\u00bb, d\u00e9taillent les initiateurs. Quant \u00e0 l\u2019int\u00e9rieur, il profite \u00e9galement d\u2019une planche de bord in\u00e9dite, qui int\u00e8gre un nouvel \u00e9cran tactile de 8 pouces compatible avec Apple CarPlay, Android Auto et le nouveau syst\u00e8me BlueLink.<\/p>\n<p>\u00abDu c\u00f4t\u00e9 de la gamme de motorisation, il n\u2019existe pas de grandes surprises, puisque l\u2019on retrouve une offre similaire \u00e0 la pr\u00e9c\u00e9dente g\u00e9n\u00e9ration\u00bb, poursuit la marque. Une transmission robotis\u00e9e \u00e0 cinq rapports sera \u00e9galement propos\u00e9e en option. Selon la m\u00eame source, une variante GPL serait \u00e9galement pr\u00e9vue par la suite. De plus, la citadine fait \u00able plein\u00bb d\u2019\u00e9quipements technologiques, incluant notamment les feux de route automatiques, la cam\u00e9ra de recul ou encore l\u2019alerte anti-collision avec d\u00e9tection des pi\u00e9tons ainsi que l\u2019aide au maintien dans la voie. \u00abLes occupants pourront pour la premi\u00e8re fois profiter de la recharge du smartphone par induction\u00bb, exalte la marque.<\/p>\n<p>Auteur: ALM<br \/>\n<a href=\"http:\/\/aujourdhui.ma\/automobile\/une-nouvelle-hyundai-i10-voit-le-jour\">Cliquez ici pour lire l&rsquo;article depuis sa source.<\/a><\/p>\n","protected":false},"excerpt":{"rendered":"<p>La marque Hyundai marquera le Salon de Francfort par la nouvelle g\u00e9n\u00e9ration de la i10. Le constructeur automobile saisira cet \u00e9v\u00e9nement, qui ouvrira ses portes dans quelques jours au grand public, pour pr\u00e9senter sa nouvelle petite citadine cor\u00e9enne qui agr\u00e9mentera cette rentr\u00e9e.D\u00e9j\u00e0, les initiateurs ont annonc\u00e9 ce lancement il y a quelques semaines via un [&hellip;]<\/p>\n","protected":false},"author":1759,"featured_media":0,"comment_status":"closed","ping_status":"closed","sticky":false,"template":"","format":"standard","meta":{"fifu_image_url":"","fifu_image_alt":"","footnotes":""},"categories":[73,54],"tags":[],"class_list":["post-60062","post","type-post","status-publish","format-standard","hentry","category-actualite","category-maroc"],"_links":{"self":[{"href":"https:\/\/linitiative.ca\/International\/wp-json\/wp\/v2\/posts\/60062","targetHints":{"allow":["GET"]}}],"collection":[{"href":"https:\/\/linitiative.ca\/International\/wp-json\/wp\/v2\/posts"}],"about":[{"href":"https:\/\/linitiative.ca\/International\/wp-json\/wp\/v2\/types\/post"}],"author":[{"embeddable":true,"href":"https:\/\/linitiative.ca\/International\/wp-json\/wp\/v2\/users\/1759"}],"replies":[{"embeddable":true,"href":"https:\/\/linitiative.ca\/International\/wp-json\/wp\/v2\/comments?post=60062"}],"version-history":[{"count":0,"href":"https:\/\/linitiative.ca\/International\/wp-json\/wp\/v2\/posts\/60062\/revisions"}],"wp:attachment":[{"href":"https:\/\/linitiative.ca\/International\/wp-json\/wp\/v2\/media?parent=60062"}],"wp:term":[{"taxonomy":"category","embeddable":true,"href":"https:\/\/linitiative.ca\/International\/wp-json\/wp\/v2\/categories?post=60062"},{"taxonomy":"post_tag","embeddable":true,"href":"https:\/\/linitiative.ca\/International\/wp-json\/wp\/v2\/tags?post=60062"}],"curies":[{"name":"wp","href":"https:\/\/api.w.org\/{rel}","templated":true}]}}