{"id":60064,"date":"2019-09-04T07:02:58","date_gmt":"2019-09-04T11:02:58","guid":{"rendered":"https:\/\/linitiative.ca\/International\/world-dance-congress-marrakech-une-centaine-dartistes-nationaux-et-internationaux-attendue-en-cette-6eme-edition\/"},"modified":"2019-09-04T07:02:58","modified_gmt":"2019-09-04T11:02:58","slug":"world-dance-congress-marrakech-une-centaine-dartistes-nationaux-et-internationaux-attendue-en-cette-6eme-edition","status":"publish","type":"post","link":"https:\/\/linitiative.ca\/International\/world-dance-congress-marrakech-une-centaine-dartistes-nationaux-et-internationaux-attendue-en-cette-6eme-edition\/","title":{"rendered":"World Dance Congress Marrakech : Une centaine d\u2019artistes nationaux et internationaux attendue en cette 6\u00e8me \u00e9dition"},"content":{"rendered":"<p><img decoding=\"async\" class=\"post_layout_5_img\" src=\"http:\/\/aujourdhui.ma\/wp-content\/uploads\/2019\/09\/World-Dance-Congress-Marrakech.jpg?x29840\" alt=\"World Dance Congress Marrakech : Une centaine d\u2019artistes nationaux et internationaux attendue en cette 6\u00e8me \u00e9dition\"\/><\/p>\n<p>Le 6\u00e8me World Dance Congress Marrakech, qui se tient du 4 au 10 septembre au Palmeraie Resorts, continue \u00e0 contribuer \u00e0 la promotion des chor\u00e9graphes. \u00abNous faisons toujours venir de nouveaux artistes des quatre coins du monde, pour leur faire d\u00e9couvrir le Maroc et les faire d\u00e9couvrir aux Marocains\u00bb, pr\u00e9cise Youssef Alexandre, directeur de communication de l\u2019\u00e9v\u00e9nement. En d\u00e9tail, ce sont, selon ses dires, une centaine d\u2019artistes nationaux et internationaux qui prennent part \u00e0 cet \u00e9v\u00e9nement. Outre les artistes marocains, d\u2019autres proviennent des Etats-Unis, de Cuba, de France, d\u2019Allemagne, du Japon, d\u2019Italie, d\u2019Espagne, des Pays-Bas, du Portugal et du Royaume-Uni entre autres pour animer des live shows, dance parties et pool parties. Selon les initiateurs, il s\u2019agit, entre autres, d\u2019Eddie Torres, alias \u00abMambo King\u00bb, du \u00ab prince de la salsa\u00bb, Johnny Vasquez, de Francisco Vasquez, d\u2019Adolfo Indacochea, figure incontournable de la sc\u00e8ne artistique New-yorkaise, du Cubain Seo Fernandez, grand chanteur et chor\u00e9graphe, de Daniel &#038; D\u00e9siree, d\u2019African Jet, de Hamidine Thiam et de Kwenda Lima.<\/p>\n<p>En plus des festivit\u00e9s, les chor\u00e9graphes internationaux participants animeront, selon les initiateurs, des ateliers de danse. A leur tour, des Djs de renomm\u00e9e internationale mixeront les meilleurs sons pour des soir\u00e9es \u00abendiabl\u00e9es\u00bb.<br \/>Pour commencer, une pr\u00e9-party avec Djs internationaux ouvre le bal ce mercredi soir. D\u00e8s le lendemain, le festival sera agr\u00e9ment\u00e9, en apr\u00e8s-midis de pool party avec Djs et animateurs internationaux. En soir\u00e9e du jeudi 5 septembre, une opening party sera organis\u00e9e avec la participation de DJs internationaux. Le 6 septembre, des shows in\u00e9dits r\u00e9alis\u00e9s par de grands artistes seront r\u00e9v\u00e9l\u00e9s en danses am\u00e9ricaines, Cuban, Bachata et Kizomba entre autres, apr\u00e8s une bonne pool party. Des performances qui rythmeront \u00e9galement la soir\u00e9e du samedi qui sera de plus marqu\u00e9e par des workshops de danses en matin\u00e9e et de pool party avec invit\u00e9s sp\u00e9ciaux. Des ateliers se tiendront m\u00eame en matin\u00e9e du dimanche avant une pool party encore avec invit\u00e9s sp\u00e9ciaux et une closing Party au \u00abNikki Beach\u00bb avec DJs internationaux. Et ce n\u2019est pas tout. Une grande soir\u00e9e dansante secr\u00e8te \u00ab1001 Nuits entre Yves Saint Laurent &#038; Herm\u00e8s\u00bb se tiendra le 9 septembre avec Djs internationaux.<\/p>\n<p>Au-del\u00e0 de ces shows, le festival a une vocation. \u00abLa seule ambition que nous avons est de faire conna\u00eetre notre pays d\u2019origine au monde entier. L\u2019\u00e9conomie d\u2019un festival contribue au d\u00e9veloppement du pays. Un festival est une v\u00e9ritable dynamique en mati\u00e8re d\u2019emplois, pour le tourisme et la culture\u00bb, pr\u00e9cise le directeur. Le responsable, qui dit ne pas conna\u00eetre le budget exact du festival, livre \u00e9galement son regard sur l\u2019art de chor\u00e9graphie au Maroc. \u00abBeaucoup de sponsors et m\u00e9c\u00e8nes, notamment les artistes \u00e0 l\u2019image de Lahcen Zinoun, danseur \u00e9toile marocain du Royal Ballet De Wallonie,<br \/>soutiennent l\u2019art de la danse dans toutes ses formes pour sauvegarder le patrimoine culturel du Maroc. De m\u00eame, les festivals et leurs organisateurs ne sont pas en reste \u00e0 ce propos\u00bb, conclut M. Alexandre.<\/p>\n<p>Auteur: Salima Guisser<br \/>\n<a href=\"http:\/\/aujourdhui.ma\/culture\/world-dance-congress-marrakech-une-centaine-dartistes-nationaux-et-internationaux-attendue-en-cette-6eme-edition\">Cliquez ici pour lire l&rsquo;article depuis sa source.<\/a><\/p>\n","protected":false},"excerpt":{"rendered":"<p>Le 6\u00e8me World Dance Congress Marrakech, qui se tient du 4 au 10 septembre au Palmeraie Resorts, continue \u00e0 contribuer \u00e0 la promotion des chor\u00e9graphes. \u00abNous faisons toujours venir de nouveaux artistes des quatre coins du monde, pour leur faire d\u00e9couvrir le Maroc et les faire d\u00e9couvrir aux Marocains\u00bb, pr\u00e9cise Youssef Alexandre, directeur de communication [&hellip;]<\/p>\n","protected":false},"author":1759,"featured_media":0,"comment_status":"closed","ping_status":"closed","sticky":false,"template":"","format":"standard","meta":{"fifu_image_url":"","fifu_image_alt":"","footnotes":""},"categories":[73,54],"tags":[],"class_list":["post-60064","post","type-post","status-publish","format-standard","hentry","category-actualite","category-maroc"],"_links":{"self":[{"href":"https:\/\/linitiative.ca\/International\/wp-json\/wp\/v2\/posts\/60064","targetHints":{"allow":["GET"]}}],"collection":[{"href":"https:\/\/linitiative.ca\/International\/wp-json\/wp\/v2\/posts"}],"about":[{"href":"https:\/\/linitiative.ca\/International\/wp-json\/wp\/v2\/types\/post"}],"author":[{"embeddable":true,"href":"https:\/\/linitiative.ca\/International\/wp-json\/wp\/v2\/users\/1759"}],"replies":[{"embeddable":true,"href":"https:\/\/linitiative.ca\/International\/wp-json\/wp\/v2\/comments?post=60064"}],"version-history":[{"count":0,"href":"https:\/\/linitiative.ca\/International\/wp-json\/wp\/v2\/posts\/60064\/revisions"}],"wp:attachment":[{"href":"https:\/\/linitiative.ca\/International\/wp-json\/wp\/v2\/media?parent=60064"}],"wp:term":[{"taxonomy":"category","embeddable":true,"href":"https:\/\/linitiative.ca\/International\/wp-json\/wp\/v2\/categories?post=60064"},{"taxonomy":"post_tag","embeddable":true,"href":"https:\/\/linitiative.ca\/International\/wp-json\/wp\/v2\/tags?post=60064"}],"curies":[{"name":"wp","href":"https:\/\/api.w.org\/{rel}","templated":true}]}}