{"id":60065,"date":"2019-09-04T07:05:27","date_gmt":"2019-09-04T11:05:27","guid":{"rendered":"https:\/\/linitiative.ca\/International\/photographie-le-maroc-selectionne-pour-les-rencontres-de-bamako\/"},"modified":"2019-09-04T07:05:27","modified_gmt":"2019-09-04T11:05:27","slug":"photographie-le-maroc-selectionne-pour-les-rencontres-de-bamako","status":"publish","type":"post","link":"https:\/\/linitiative.ca\/International\/photographie-le-maroc-selectionne-pour-les-rencontres-de-bamako\/","title":{"rendered":"Photographie : Le Maroc s\u00e9lectionn\u00e9  pour les rencontres de Bamako"},"content":{"rendered":"<p><img decoding=\"async\" class=\"post_layout_5_img\" src=\"http:\/\/aujourdhui.ma\/wp-content\/uploads\/2019\/09\/Photographie.jpg?x29840\" alt=\"Photographie : Le Maroc s\u00e9lectionn\u00e9 pour les rencontres de Bamako\"\/><\/p>\n<p>Le Maroc sera pr\u00e9sent en force \u00e0 la 12\u00e8me \u00e9dition des Rencontres photographiques de Bamako, principale manifestation consacr\u00e9e a\u0300 la photographie contemporaine en Afrique, pr\u00e9vue du 30 novembre 2019 au 31 janvier 2020.<span id=\"more-317658\"\/> Il sera repr\u00e9sent\u00e9 en effet par quatre artistes marocains s\u00e9lectionn\u00e9s pour l\u2019exposition panafricaine et qui sont invit\u00e9s \u00e0 explorer le concept de courants de conscience dans le domaine de la pratique photographique. Il s\u2019agit en effet de Mohamed Thara, Khalil Nemmaoui, Badr El Hammami et Bouchra Khalili. Venant de diff\u00e9rents horizons, ces artistes donneront un aper\u00e7u \u00e9loquent sur la diversit\u00e9 et la richesse de l\u2019art de la photographie marocain. A commencer par l\u2019artiste multidisciplinaire Mohamed Thara. Ce performeur aux talents multiples soul\u00e8ve \u00e0 travers ses \u0153uvres de nombreuses questions li\u00e9es notamment \u00e0 l\u2019histoire, la m\u00e9moire, le mal, l\u2019identit\u00e9, la douleur et le chaos. Ainsi, \u00e0 l\u2019occasion de cette manifestation, il participe avec ses photographies de la s\u00e9rie \u00abHom land 2018-2019\u00bb, et une installation vid\u00e9o intitul\u00e9e \u00abLa seconde zone, 2019\u00bb. A propos de son premier projet, l\u2019artiste explique qu\u2019il s\u2019agit d\u2019 \u00abune s\u00e9rie photographique pleine d\u2019humanit\u00e9 qui regarde le Maroc dans les yeux. La s\u00e9rie est aussi une c\u00e9l\u00e9bration de la libert\u00e9. Elle questionne l\u2019enfermement exprim\u00e9 \u00e0 diff\u00e9rentes \u00e9chelles, comme autant de territoires\u00bb.<\/p>\n<p>Le public malien d\u00e9couvre \u00e9galement Khalil Nemmaoui. Cet artiste d\u00e9couvre la photographie et la magie du processus de r\u00e9v\u00e9lation argentique tr\u00e8s t\u00f4t. A l\u2019\u00e2ge de 12 ans, il fabriquait d\u00e9j\u00e0 des st\u00e9nop\u00e9s pour capturer la lumi\u00e8re. Apr\u00e8s des \u00e9tudes scientifiques, au Maroc et \u00e0 l\u2019\u00e9tranger, il d\u00e9cide de se consacrer exclusivement \u00e0 la photographie. Il faut citer les \u0153uvres de Badr El Hammami. Ce laur\u00e9at de l\u2019\u00c9cole des beaux-arts de Valence exp\u00e9rimente de fa\u00e7on po\u00e9tique le concept de fronti\u00e8re autour d\u2019un ensemble d\u2019installations, textes, photographies, vid\u00e9os et performances. Il questionne cette notion arbitraire sans laquelle l\u2019\u00e9tranger ne serait pas. Son statut d\u2019\u00e9tranger en France lui permet une lecture paradoxale des cartes et des territoires. Enfin, il y a lieu de citer la Franco-marocaine Bouchra Khalili. Celle-ci est l\u2019une des artistes actuelles les plus pertinentes. Son travail en film, vid\u00e9o, installation, photographie et s\u00e9rigraphie, articule langage, oralit\u00e9, subjectivit\u00e9 et exploration g\u00e9ographique. Elle a re\u00e7u plusieurs prix et distinctions, dont \u00abAbraaj Group Art Prize\u00bb en 2014, le Prix Sam pour l\u2019art contemporain en 2013, Sam Art Projects, DAAD Artists-in-Berlin Program en 2012.<\/p>\n<p>Auteur: Siham Jadraoui<br \/>\n<a href=\"http:\/\/aujourdhui.ma\/culture\/photographie-le-maroc-selectionne-pour-les-rencontres-de-bamako\">Cliquez ici pour lire l&rsquo;article depuis sa source.<\/a><\/p>\n","protected":false},"excerpt":{"rendered":"<p>Le Maroc sera pr\u00e9sent en force \u00e0 la 12\u00e8me \u00e9dition des Rencontres photographiques de Bamako, principale manifestation consacr\u00e9e a\u0300 la photographie contemporaine en Afrique, pr\u00e9vue du 30 novembre 2019 au 31 janvier 2020. Il sera repr\u00e9sent\u00e9 en effet par quatre artistes marocains s\u00e9lectionn\u00e9s pour l\u2019exposition panafricaine et qui sont invit\u00e9s \u00e0 explorer le concept de [&hellip;]<\/p>\n","protected":false},"author":1759,"featured_media":0,"comment_status":"closed","ping_status":"closed","sticky":false,"template":"","format":"standard","meta":{"fifu_image_url":"","fifu_image_alt":"","footnotes":""},"categories":[73,54],"tags":[],"class_list":["post-60065","post","type-post","status-publish","format-standard","hentry","category-actualite","category-maroc"],"_links":{"self":[{"href":"https:\/\/linitiative.ca\/International\/wp-json\/wp\/v2\/posts\/60065","targetHints":{"allow":["GET"]}}],"collection":[{"href":"https:\/\/linitiative.ca\/International\/wp-json\/wp\/v2\/posts"}],"about":[{"href":"https:\/\/linitiative.ca\/International\/wp-json\/wp\/v2\/types\/post"}],"author":[{"embeddable":true,"href":"https:\/\/linitiative.ca\/International\/wp-json\/wp\/v2\/users\/1759"}],"replies":[{"embeddable":true,"href":"https:\/\/linitiative.ca\/International\/wp-json\/wp\/v2\/comments?post=60065"}],"version-history":[{"count":0,"href":"https:\/\/linitiative.ca\/International\/wp-json\/wp\/v2\/posts\/60065\/revisions"}],"wp:attachment":[{"href":"https:\/\/linitiative.ca\/International\/wp-json\/wp\/v2\/media?parent=60065"}],"wp:term":[{"taxonomy":"category","embeddable":true,"href":"https:\/\/linitiative.ca\/International\/wp-json\/wp\/v2\/categories?post=60065"},{"taxonomy":"post_tag","embeddable":true,"href":"https:\/\/linitiative.ca\/International\/wp-json\/wp\/v2\/tags?post=60065"}],"curies":[{"name":"wp","href":"https:\/\/api.w.org\/{rel}","templated":true}]}}