{"id":60066,"date":"2019-09-04T06:38:32","date_gmt":"2019-09-04T10:38:32","guid":{"rendered":"https:\/\/linitiative.ca\/International\/libertes\/"},"modified":"2019-09-04T06:38:32","modified_gmt":"2019-09-04T10:38:32","slug":"libertes","status":"publish","type":"post","link":"https:\/\/linitiative.ca\/International\/libertes\/","title":{"rendered":"Libert\u00e9s !"},"content":{"rendered":"<p class=\"c4\"><span class=\"c3\"><strong><span class=\"c2\">D<\/span>e tout temps, notre pays a constamment proc\u00e9d\u00e9 par progressivit\u00e9. Cette approche pond\u00e9r\u00e9e lui a toujours \u00a0permis d\u2019esquiver la pr\u00e9cipitation qui, en g\u00e9n\u00e9ral, cause des incidences f\u00e2cheuses. En effet, la fameuse trilogie, ch\u00e8re \u00e0 Nawal Sa\u00e2daoui, \u00e0 savoir Politique, Religion et Sexe, \u00e9tait abord\u00e9e, chez nous, avec la plus grande doigt\u00e9.<\/strong><\/span><\/p>\n<p class=\"c4\">D\u2019autres concepts aussi d\u00e9licats, telles l\u2019int\u00e9grit\u00e9 territoriale et l\u2019amazighit\u00e9, entre autres, \u00e9taient pareillement entretenus dans sagesse et circonspection. Au fil du temps, on parviendra \u00e0 banaliser nombre de tabous qui, dans un pass\u00e9 r\u00e9cent, s\u2019\u00e9rigeaient en sujets prohib\u00e9s, pour des raisons de s\u00e9curit\u00e9 excessives. On se rappellera la prudence dont \u00e9tait trait\u00e9e la langue et la culture amazighe, afin de contourner, dans la s\u00e9r\u00e9nit\u00e9s, les r\u00e9sistances voire les hostilit\u00e9s farouches du panarabisme ambiant. Aujourd\u2019hui, on est parvenu \u00e0 la hisser au tout premier plan constitutionnel, au m\u00eame titre que l\u2019arabe.<\/p>\n<p class=\"c4\">De m\u00eame, la question du Sahara marocain a \u00e9t\u00e9 l\u2019apanage d\u2019une minorit\u00e9 de d\u00e9cideurs qui en d\u00e9tenaient toutes les ficelles, en la couvrant d\u2019une opacit\u00e9 vachement herm\u00e9tique, pour des soucis s\u00e9curitaires \u00e9galement. Au fil des ans, la diplomatie populaire, brandie par la soci\u00e9t\u00e9 civile, ainsi que l\u2019action parlementaire d\u00e9fon\u00e7ait cet accaparement exclusif, tout en r\u00e9v\u00e9lant, dans bien des cas, la perm\u00e9abilit\u00e9 de la diplomatie officielle \u00e0 cet effet. A mesure de cumuler les exp\u00e9riences \u00e9lectorales, en d\u00e9pit de ses d\u00e9ch\u00e9ances saillantes, la notion de la politique ne fait plus peur dans les milieux populaires, car, afin de monopoliser les centres de d\u00e9cision, on faisait croire aux masses que la politique, particuli\u00e8rement celle de la gauche, \u00e9tait synonyme d\u2019atteinte aux Institutions.<\/p>\n<p class=\"c4\">Maintenant, les \u00abmarges\u00bb de libert\u00e9 et des droits humains, progressivement acquises dans un climat plus avenant, malgr\u00e9 le maintien de nombre de d\u00e9ficiences, donnaient \u00e0 la notion de la politique plus d\u2019ampleur et d\u2019accessibilit\u00e9. Dans ce sillage, si les diverses libert\u00e9s ont sensiblement \u00e9volu\u00e9, l\u2019\u00e9ducation \u00a0sexuelle, quant \u00e0 elle, est souvent mise en \u00ab\u00a0camisole\u00a0\u00bb, puisqu\u2019elle est intimement li\u00e9e aux pr\u00e9ceptes cultuels. Tout abord, on ne manquera pas de mettre en \u00e9vidence la justesse de la \u00ab\u00a0monarchisation\u00a0\u00bbde la chose religieuse, autour du commandeur des croyants, afin de garantir la stabilit\u00e9 escompt\u00e9e, dans une soci\u00e9t\u00e9 r\u00e9solument conservatrice.<\/p>\n<p class=\"c4\">Nonobstant, on soulignera l\u2019effet de mod\u00e9ration qui \u00e9maille les pratiques cultuelles traduisant, en fait, nos valeurs de tol\u00e9rance et d\u2019ouverture, des d\u00e9cennies durant. Dans ce sens, nombre de conduites interdits par la Chari\u00e2 et la Loi, ne sont pas syst\u00e9matiquement annihil\u00e9s, du moins \u00abtol\u00e9r\u00e9s\u00bb en discr\u00e9tion. Or, la police des m\u0153urs intervient quand il s\u2019agira d\u2019un flagrant abus en public contre des contrevenants imprudents. Dans ce contexte o\u00f9 les courants modernistes gagnent du terrain, de front avec les tendances obscurantistes, le d\u00e9bat s\u2019amorce autour des th\u00e9matiques qui s\u2019ins\u00e8rent, au fait, dans le rapport de forces de cette dualit\u00e9, s\u00e9rieusement enclench\u00e9e dans notre soci\u00e9t\u00e9 aux valeurs authentiques.<\/p>\n<p class=\"c4\">Personne donc n\u2019a le droit d\u2019occulter le droit \u00e0 la diff\u00e9rence, encore moins de menacer \u00e0 la liquidation corporelle le d\u00e9tenteur d\u2019une opinion qui n\u2019est pas n\u00e9cessairement celle de l\u2019autre. On ne peut alors remettre en question tout un \u00e9difice fond\u00e9, au terme duquel on a pu planter dans une optique du non retour, les pierres d\u2019une Nation fortement li\u00e9e aux principes cultuels et, en m\u00eame temps, attach\u00e9e aux fondements du progr\u00e8s moderne.<\/p>\n<p>Auteur: M&rsquo;hammed rahal<br \/>\n<a href=\"http:\/\/albayane.press.ma\/libertes.html\">Cliquez ici pour lire l&rsquo;article depuis sa source.<\/a><\/p>\n","protected":false},"excerpt":{"rendered":"<p>De tout temps, notre pays a constamment proc\u00e9d\u00e9 par progressivit\u00e9. Cette approche pond\u00e9r\u00e9e lui a toujours \u00a0permis d\u2019esquiver la pr\u00e9cipitation qui, en g\u00e9n\u00e9ral, cause des incidences f\u00e2cheuses. En effet, la fameuse trilogie, ch\u00e8re \u00e0 Nawal Sa\u00e2daoui, \u00e0 savoir Politique, Religion et Sexe, \u00e9tait abord\u00e9e, chez nous, avec la plus grande doigt\u00e9. D\u2019autres concepts aussi d\u00e9licats, [&hellip;]<\/p>\n","protected":false},"author":1760,"featured_media":0,"comment_status":"closed","ping_status":"closed","sticky":false,"template":"","format":"standard","meta":{"fifu_image_url":"","fifu_image_alt":"","footnotes":""},"categories":[73,54],"tags":[],"class_list":["post-60066","post","type-post","status-publish","format-standard","hentry","category-actualite","category-maroc"],"_links":{"self":[{"href":"https:\/\/linitiative.ca\/International\/wp-json\/wp\/v2\/posts\/60066","targetHints":{"allow":["GET"]}}],"collection":[{"href":"https:\/\/linitiative.ca\/International\/wp-json\/wp\/v2\/posts"}],"about":[{"href":"https:\/\/linitiative.ca\/International\/wp-json\/wp\/v2\/types\/post"}],"author":[{"embeddable":true,"href":"https:\/\/linitiative.ca\/International\/wp-json\/wp\/v2\/users\/1760"}],"replies":[{"embeddable":true,"href":"https:\/\/linitiative.ca\/International\/wp-json\/wp\/v2\/comments?post=60066"}],"version-history":[{"count":0,"href":"https:\/\/linitiative.ca\/International\/wp-json\/wp\/v2\/posts\/60066\/revisions"}],"wp:attachment":[{"href":"https:\/\/linitiative.ca\/International\/wp-json\/wp\/v2\/media?parent=60066"}],"wp:term":[{"taxonomy":"category","embeddable":true,"href":"https:\/\/linitiative.ca\/International\/wp-json\/wp\/v2\/categories?post=60066"},{"taxonomy":"post_tag","embeddable":true,"href":"https:\/\/linitiative.ca\/International\/wp-json\/wp\/v2\/tags?post=60066"}],"curies":[{"name":"wp","href":"https:\/\/api.w.org\/{rel}","templated":true}]}}