{"id":60067,"date":"2019-09-04T06:51:33","date_gmt":"2019-09-04T10:51:33","guid":{"rendered":"https:\/\/linitiative.ca\/International\/nabil-benabdallah-invite-de-linfo-en-face-sur-lematin-ma\/"},"modified":"2019-09-04T06:51:33","modified_gmt":"2019-09-04T10:51:33","slug":"nabil-benabdallah-invite-de-linfo-en-face-sur-lematin-ma","status":"publish","type":"post","link":"https:\/\/linitiative.ca\/International\/nabil-benabdallah-invite-de-linfo-en-face-sur-lematin-ma\/","title":{"rendered":"Nabil Benabdallah invit\u00e9 de  \u00abL\u2019info en face\u00bb sur lematin.ma"},"content":{"rendered":"<p class=\"c3\"><strong><span class=\"c2\">\u00abC\u2019est la place m\u00eame du politique qui doit \u00eatre repens\u00e9e\u00bb<\/span><\/strong><\/p>\n<p class=\"c5\"><strong><span class=\"c4\"><span class=\"c2\">L<\/span>e Secr\u00e9taire g\u00e9n\u00e9ral du Parti du progr\u00e8s et du socialisme (PPS) a fait sa rentr\u00e9e politique, en choisissant l\u2019\u00e9mission \u00abL\u2019info en face\u00bb diffus\u00e9e sur le site Lematin.ma et anim\u00e9e par Rachid Hallaouy. Mohamed Nabil Benabdallah a r\u00e9pondu, tout au long de cet entretien de plus d\u2019une heure, aux nombreuses questions qui lui ont \u00e9t\u00e9 pos\u00e9es\u2026 Synth\u00e8se.<\/span><\/strong><\/p>\n<p class=\"c5\">L\u2019entretien a essentiellement port\u00e9 sur le portage politique du changement, le remaniement minist\u00e9riel, l\u2019action du gouvernement El Otmani, le nouveau mod\u00e8le de d\u00e9veloppement \u00e0 mettre en place, la situation \u00e9conomique et la r\u00e9forme fiscale, le texte adopt\u00e9 par l\u2019Ex\u00e9cutif sur \u00abl\u2019enfance et l\u2019Islam\u00bb, la r\u00e9forme de l\u2019enseignement\u2026 etc.<\/p>\n<p class=\"c5\">Mais, c\u2019est la question de la cr\u00e9dibilit\u00e9 de l\u2019action politique au Maroc qui a eu la part du lion dans cet entretien.<\/p>\n<p class=\"c5\">Pour le leader du PPS, il y a \u00abun probl\u00e8me \u00a0de portage politique du changement\u00bb. Et pour cause, sur \u00a0les 10 derni\u00e8res ann\u00e9es, \u00able champ politique a \u00e9t\u00e9 s\u00e9rieusement bouscul\u00e9. Ce qui a conduit \u00e0 un affaiblissement des forces politiques\u00bb.<\/p>\n<p class=\"c5\">C\u2019est pourquoi il est n\u00e9cessaire que \u00abdes femmes et des hommes soient capables politiquement de le porter, de le d\u00e9fendre\u00bb partout, a insist\u00e9 Benabdallah, tout en affirmant que \u00absans cette capacit\u00e9, aucun mod\u00e8le de d\u00e9veloppement\u00bb n\u2019est possible et ne pourra r\u00e9ussir.<\/p>\n<p class=\"c5\">Pour lui, \u00abce n\u2019est pas le personnel politique qui est en jeu, mais c\u2019est la place m\u00eame du politique qui doit \u00eatre repens\u00e9e et revue pour mettre le politique au c\u0153ur de la conduite du changement\u00bb.<\/p>\n<p class=\"c5\">Et depuis 2007, des actes n\u00e9gatifs se sont produits sur la sc\u00e8ne nationale. \u00abUne id\u00e9e saugrenue a permis de cr\u00e9er une formation politique, je parle du PAM (NDLR\u00a0: Parti de l\u2019authenticit\u00e9 et de la modernit\u00e9) pour \u00e9carter les autres partis. Ce fut une erreur et les faits ont d\u00e9montr\u00e9 que cela a permis trois choses\u00a0: le renforcement du PJD, le recul des forces politiques notamment celles de la Koutla d\u00e9mocratique et l\u2019effritement du PAM.<\/p>\n<p class=\"c5\">A une question sur la prise par Akhannouch du r\u00f4le d\u00e9volu au PAM, Benabdallah a affirm\u00e9 qu\u2019\u00abil n\u2019y a pas l\u2019\u00e9mergence d\u2019un mouvement en sa faveur et que le pays a besoin d\u2019une v\u00e9ritable alternative d\u00e9mocratique\u00bb. Une illustration est donn\u00e9e sur certains m\u00e9dias publics qui, vont en besogne pour chaque dysfonctionnement et \u00abpointent les partis politiques\u00bb, alors que toutes les actions positives \u00absont point\u00e9es ailleurs\u00bb\u2026<\/p>\n<p class=\"c5\">La v\u00e9ritable question est d\u2019avoir une vision claire sur \u00able r\u00f4le des partis politiques, leur capacit\u00e9 \u00e0 convaincre et \u00e0 ouvrir leurs rangs aux comp\u00e9tences\u00bb.<\/p>\n<p class=\"c5\">\u00abNous avons besoin d\u2019un champ politique fort, autonome, qu\u2019il faudra laisser tranquille, le laisser grandir et se mouvoir\u2026 et \u00abavoir confiance en les forces politiques\u00a0qui doivent avoir leurs propres choix et d\u00e9cisions\u00bb.<\/p>\n<p class=\"c5\">Et quand la politique va mal, c\u2019est le reste des domaines qui suit\u2026 car \u00abla morosit\u00e9 est une question de perception\u00bb. Surtout en l\u2019absence de \u00abcapacit\u00e9s, de vision claire, et en \u00e9tant en quelque sorte sur l\u2019expectative et sur le o\u00f9 va-t-on, le champ \u00e9conomique devient frileux\u00bb.<\/p>\n<p class=\"c5\">Et de constater que cette attitude a favoris\u00e9 \u00abune certaine soumission et un fatalisme, qui se sont install\u00e9s en tant que dimensions culturelles, avec un retour au conservatisme et une r\u00e9gression de la politique\u00bb.<\/p>\n<p class=\"c5\"><strong><span class=\"c2\">Remaniement minist\u00e9riel<\/span><\/strong><\/p>\n<p class=\"c5\">Au sujet du remaniement minist\u00e9riel attendu, Mohamed Nabil Benabdallah estime\u00a0 que\u00a0\u00able PPS est entrain de se pr\u00e9parer\u00bb. Pour lui, \u00able remaniement est quelque part le couvercle, l\u2019aspect apparent. Ce sera bien si cela pourrait donner de la vigueur\u2026 mais ce sera encore mieux si cela proc\u00e8de d\u2019une volont\u00e9 tous azimuts de refonder le politique, conform\u00e9ment \u00e0 l\u2019esprit de la Constitution de 2011, qui consacre le r\u00f4le des partis politiques, des institutions\u2026\u00a0 et de la bonne gouvernance\u00bb. Cela doit consacrer un programme politique\u00a0 et une majorit\u00e9 issue d\u00e9mocratiquement des urnes\u00bb.<\/p>\n<p class=\"c5\">Il s\u2019agit, ajoute le leader progressiste, de \u00abfaire en sorte que\u00a0le champ politique marocain puisse remplir pleinement ses pr\u00e9rogatives\u00bb.<\/p>\n<p class=\"c5\">Le remaniement minist\u00e9riel \u00abdoit amener de la fraicheur, certes et une certaine c\u00e9sure pour recadrer l\u2019action \u00ab\u00a0du gouvernement\u00bb. Mais, selon le SG du PPS, \u00able plus important est que le portage politique pour le changement s\u2019accompagne d\u2019une vision globale\u00bb. Car \u00absi les\u00a0m\u00eames politiques\u00a0sont suivies, le changement de t\u00eates \u00abne sera pas salvateur\u00bb.<\/p>\n<p class=\"c5\">Ce qui est important, pour le PPS, est de connaitre \u00able projet politique, en premier, ensuite la place du PPS dans ledit projet\u00bb.<\/p>\n<p class=\"c5\">Et de revendiquer \u00abune place suffisamment importante pour impacter le changement, en son et voix\u2026 loin de tout strapontin\u2026 pour un parti de conviction, d\u2019id\u00e9es et de changement\u2026\u00bb<br \/>\u00abNous attendrons avec optimisme les propositions qui seront faites\u00bb, avec le souhait qu\u2019elles soient correctes.<\/p>\n<p class=\"c5\">Pour le dirigeant du PPS, \u00able gouvernement doit accompagner le remaniement minist\u00e9riel, par des id\u00e9es fortes, en faisant des priorit\u00e9s sur un certain nombre de dossiers, en prenant des initiatives politiques, pour \u00e9viter l\u2019inertie politique\u00bb.<\/p>\n<p class=\"c5\"><span class=\"c2\"><strong>L\u2019action du gouvernement<\/strong><\/span><\/p>\n<p class=\"c5\">S\u2019agissant de l\u2019action gouvernementale actuelle, Benabdallah a affirm\u00e9 qu\u2019\u00abun travail est accompli mais qu\u2019il n\u2019est pas apparent et qu\u2019il n\u2019y a pas de coh\u00e9rence\u00bb.<\/p>\n<p class=\"c5\">\u00abCe gouvernement a souffert \u00e9norm\u00e9ment de tiraillements\u2026 et de la volont\u00e9 d\u2019aller chercher des poux chez tel ou tel parti\u2026\u00bb au lieu de \u00ab\u00a0porter des id\u00e9es et des propositions pour donner de la quintessence au changement politique, \u00e9conomique et social\u00bb.<\/p>\n<p class=\"c5\">Ce qui manque, selon lui, c\u2019est \u00able d\u00e9bat politique, d\u2019aller vers les citoyennes et les citoyens pour expliquer et convaincre, meubler et remplir l\u2019espace, par des discours et des actions concr\u00e8tes\u00bb.<\/p>\n<p class=\"c5\">Sur la question de la fiscalit\u00e9, MNB a salu\u00e9 les efforts fournis cette ann\u00e9e, avec les Assises, et d\u00e9fendu \u00abune fiscalit\u00e9 juste et \u00e9quitable, qui jouit de la transparence n\u00e9cessaire, avec des voix de recours claires et la cr\u00e9ation d\u2019une instance qui g\u00e8re les litiges en cette mani\u00e8re\u00bb.<\/p>\n<p class=\"c5\">D\u2019ailleurs, \u00abla prochaine loi de finances doit \u00eatre appropri\u00e9e par les partis politiques de la majorit\u00e9 afin d\u2019en d\u00e9battre les choix des grandes actions et des d\u00e9tails\u00bb.<\/p>\n<p class=\"c5\">Pour ce qui est du texte de loi adopt\u00e9 derni\u00e8rement par le Conseil de gouvernement sur l\u2019\u00abEnfance et l\u2019Islam\u00bb, Benabdallah a estim\u00e9 qu\u2019il s\u2019agit d\u2019un \u00abtexte datant de 2005 qui repr\u00e9sente un engagement du Maroc. Sauf que ce texte est en r\u00e9gression par rapport \u00e0 la premi\u00e8re mouture. Pour lui, il n\u2019y a pas le feu, si l\u2019on a attendu 14 ans\u2026 car le texte devrait \u00eatre soumis \u00e0 un d\u00e9bat, notamment au sein du CNDH. Car il s\u2019agit de questions sensibles\u00bb, avant de conclure qu\u2019il s\u2019agit d\u2019\u00abune b\u00e9vue\u00bb \u00e0 laquelle le PJD est \u00e9tranger.<\/p>\n<p class=\"c5\">Il fallait donc que ce texte fasse l\u2019objet d\u2019un d\u00e9bat au sein des partis politiques et d\u2019\u00e9coute des experts en la mati\u00e8re\u00bb. Il a d\u00e9plor\u00e9 \u00ables combats d\u2019arri\u00e8re-garde qui se d\u00e9veloppent\u00bb.<\/p>\n<p class=\"c5\">Au sujet des crues que le sud marocain a connues et le drame de Taroudant, Benabdallah a estim\u00e9 qu\u2019il est urgent \u00abd\u2019\u00e9tablir une carte des risques climatiques et des constructions non r\u00e9glementaires\u00bb de sorte \u00e0 \u00ab\u00a0assurer le d\u00e9placement des populations et des \u00e9quipements\u00a0 des lits des oueds\u00bb.<\/p>\n<p class=\"c5\">En ce qui concerne la question de la r\u00e9forme de l\u2019enseignement, l\u2019orateur a estim\u00e9 indispensable \u00abd\u2019assurer les moyens financiers\u00bb pour que l\u2019enseignement puisse finalement red\u00e9marrer en recourant \u00abaux meilleurs qui puissent enseigner, \u00e0 des ressources humaines comp\u00e9tentes \u00e0 l\u2019int\u00e9rieur du pays et, s\u2019il le faut, les chercher ailleurs\u00bb.<\/p>\n<p class=\"c5\">A ce sujet, il a rappel\u00e9 que \u00ables pays dits des dragons ont d\u2019abord r\u00e9ussi \u00e0 r\u00e9soudre les probl\u00e8mes li\u00e9s \u00e0 l\u2019\u00e9ducation et \u00e0 appliquer une bonne politique \u00e9ducative, en vainquant d\u2019abord l\u2019analphab\u00e9tisme\u00bb.<\/p>\n<p class=\"c5\">L\u2019entretien avec le Secr\u00e9taire g\u00e9n\u00e9ral du PPS sera conclu par un appel aux citoyennes et citoyens pour\u00a0 \u00abvoter et bien voter\u00bb. Car, \u00able fait de ne pas voter veut dire que l\u2019on consacre l\u2019existant et que l\u2019on reste en marge du changement voulu et esp\u00e9r\u00e9\u00bb. Et \u00ablorsque l\u2019on vote pour des gens honn\u00eates, l\u2019on encourage les forces du changement\u00bb \u00e0 mieux se positionner et \u00e0 avoir une certaine force pour faire changer les choses.<\/p>\n<p class=\"c5\">Aujourd\u2019hui, \u00ables partis politiques doivent assumer leurs responsabilit\u00e9s et annoncer, avant les futures \u00e9ch\u00e9ances \u00e9lectorales, leurs alliances\u00bb. Et \u00e0 une question sur l\u2019\u00e9ventualit\u00e9 d\u2019une alliance avec le Parti de l\u2019Istiqlal, Benabdallah a affirm\u00e9 qu\u2019\u00abil s\u2019agit d\u2019un parti cr\u00e9dible pour le PPS\u00bb.<\/p>\n<p class=\"c6\"><strong>Mohamed Khalil<\/strong><\/p>\n<p>Auteur: M&rsquo;hammed rahal<br \/>\n<a href=\"http:\/\/albayane.press.ma\/nabil-benabdallah-invite-de-linfo-en-face-sur-lematin-ma.html\">Cliquez ici pour lire l&rsquo;article depuis sa source.<\/a><\/p>\n","protected":false},"excerpt":{"rendered":"<p>\u00abC\u2019est la place m\u00eame du politique qui doit \u00eatre repens\u00e9e\u00bb Le Secr\u00e9taire g\u00e9n\u00e9ral du Parti du progr\u00e8s et du socialisme (PPS) a fait sa rentr\u00e9e politique, en choisissant l\u2019\u00e9mission \u00abL\u2019info en face\u00bb diffus\u00e9e sur le site Lematin.ma et anim\u00e9e par Rachid Hallaouy. Mohamed Nabil Benabdallah a r\u00e9pondu, tout au long de cet entretien de plus [&hellip;]<\/p>\n","protected":false},"author":1760,"featured_media":0,"comment_status":"closed","ping_status":"closed","sticky":false,"template":"","format":"standard","meta":{"fifu_image_url":"","fifu_image_alt":"","footnotes":""},"categories":[73,54],"tags":[],"class_list":["post-60067","post","type-post","status-publish","format-standard","hentry","category-actualite","category-maroc"],"_links":{"self":[{"href":"https:\/\/linitiative.ca\/International\/wp-json\/wp\/v2\/posts\/60067","targetHints":{"allow":["GET"]}}],"collection":[{"href":"https:\/\/linitiative.ca\/International\/wp-json\/wp\/v2\/posts"}],"about":[{"href":"https:\/\/linitiative.ca\/International\/wp-json\/wp\/v2\/types\/post"}],"author":[{"embeddable":true,"href":"https:\/\/linitiative.ca\/International\/wp-json\/wp\/v2\/users\/1760"}],"replies":[{"embeddable":true,"href":"https:\/\/linitiative.ca\/International\/wp-json\/wp\/v2\/comments?post=60067"}],"version-history":[{"count":0,"href":"https:\/\/linitiative.ca\/International\/wp-json\/wp\/v2\/posts\/60067\/revisions"}],"wp:attachment":[{"href":"https:\/\/linitiative.ca\/International\/wp-json\/wp\/v2\/media?parent=60067"}],"wp:term":[{"taxonomy":"category","embeddable":true,"href":"https:\/\/linitiative.ca\/International\/wp-json\/wp\/v2\/categories?post=60067"},{"taxonomy":"post_tag","embeddable":true,"href":"https:\/\/linitiative.ca\/International\/wp-json\/wp\/v2\/tags?post=60067"}],"curies":[{"name":"wp","href":"https:\/\/api.w.org\/{rel}","templated":true}]}}