{"id":60068,"date":"2019-09-04T07:15:07","date_gmt":"2019-09-04T11:15:07","guid":{"rendered":"https:\/\/linitiative.ca\/International\/sante-medias-doukkali-et-ammoura-tournent-la-page\/"},"modified":"2019-09-04T07:15:07","modified_gmt":"2019-09-04T11:15:07","slug":"sante-medias-doukkali-et-ammoura-tournent-la-page","status":"publish","type":"post","link":"https:\/\/linitiative.ca\/International\/sante-medias-doukkali-et-ammoura-tournent-la-page\/","title":{"rendered":"Sant\u00e9-M\u00e9dias: Doukkali et Ammoura tournent la page"},"content":{"rendered":"<p class=\"c4\"><span class=\"c3\"><strong><span class=\"c2\">A<\/span>fin de dissiper les mauvaises interpr\u00e9tations et les pol\u00e9miques suscit\u00e9es apr\u00e8s la diffusion de l\u2019\u00e9mission \u00abHdi Rask\u00bb, (fais attention \u00e0 toi), r\u00e9serv\u00e9e \u00e0 \u00abla trahison m\u00e9dicale\u00bb sur les ondes de la radio nationale, une r\u00e9union s\u2019est tenue lundi entre le ministre de la Sant\u00e9, Anas Doukkali, le journaliste Mohamed Ammoura et le doyen des journalistes, Abdellah Bakkali.<\/strong><\/span><\/p>\n<p class=\"c4\">Cette rencontre, initi\u00e9e par le ministre, s\u2019est d\u00e9roul\u00e9e dans une ambiance sereine et constructive. Le ministre a fait savoir que la sous-estimation provoqu\u00e9e par la gestion de cette affaire ne pourrait \u00eatre expliqu\u00e9e par une atteinte \u00e0 l\u2019action m\u00e9diatique professionnelle \u00e0 l\u2019instar du travail de la radio nationale et des autres m\u00e9dias professionnels.<\/p>\n<p class=\"c4\">Mais, le ministre a insist\u00e9, par la volont\u00e9 de son d\u00e9partement \u00e0 ne pas \u00e9branler la confiance des citoyens dans le m\u00e9decin et la m\u00e9decine qui n\u2019est pas uniquement une profession, mais une science et une pratique r\u00e9gie par une d\u00e9ontologie et une \u00e9thique, tout en saluant le professionnalisme du journaliste, Mohamed Ammoura et son sens de responsabilit\u00e9.<\/p>\n<p class=\"c4\">Dans ce sillage, le ministre a indiqu\u00e9 que le secteur de la sant\u00e9, comme plusieurs autres domaines, est \u00e9maill\u00e9 de dysfonctionnements que son d\u00e9partement tient \u00e0 r\u00e9gler, notamment via l\u2019action de l\u2019inspection de la Sant\u00e9 au niveau r\u00e9gional et \u00e0 l\u2019\u00e9chelle centrale. Dans ce chantier, comme dans d\u2019autres, le minist\u00e8re compte sur un partenariat solide avec les m\u00e9dias sur lesquels son d\u00e9partement reste ouvert. A la suite de cette rencontre, le ministre a fait savoir que la question de transf\u00e9rer l\u2019affaire devant la HACA (Haute autorit\u00e9 de la communication audiovisuelle) est d\u00e9pass\u00e9e.<\/p>\n<p class=\"c4\">Car, cette rencontre d\u00e9note de la relation s\u00e9rieuse et responsable que les deux parties tiennent \u00e0 instaurer. Chose qui ne pourrait \u00eatre concr\u00e9tis\u00e9e sans l\u2019amabilit\u00e9 et le sens de responsabilit\u00e9 r\u00e9serv\u00e9s \u00e0 l\u2019initiative du ministre par le journaliste et le syndicat national de la presse marocaine, en la personne de son pr\u00e9sident, Abdellah Bakkali.<\/p>\n<p class=\"c4\">Par ailleurs, le pr\u00e9sident du SNPM a salu\u00e9 l\u2019initiative du ministre, pr\u00e9cisant que l\u2019\u00e9mission ayant suscit\u00e9 tant de pol\u00e9mique a r\u00e9alis\u00e9 ses objectifs en braquant les projecteurs sur les dysfonctionnements dans le domaine m\u00e9dical, soulignant que le journaliste, Mohamed Ammoura a fait son travail dans les r\u00e8gles de l\u2019art.<\/p>\n<p class=\"c4\">Pour sa part, le journaliste, Mohamed Ammoura a salu\u00e9 cette initiative motiv\u00e9e par un courage politique, pr\u00e9cisant que l\u2019\u00e9mission se d\u00e9roule dans le strict respect de la d\u00e9ontologie et de l\u2019\u00e9thique professionnelle, sans aucune intention de nuire au secteur de la sant\u00e9 o\u00f9 il y a de nombreux professionnels int\u00e8gres et comp\u00e9tents, mais aussi des corrompus qui ternissent la bonne image des m\u00e9decins int\u00e8gres. La rencontre a \u00e9t\u00e9 sanctionn\u00e9e par la d\u00e9cision d\u2019aller de l\u2019avant en vue de renforcer les canaux de coop\u00e9ration entre le minist\u00e8re et les m\u00e9dias surtout en mati\u00e8re de pr\u00e9vention et de sensibilisation.<\/p>\n<p>Auteur: M&rsquo;hammed rahal<br \/>\n<a href=\"http:\/\/albayane.press.ma\/sante-medias-doukkali-et-ammoura-tournent-la-page.html\">Cliquez ici pour lire l&rsquo;article depuis sa source.<\/a><\/p>\n","protected":false},"excerpt":{"rendered":"<p>Afin de dissiper les mauvaises interpr\u00e9tations et les pol\u00e9miques suscit\u00e9es apr\u00e8s la diffusion de l\u2019\u00e9mission \u00abHdi Rask\u00bb, (fais attention \u00e0 toi), r\u00e9serv\u00e9e \u00e0 \u00abla trahison m\u00e9dicale\u00bb sur les ondes de la radio nationale, une r\u00e9union s\u2019est tenue lundi entre le ministre de la Sant\u00e9, Anas Doukkali, le journaliste Mohamed Ammoura et le doyen des journalistes, [&hellip;]<\/p>\n","protected":false},"author":1760,"featured_media":0,"comment_status":"closed","ping_status":"closed","sticky":false,"template":"","format":"standard","meta":{"fifu_image_url":"","fifu_image_alt":"","footnotes":""},"categories":[73,54],"tags":[],"class_list":["post-60068","post","type-post","status-publish","format-standard","hentry","category-actualite","category-maroc"],"_links":{"self":[{"href":"https:\/\/linitiative.ca\/International\/wp-json\/wp\/v2\/posts\/60068","targetHints":{"allow":["GET"]}}],"collection":[{"href":"https:\/\/linitiative.ca\/International\/wp-json\/wp\/v2\/posts"}],"about":[{"href":"https:\/\/linitiative.ca\/International\/wp-json\/wp\/v2\/types\/post"}],"author":[{"embeddable":true,"href":"https:\/\/linitiative.ca\/International\/wp-json\/wp\/v2\/users\/1760"}],"replies":[{"embeddable":true,"href":"https:\/\/linitiative.ca\/International\/wp-json\/wp\/v2\/comments?post=60068"}],"version-history":[{"count":0,"href":"https:\/\/linitiative.ca\/International\/wp-json\/wp\/v2\/posts\/60068\/revisions"}],"wp:attachment":[{"href":"https:\/\/linitiative.ca\/International\/wp-json\/wp\/v2\/media?parent=60068"}],"wp:term":[{"taxonomy":"category","embeddable":true,"href":"https:\/\/linitiative.ca\/International\/wp-json\/wp\/v2\/categories?post=60068"},{"taxonomy":"post_tag","embeddable":true,"href":"https:\/\/linitiative.ca\/International\/wp-json\/wp\/v2\/tags?post=60068"}],"curies":[{"name":"wp","href":"https:\/\/api.w.org\/{rel}","templated":true}]}}