{"id":60069,"date":"2019-09-04T07:20:20","date_gmt":"2019-09-04T11:20:20","guid":{"rendered":"https:\/\/linitiative.ca\/International\/rentree-scolaire-certains-manuels-absents-des-rayons-des-librairies\/"},"modified":"2019-09-04T07:20:20","modified_gmt":"2019-09-04T11:20:20","slug":"rentree-scolaire-certains-manuels-absents-des-rayons-des-librairies","status":"publish","type":"post","link":"https:\/\/linitiative.ca\/International\/rentree-scolaire-certains-manuels-absents-des-rayons-des-librairies\/","title":{"rendered":"Rentr\u00e9e scolaire: certains manuels absents des rayons des librairies"},"content":{"rendered":"<div>\n<p style=\"text-align: justify;\"><span style=\"color: #800000;\"><strong><span style=\"color: #ff0000;\">C\u2019<\/span>est ce jeudi 5 septembre, que les \u00e9l\u00e8ves reprennent le chemin de l\u2019\u00e9cole dans le public et le priv\u00e9. Mais \u00e0 JJ-1 de la rentr\u00e9e scolaire, la question des manuels et fournitures scolaires se pose avec acuit\u00e9. En cause\u00a0: certains manuels scolaires ne figurent toujours pas dans les rayons des librairies. Une situation que d\u00e9noncent les parents d\u2019\u00e9l\u00e8ves, alors que leurs prog\u00e9nitures reprennent la route de l\u2019\u00e9cole ce jeudi.<\/strong><\/span><\/p>\n<p style=\"text-align: justify;\">Jusqu\u2019\u00e0 ce mercredi, plusieurs manuels scolaires \u00e9taient toujours aux abonn\u00e9s absents dans les librairies. Il s\u2019agit principalement des manuels des 3<sup>e<\/sup> et 4<sup>e<\/sup> ann\u00e9es primaire ayant \u00e9t\u00e9 chang\u00e9s cette ann\u00e9e par le minist\u00e8re de l\u2019\u00e9ducation et \u00e0 l\u2019origine d\u2019une bisbille entre les libraires du royaume et le minist\u00e8re de tutelle, rel\u00e8ve Mohamed Berni, pr\u00e9sident de l\u2019Association marocaine des libraires (AML). Selon le pr\u00e9sident du Conseil national des libraires au Maroc, Mustapha Fathi, il s\u2019agirait de plus de 20 manuels. A en croire le pr\u00e9sident de l\u2019AML, il faudra attendre 15 jours apr\u00e8s la rentr\u00e9e, pour voir ces manuels figurer dans les rayons des librairies.<\/p>\n<p style=\"text-align: justify;\">A l\u2019origine de cette indisponibilit\u00e9 des manuels scolaires dans les librairies, l\u2019ire des libraires \u00e0 la suite de la d\u00e9cision du minist\u00e8re de tutelle de changer les manuels des 3<sup>e<\/sup> et 4<sup>e<\/sup> ann\u00e9es primaires cette ann\u00e9e. Un changement qui n\u2019avait pas \u00e9t\u00e9 du go\u00fbt des libraires, qui tiraient \u00e0 boulet rouge sur une d\u00e9cision qu\u2019il jugeait avoir \u00e9t\u00e9 prise \u00e0 la h\u00e2te, sans concertation et sans tenir compte des libraires et qui appelaient le minist\u00e8re \u00e0 repousser les changements dans les manuels scolaires pour l\u2019ann\u00e9e scolaire prochaine. Le temps pour eux d\u2019\u00e9couler leurs stocks et limiter les d\u00e9g\u00e2ts. Apr\u00e8s leurs revendications et gr\u00e8ves en juin dernier et le silence du minist\u00e8re de tutelle, ils auraient \u00e9t\u00e9 plong\u00e9s dans l\u2019incertitude, ne sachant pas s\u2019ils devaient passer ou pas les commandes de ces manuels scolaires. Ce n\u2019est qu\u2019\u00e0 la derni\u00e8re minute, que le minist\u00e8re aurait confirm\u00e9 lesdits changements.<\/p>\n<p style=\"text-align: justify;\">Si aujourd\u2019hui, les librairies ne peuvent satisfaire la demande en certains manuels scolaires, la solution se trouverait u c\u00f4t\u00e9 de certains \u00e9tablissements scolaires priv\u00e9s qui sont depuis des ann\u00e9es, de v\u00e9ritables concurrents pour les libraires. Plusieurs \u00e9tablissements disposeraient desdits manuels dont peuvent se procurer les \u00e9l\u00e8ves, rapportent certains libraires.<\/p>\n<p style=\"text-align: justify;\">D\u2019ailleurs, certains libraires d\u00e9noncent une entente secr\u00e8te entre les imprimeurs et maisons d\u2019\u00e9dition et les \u00e9coles autour de la vente de ces nouveaux manuels pour faire envoler les prix. Les grands perdants de cette situation ne sont autres que les parents. Face \u00e0 cette raret\u00e9 des manuels scolaires, les libraires qui parviennent \u00e0 s\u2019en procurer doublent eux aussi les prix allant jusqu\u2019\u00e0 350 dirhams. Pour l\u2019heure, les libraires, qui se sentent l\u00e9s\u00e9s, craignent que les \u00e9tablissements priv\u00e9s ne s\u2019accaparent l\u2019approvisionnement de ces manuels. Ils appellent le minist\u00e8re de tutelle \u00e0 faire pression sur les imprimeurs et maisons d\u2019\u00e9dition pour disposer desdits manuels.<\/p>\n<p style=\"text-align: justify;\">En plus des manuels scolaires, les parents se retrouvent souvent confront\u00e9s \u00e0 l\u2019indisponibilit\u00e9 de certaines fournitures scolaires dans les librairies, comme le souligne un p\u00e8re de 3 enfants. \u00abParfois \u00e0 l\u2019\u00e9cole, dans la liste des fournitures scolaires, on demande par exemple un cahier de 150 pages et pourtant, sur le march\u00e9 il n\u2019y en a pas. Il n\u2019y a que des cahiers de 100 et 200 pages\u00bb, explique-t-il. Face \u00e0 cette situation, explique-t-il, on assiste de plus en plus \u00e0 la mutualisation des parents d\u2019\u00e9l\u00e8ves. \u00abParfois, plusieurs parents d\u2019\u00e9l\u00e8ves d\u2019une m\u00eame classe se rassemblent et contactent tous un m\u00eame fournisseur qui peut leur donner les fournitures dont ils ont besoin pour leurs enfants\u00bb, ajoute-t-il.<\/p>\n<p style=\"text-align: justify;\">Aujourd\u2019hui, le march\u00e9 des fournitures scolaires n\u2019est plus l\u2019apanage des librairies. D\u00e9sormais, les grandes surfaces, les \u00e9piceries, les vendeurs ambulants\u2026 sont dans la course et se livrent une bataille acharn\u00e9e pour satisfaire la demande en fournitures et manuels scolaires, au grand d\u00e9sarroi des libraires dont 80% du chiffre d\u2019affaires \u00e9tait r\u00e9alis\u00e9 en cette p\u00e9riode.<\/p>\n<p style=\"text-align: right;\"><strong>Danielle Engolo<\/strong><\/p>\n<p>L\u2019article <a rel=\"nofollow\" href=\"http:\/\/albayane.press.ma\/rentree-scolaire-certains-manuels-absents-des-rayons-des-librairies.html\">Rentr\u00e9e scolaire: certains manuels absents des rayons des librairies<\/a> est apparu en premier sur <a rel=\"nofollow\" href=\"http:\/\/albayane.press.ma\/\">ALBAYANE<\/a>.<\/p>\n<\/div>\n<p>Auteur: M&rsquo;hammed rahal<br \/>\n<a href=\"http:\/\/albayane.press.ma\/rentree-scolaire-certains-manuels-absents-des-rayons-des-librairies.html\">Cliquez ici pour lire l&rsquo;article depuis sa source.<\/a><\/p>\n","protected":false},"excerpt":{"rendered":"<p>C\u2019est ce jeudi 5 septembre, que les \u00e9l\u00e8ves reprennent le chemin de l\u2019\u00e9cole dans le public et le priv\u00e9. Mais \u00e0 JJ-1 de la rentr\u00e9e scolaire, la question des manuels et fournitures scolaires se pose avec acuit\u00e9. En cause\u00a0: certains manuels scolaires ne figurent toujours pas dans les rayons des librairies. Une situation que d\u00e9noncent [&hellip;]<\/p>\n","protected":false},"author":1760,"featured_media":0,"comment_status":"closed","ping_status":"closed","sticky":false,"template":"","format":"standard","meta":{"fifu_image_url":"","fifu_image_alt":"","footnotes":""},"categories":[73,54],"tags":[],"class_list":["post-60069","post","type-post","status-publish","format-standard","hentry","category-actualite","category-maroc"],"_links":{"self":[{"href":"https:\/\/linitiative.ca\/International\/wp-json\/wp\/v2\/posts\/60069","targetHints":{"allow":["GET"]}}],"collection":[{"href":"https:\/\/linitiative.ca\/International\/wp-json\/wp\/v2\/posts"}],"about":[{"href":"https:\/\/linitiative.ca\/International\/wp-json\/wp\/v2\/types\/post"}],"author":[{"embeddable":true,"href":"https:\/\/linitiative.ca\/International\/wp-json\/wp\/v2\/users\/1760"}],"replies":[{"embeddable":true,"href":"https:\/\/linitiative.ca\/International\/wp-json\/wp\/v2\/comments?post=60069"}],"version-history":[{"count":0,"href":"https:\/\/linitiative.ca\/International\/wp-json\/wp\/v2\/posts\/60069\/revisions"}],"wp:attachment":[{"href":"https:\/\/linitiative.ca\/International\/wp-json\/wp\/v2\/media?parent=60069"}],"wp:term":[{"taxonomy":"category","embeddable":true,"href":"https:\/\/linitiative.ca\/International\/wp-json\/wp\/v2\/categories?post=60069"},{"taxonomy":"post_tag","embeddable":true,"href":"https:\/\/linitiative.ca\/International\/wp-json\/wp\/v2\/tags?post=60069"}],"curies":[{"name":"wp","href":"https:\/\/api.w.org\/{rel}","templated":true}]}}