{"id":60072,"date":"2019-09-04T13:04:03","date_gmt":"2019-09-04T17:04:03","guid":{"rendered":"https:\/\/linitiative.ca\/International\/lemir-adelkader-lhomme-aux-multiples-facettes\/"},"modified":"2019-09-04T13:04:03","modified_gmt":"2019-09-04T17:04:03","slug":"lemir-adelkader-lhomme-aux-multiples-facettes","status":"publish","type":"post","link":"https:\/\/linitiative.ca\/International\/lemir-adelkader-lhomme-aux-multiples-facettes\/","title":{"rendered":"L\u2019Emir Adelkader: l&rsquo;homme aux multiples facettes"},"content":{"rendered":"<div>\n<div class=\"K2FeedImage\"><img decoding=\"async\" src=\"http:\/\/www.aps.dz\/media\/k2\/items\/cache\/ddee22daf84a6742c28170a7dde15bf8_S.jpg\" alt=\"L\u2019Emir Adelkader: l'homme aux multiples facettes\"><\/div>\n<div class=\"K2FeedIntroText\">\n<p><strong>Alger- Po\u00e8te, mystique, guerrier et pacifiste avant la lettre: ainsi se d\u00e9cline la personnalit\u00e9 de l\u2019Emir Abdelkader, haute figure du XIXe si\u00e8cle. Son parcours exceptionnellement dense, donne de lui l&rsquo;image d&rsquo;un homme hors du commun qui aurait v\u00e9cu plusieurs vies en une.<\/strong><\/p>\n<\/div>\n<div class=\"K2FeedFullText\">\n<p>N\u00e9 le 6 septembre 1808, Abdelkader l\u2019Alg\u00e9rien aura consacr\u00e9 sa vie \u00e0 fa\u00e7onner les \u00e9v\u00e8nements et \u00e0 cultiver l\u2019art d\u2019apprivoiser son destin, jusqu\u2019\u00e0 sa disparition en 1883 \u00e0 Damas. Cette vielle cit\u00e9 qui accueille l&rsquo;Emir dans son exil oriental pour \u00eatre aur\u00e9ol\u00e9 d\u2019autres titres de noblesse, apr\u00e8s celui de chef de guerre incontest\u00e9 sur les champs de bataille face aux arm\u00e9es fran\u00e7aises, au d\u00e9but de l&rsquo;occupation de l&rsquo;Alg\u00e9rie.<\/p>\n<blockquote>\n<p><em><strong>La personnalit\u00e9 de l\u2019Emir est souvent appr\u00e9hend\u00e9e par fragments: le po\u00e8te a occult\u00e9 le mystique pour les uns, le guerrier, le diplomate et l\u2019humaniste, pour les autres. Et dans la m\u00e9moire de tous, il est rest\u00e9 le grand combattant, alors qu&rsquo;Abdelkader poursuivait un r\u00eave plus grand encore que la lib\u00e9ration de sa terre natale.<\/strong><\/em><\/p>\n<\/blockquote>\n<p>Apr\u00e8s une enfance consacr\u00e9e \u00e0 l\u2019\u00e9tude et \u00e0 l\u2019apprentissage du Coran, l\u2019Emir Abdelkader conna\u00eetra, tour \u00e0 tour \u00e0 l&rsquo;\u00e2ge adulte, la vie de guerrier, de fondateur de l\u2019Etat alg\u00e9rien moderne et de captif, avant que son nom ne s\u2019inscrive en lettres d\u2019or dans l\u2019histoire universelle.<\/p>\n<p>\u00a0<\/p>\n<p><strong>\u00a0 \u00a0 \u00a0 \u00a0 \u00a0 \u00a0 \u00a0 \u00a0 \u00a0 \u00a0 \u00a0 \u00a0 \u00a0 \u00a0 \u00a0 \u00a0 \u00a0 \u00a0 \u00a0 \u00a0 \u00a0 \u00a0 \u00a0 \u00a0 \u00a0 \u00a0 \u00a0 \u00a0 \u00a0 \u00a0 \u00a0 \u00a0 \u00a0 \u00a0 \u00a0 \u00a0 \u00a0 \u00a0 \u00a0 \u00a0 \u00a0 \u00a0 \u00a0 \u00a0 \u00a0 \u00a0 \u00a0 \u00a0 \u00a0 \u00a0 \u00a0 \u00a0 \u00a0 \u00a0 \u00a0 \u00a0 \u00a0 \u00a0 \u00a0 \u00a0 \u00a0 \u00a0 \u00a0 \u00a0 =Philosophe en soufisme, soufi en philosophie=<\/strong><\/p>\n<p>\u00a0<\/p>\n<p>En 1958, le monde d\u00e9couvre un Emir philosophe \u00e0 travers la publication de \u00ab\u00a0Rappel \u00e0 l\u2019intelligent, avis \u00e0 l\u2019indiff\u00e9rent\u00a0\u00bb, un manuscrit r\u00e9dig\u00e9 entre 1852 et 1855, lors d\u2019un s\u00e9jour \u00e0 Bursa, en Turquie, et traduit en Fran9ais par Gustave Dugat.<\/p>\n<p>Dans ce livre, l\u2019Emir aborde des questions relevant de disciplines aussi diverses que la philosophie, la religion , l\u2019\u00e9conomie politique ou encore l\u2019ethnologie. Il y atteste que \u00ab\u00a0\u2019L&rsquo;esprit est une de ces quatre qualit\u00e9s dont l\u2019harmonie constitue la perfection de l\u2019homme: la prudence, la justice, le courage et la temp\u00e9rance\u00a0\u00bb.<\/p>\n<hr>\n<p><strong>Lire auss<\/strong>i:<a href=\"http:\/\/www.aps.dz\/algerie\/81332-l-emir-abdelkader-un-precurseur-du-dialogue-interreligieux\"> L&rsquo;Emir Abdelkader, un pr\u00e9curseur du dialogue interreligieux\u00a0<\/a><\/p>\n<hr>\n<p>L\u2019homme, dit-t-il, est citadin de nature, tant il a besoin de s&rsquo;associer et de s\u2019identifier \u00e0 ses semblables. Plus qu&rsquo;un discours, les sp\u00e9cialistes de l\u2019\u0153uvre de l\u2019Emir voient dans cette profession de foi d&rsquo;un seigneur aux origines b\u00e9douines, un v\u00e9ritable manifeste en faveur de l\u2019alt\u00e9rit\u00e9 et du respect de l\u2019Autre dans sa diff\u00e9rence.<\/p>\n<p>Ces valeurs, pour modernes qu\u2019elles soient pour l&rsquo;\u00e9poque, trouvent leur ancrage dans la tradition de la tol\u00e9rance profess\u00e9e par Ibn Arabi, Le Grand Ma\u00eetre du mysticisme musulman et dont l&rsquo;Emir Abdelkader devint une des plus grandes r\u00e9f\u00e9rences au XIXe si\u00e8cle.<\/p>\n<p>\u00ab\u00a0Le livre des haltes\u00a0\u00bb, un ouvrage qui rassemble ses commentaires th\u00e9ologiques et \u00e9sot\u00e9riques achevra d&rsquo;installer l&rsquo;Emir dans la lign\u00e9e d&rsquo;Ibn Arabi, en le r\u00e9v\u00e9lant au monde comme ma\u00eetre spirituel majeur du soufisme contemporain.<\/p>\n<p>\u00a0<\/p>\n<p><strong>\u00a0 \u00a0 \u00a0 \u00a0 \u00a0 \u00a0 \u00a0 \u00a0 \u00a0 \u00a0 \u00a0 \u00a0 \u00a0 \u00a0 \u00a0 \u00a0 \u00a0 \u00a0 \u00a0 \u00a0 \u00a0 \u00a0 \u00a0 \u00a0 \u00a0 \u00a0 \u00a0 \u00a0 \u00a0 \u00a0 \u00a0 \u00a0 \u00a0 \u00a0 \u00a0 \u00a0 \u00a0 \u00a0 \u00a0 \u00a0 \u00a0 \u00a0 \u00a0 \u00a0 \u00a0 \u00a0 \u00a0 \u00a0 \u00a0 \u00a0 \u00a0 \u00a0 \u00a0 \u00a0 \u00a0 \u00a0 \u00a0 \u00a0 \u00a0 \u00a0 \u00a0 \u00a0 = \u00ab\u00a0Prince parmi les saints, saint parmi les princes\u00a0\u00bb=<\/strong><\/p>\n<p>\u00a0<\/p>\n<p>Adeptes et admirateurs, trouveront aussi les traces de l\u2019Emir dans le monde de la po\u00e9sie.<\/p>\n<p>Courtois ou mystiques, ses po\u00e8mes sont d\u2019in\u00e9gale valeur, mais toujours empreints de sagesse. De cette sagesse qui a guid\u00e9 sa po\u00e9sie, sa spiritualit\u00e9, ses id\u00e9es et ses actions, jusqu\u2019\u00e0 sa conduite sur le champ de bataille o\u00f9 l&rsquo;ennemi d\u00e9sarm\u00e9 \u00e9tait trait\u00e9 avec \u00e9gard et humanit\u00e9.<\/p>\n<hr>\n<p><strong>Lire auss<\/strong>i<strong>:<a href=\"http:\/\/www.aps.dz\/culture\/81346-l-emir-abdelkader-restera-un-symbole-de-la-resistance-et-un-homme-de-culture\"> L\u2019\u00e9mir Abdelkader, restera un symbole de la r\u00e9sistance et un homme de culture<\/a><\/strong><\/p>\n<hr>\n<blockquote>\n<p><em><strong>Guerrier intr\u00e9pide face \u00e0 l\u2019occupant fran\u00e7ais et son armada, l&rsquo;Emir r\u00e9dige en plein conflit la \u00ab\u00a0Charte pour la protection des victimes et des prisonniers de guerre \u00ab\u00a0&lsquo;. Encore une conduite de grand seigneur qui lui vaudra d&rsquo;\u00eatre unanimement reconnu comme \u00ab\u00a0pr\u00e9curseur du droit international humanitaire\u00a0\u00bb.<\/strong><\/em><\/p>\n<\/blockquote>\n<p>De son exil damascain, l\u2019Emir s\u2019illustrera par d\u2019autres faits d\u2019arme en sauvant plus d\u2019un millier de chr\u00e9tiens d\u2019un massacre certain dont les ex\u00e9cutants devaient \u00eatre ses propres coreligionnaires.<\/p>\n<p>\u00ab\u00a0Prince parmi les saints et saint parmi les princes\u00a0\u00bb, est l&rsquo;ultime titre d\u00e9cern\u00e9 \u00e0 Abdelkader l\u2019Alg\u00e9rien apr\u00e8s cette action d&rsquo;\u00e9clat salu\u00e9e par les chefs des grandes nations, parmi ses contemporains.<\/p>\n<p>\u00a0<\/p>\n<p>\u00a0<\/p>\n<\/div>\n<\/div>\n<p>Auteur:<br \/>\n<a href=\"http:\/\/www.aps.dz\/culture\/94012-l-emir-adelkader-l-homme-aux-multiples-facettes\">Cliquez ici pour lire l&rsquo;article depuis sa source.<\/a><\/p>\n","protected":false},"excerpt":{"rendered":"<p>Alger- Po\u00e8te, mystique, guerrier et pacifiste avant la lettre: ainsi se d\u00e9cline la personnalit\u00e9 de l\u2019Emir Abdelkader, haute figure du XIXe si\u00e8cle. Son parcours exceptionnellement dense, donne de lui l&rsquo;image d&rsquo;un homme hors du commun qui aurait v\u00e9cu plusieurs vies en une. N\u00e9 le 6 septembre 1808, Abdelkader l\u2019Alg\u00e9rien aura consacr\u00e9 sa vie \u00e0 fa\u00e7onner [&hellip;]<\/p>\n","protected":false},"author":1790,"featured_media":60073,"comment_status":"closed","ping_status":"closed","sticky":false,"template":"","format":"standard","meta":{"fifu_image_url":"","fifu_image_alt":"","footnotes":""},"categories":[53,79],"tags":[],"class_list":["post-60072","post","type-post","status-publish","format-standard","has-post-thumbnail","hentry","category-algerie","category-culture"],"_links":{"self":[{"href":"https:\/\/linitiative.ca\/International\/wp-json\/wp\/v2\/posts\/60072","targetHints":{"allow":["GET"]}}],"collection":[{"href":"https:\/\/linitiative.ca\/International\/wp-json\/wp\/v2\/posts"}],"about":[{"href":"https:\/\/linitiative.ca\/International\/wp-json\/wp\/v2\/types\/post"}],"author":[{"embeddable":true,"href":"https:\/\/linitiative.ca\/International\/wp-json\/wp\/v2\/users\/1790"}],"replies":[{"embeddable":true,"href":"https:\/\/linitiative.ca\/International\/wp-json\/wp\/v2\/comments?post=60072"}],"version-history":[{"count":0,"href":"https:\/\/linitiative.ca\/International\/wp-json\/wp\/v2\/posts\/60072\/revisions"}],"wp:featuredmedia":[{"embeddable":true,"href":"https:\/\/linitiative.ca\/International\/wp-json\/"}],"wp:attachment":[{"href":"https:\/\/linitiative.ca\/International\/wp-json\/wp\/v2\/media?parent=60072"}],"wp:term":[{"taxonomy":"category","embeddable":true,"href":"https:\/\/linitiative.ca\/International\/wp-json\/wp\/v2\/categories?post=60072"},{"taxonomy":"post_tag","embeddable":true,"href":"https:\/\/linitiative.ca\/International\/wp-json\/wp\/v2\/tags?post=60072"}],"curies":[{"name":"wp","href":"https:\/\/api.w.org\/{rel}","templated":true}]}}